{"id":73446,"date":"2015-11-23T18:59:00","date_gmt":"2015-11-23T21:59:00","guid":{"rendered":"http:\/\/aconteceunovale.com.br\/portal\/?p=73446"},"modified":"2015-11-23T18:59:00","modified_gmt":"2015-11-23T21:59:00","slug":"samu-do-triangulo-mineiro-publica-edital-de-selecao-para-505-vagas","status":"publish","type":"post","link":"https:\/\/aconteceunovale.com.br\/portal\/?p=73446","title":{"rendered":"Samu do Tri\u00e2ngulo Mineiro publica edital de sele\u00e7\u00e3o para 505 vagas"},"content":{"rendered":"<p>O Servi\u00e7o de Atendimento M\u00f3vel de Urg\u00eancia (Samu) divulgou no dia 23\/11 o edital de abertura do processo seletivo para contrata\u00e7\u00e3o de funcion\u00e1rios para atuar no servi\u00e7o, que foi publicado no Di\u00e1rio Oficial de Minas Gerais no dia 21\/11. Ser\u00e3o 505 vagas entre condutor socorrista, t\u00e9cnico em enfermagem, enfermeiro, m\u00e9dico, psic\u00f3logos, farmac\u00eautico, auxiliar de farm\u00e1cia e auxiliar administrativo.<\/p>\n<p>A gest\u00e3o do servi\u00e7o e do processo seletivo \u00e9 de responsabilidade do Cons\u00f3rcio P\u00fablico Intermunicipal de Sa\u00fade da Rede de Urg\u00eancia e Emerg\u00eancia da Macrorregi\u00e3o do Tri\u00e2ngulo Norte (CISTRI). O financiamento fica a cargo da Secretaria de Estado de Minas Gerais (SES \u2013 MG), do Minist\u00e9rio da Sa\u00fade e dos 27 munic\u00edpios consorciados da regi\u00e3o de sa\u00fade de Ituiutaba, Patroc\u00ednio\/Monte Carmelo e Uberl\u00e2ndia\/Araguari.<\/p>\n<p>Para o Governo de Minas Gerais, o servi\u00e7o de urg\u00eancia e emerg\u00eancia \u00e9 prioridade, defendeu o Superintendente da Regional de Sa\u00fade de Uberl\u00e2ndia, Almir Fontes. \u201cDesde que assumimos a gest\u00e3o, estamos trabalhando para a implanta\u00e7\u00e3o do Samu. \u00c9 com muito orgulho que, com menos de um ano, conseguimos lan\u00e7ar o edital. \u00c9 fruto, principalmente, do trabalho das gest\u00f5es municipais que fizeram o seu dever de casa\u201d.<\/p>\n<p>Durante o an\u00fancio, o prefeito de Uberl\u00e2ndia e presidente do cons\u00f3rcio CISTRI, Gilmar Machado, explicou que o Samu n\u00e3o se reduz somente a ambul\u00e2ncias e enfatizou o papel da regula\u00e7\u00e3o regional. \u201cS\u00f3 os casos de alta complexidade chegar\u00e3o a Uberl\u00e2ndia. Agora teremos uma distribui\u00e7\u00e3o mais equ\u00e2nime das vagas na regi\u00e3o. Portanto teremos uma melhora de aten\u00e7\u00e3o \u00e0 sa\u00fade\u201d, explicou.<\/p>\n<p>A Central de Regula\u00e7\u00e3o das Urg\u00eancias ter\u00e1 sede na 9\u00aa Regi\u00e3o Integrada de Seguran\u00e7a P\u00fablica (RISP), o local ser\u00e1 reformado e adaptado pelo cons\u00f3rcio, \u201cal\u00e9m do investimento em efetivo e viaturas\u201d, afirmou o coronel Demetrius Martins Rodrigues. A previs\u00e3o \u00e9 que o servi\u00e7o entre em funcionamento ainda no primeiro trimestre de 2016.<\/p>\n<p>Servi\u00e7os: Concurso \u2013 Servi\u00e7o de Atendimento M\u00f3vel de Urg\u00eancia (Samu)<\/p>\n<p>&#8211; N\u00edveis: fundamental, m\u00e9dio, t\u00e9cnico e superior (m\u00e9dicos).<\/p>\n<p>&#8211; Cidades e vagas: Araguari (50), Campina Verde (12), Capin\u00f3polis (12), Centralina (12), Coromandel (12), Estrela do Sul (12), Gurinhat\u00e3 (12), Ira\u00ed de Minas (12), Ituiutaba (50), Monte Alegre de Minas (12), Nova Ponte (12), Patroc\u00ednio (38), Prata (12), Santa Vit\u00f3ria (12), Tupaciguara (12) e Uberl\u00e2ndia 211). Total 505 vagas.<\/p>\n<p>&#8211; Provas: 14 de fevereiro de 2016.<\/p>\n<p>&#8211; Inscri\u00e7\u00f5es: site da UFSJ, entre 14 de dezembro de 2015 e 12 de janeiro de 2016.<\/p>\n","protected":false},"excerpt":{"rendered":"<p>O Servi\u00e7o de Atendimento M\u00f3vel de Urg\u00eancia (Samu) divulgou no dia 23\/11 o edital de abertura do processo seletivo para contrata\u00e7\u00e3o de funcion\u00e1rios para atuar no servi\u00e7o, que foi publicado no Di\u00e1rio Oficial de Minas Gerais no dia 21\/11. Ser\u00e3o 505 vagas entre condutor socorrista, t\u00e9cnico em enfermagem, enfermeiro, m\u00e9dico, psic\u00f3logos, farmac\u00eautico, auxiliar de farm\u00e1cia [&hellip;]<\/p>\n","protected":false},"author":1,"featured_media":58741,"comment_status":"open","ping_status":"closed","sticky":false,"template":"","format":"standard","meta":{"amp_status":"","footnotes":""},"categories":[123],"tags":[1490,12967,24581,1680,67074,67075,67077,1521,45362,1681,1689,203,2381,1520,12261,1489,1552,67076,67079,67078,1553,1550,221],"class_list":["post-73446","post","type-post","status-publish","format-standard","has-post-thumbnail","hentry","category-gerais","tag-araguari","tag-campina-verde","tag-capinopolis","tag-centralina","tag-cistri","tag-concurso-cistri","tag-consorcio-publico-intermunicipal-de-saude-da-rede-de-urgencia-e-emergencia-da-macrorregiao-do-triangulo-norte","tag-coromandel","tag-estrela-do-sul","tag-gurinhata","tag-irai-de-minas","tag-ituiutaba","tag-monte-alegre-de-minas","tag-monte-carmelo","tag-nova-ponte","tag-patrocinio","tag-prata","tag-processo-seletivo-da-cistri","tag-samu-do-triangulo-mineiro-publica-edital-de-selecao-para-505-vagas","tag-samu-publica-edital-de-selecao-para-505-vagas-no-triangulo-mineiro","tag-santa-vitoria","tag-tupaciguara","tag-uberlandia"],"_links":{"self":[{"href":"https:\/\/aconteceunovale.com.br\/portal\/index.php?rest_route=\/wp\/v2\/posts\/73446","targetHints":{"allow":["GET"]}}],"collection":[{"href":"https:\/\/aconteceunovale.com.br\/portal\/index.php?rest_route=\/wp\/v2\/posts"}],"about":[{"href":"https:\/\/aconteceunovale.com.br\/portal\/index.php?rest_route=\/wp\/v2\/types\/post"}],"author":[{"embeddable":true,"href":"https:\/\/aconteceunovale.com.br\/portal\/index.php?rest_route=\/wp\/v2\/users\/1"}],"replies":[{"embeddable":true,"href":"https:\/\/aconteceunovale.com.br\/portal\/index.php?rest_route=%2Fwp%2Fv2%2Fcomments&post=73446"}],"version-history":[{"count":0,"href":"https:\/\/aconteceunovale.com.br\/portal\/index.php?rest_route=\/wp\/v2\/posts\/73446\/revisions"}],"wp:featuredmedia":[{"embeddable":true,"href":"https:\/\/aconteceunovale.com.br\/portal\/index.php?rest_route=\/wp\/v2\/media\/58741"}],"wp:attachment":[{"href":"https:\/\/aconteceunovale.com.br\/portal\/index.php?rest_route=%2Fwp%2Fv2%2Fmedia&parent=73446"}],"wp:term":[{"taxonomy":"category","embeddable":true,"href":"https:\/\/aconteceunovale.com.br\/portal\/index.php?rest_route=%2Fwp%2Fv2%2Fcategories&post=73446"},{"taxonomy":"post_tag","embeddable":true,"href":"https:\/\/aconteceunovale.com.br\/portal\/index.php?rest_route=%2Fwp%2Fv2%2Ftags&post=73446"}],"curies":[{"name":"wp","href":"https:\/\/api.w.org\/{rel}","templated":true}]}}