{"id":73443,"date":"2015-11-23T18:39:01","date_gmt":"2015-11-23T21:39:01","guid":{"rendered":"http:\/\/aconteceunovale.com.br\/portal\/?p=73443"},"modified":"2015-11-23T18:39:01","modified_gmt":"2015-11-23T21:39:01","slug":"quatro-pessoas-ficam-feridas-apos-capotamento-de-veiculo-na-zona-rural-de-montes-claros","status":"publish","type":"post","link":"https:\/\/aconteceunovale.com.br\/portal\/?p=73443","title":{"rendered":"Quatro pessoas ficam feridas ap\u00f3s capotamento de ve\u00edculo na zona rural de Montes Claros"},"content":{"rendered":"<p>Quatro pessoas ficaram feridas em um acidente nesse domingo, 22 de novembro, em uma estrada que d\u00e1 acesso a Comunidade de Morro Vermelho, em Montes Claros. Elas foram socorridas por equipes do Corpo de Bombeiros e do Samu.<\/p>\n<p>Segundo as informa\u00e7\u00f5es dos Bombeiros, elas estavam em um carro, que capotou. As causas do acidente s\u00e3o desconhecidas. As v\u00edtimas tiveram ferimentos leves e foram encaminhadas para dois hospitais da cidade.<\/p>\n<p><img decoding=\"async\" src=\"http:\/\/aconteceunovale.com.br\/portal\/wp-content\/uploads\/2015\/11\/acidente_moc.jpg\" alt=\"\" \/><em>V\u00edtimas estavam no mesmo carro (Foto: Divulga\u00e7\u00e3o \/ Corpo de Bombeiros)<\/em><br \/>\n<\/br><\/p>\n<p><em>(Fonte: G1 Grande Minas)<\/em><\/p>\n","protected":false},"excerpt":{"rendered":"<p>Quatro pessoas ficaram feridas em um acidente nesse domingo, 22 de novembro, em uma estrada que d\u00e1 acesso a Comunidade de Morro Vermelho, em Montes Claros. Elas foram socorridas por equipes do Corpo de Bombeiros e do Samu. Segundo as informa\u00e7\u00f5es dos Bombeiros, elas estavam em um carro, que capotou. As causas do acidente s\u00e3o [&hellip;]<\/p>\n","protected":false},"author":1,"featured_media":73444,"comment_status":"open","ping_status":"closed","sticky":false,"template":"","format":"standard","meta":{"amp_status":"","footnotes":""},"categories":[1236],"tags":[16673,67073,210,67072],"class_list":["post-73443","post","type-post","status-publish","format-standard","has-post-thumbnail","hentry","category-norte_de_minas","tag-acidente-em-montes-claros","tag-capotamento-em-montes-claros","tag-montes-claros","tag-quatro-pessoas-ficam-feridas-apos-capotamento-de-veiculo-na-zona-rural-de-montes-claros"],"_links":{"self":[{"href":"https:\/\/aconteceunovale.com.br\/portal\/index.php?rest_route=\/wp\/v2\/posts\/73443","targetHints":{"allow":["GET"]}}],"collection":[{"href":"https:\/\/aconteceunovale.com.br\/portal\/index.php?rest_route=\/wp\/v2\/posts"}],"about":[{"href":"https:\/\/aconteceunovale.com.br\/portal\/index.php?rest_route=\/wp\/v2\/types\/post"}],"author":[{"embeddable":true,"href":"https:\/\/aconteceunovale.com.br\/portal\/index.php?rest_route=\/wp\/v2\/users\/1"}],"replies":[{"embeddable":true,"href":"https:\/\/aconteceunovale.com.br\/portal\/index.php?rest_route=%2Fwp%2Fv2%2Fcomments&post=73443"}],"version-history":[{"count":0,"href":"https:\/\/aconteceunovale.com.br\/portal\/index.php?rest_route=\/wp\/v2\/posts\/73443\/revisions"}],"wp:featuredmedia":[{"embeddable":true,"href":"https:\/\/aconteceunovale.com.br\/portal\/index.php?rest_route=\/wp\/v2\/media\/73444"}],"wp:attachment":[{"href":"https:\/\/aconteceunovale.com.br\/portal\/index.php?rest_route=%2Fwp%2Fv2%2Fmedia&parent=73443"}],"wp:term":[{"taxonomy":"category","embeddable":true,"href":"https:\/\/aconteceunovale.com.br\/portal\/index.php?rest_route=%2Fwp%2Fv2%2Fcategories&post=73443"},{"taxonomy":"post_tag","embeddable":true,"href":"https:\/\/aconteceunovale.com.br\/portal\/index.php?rest_route=%2Fwp%2Fv2%2Ftags&post=73443"}],"curies":[{"name":"wp","href":"https:\/\/api.w.org\/{rel}","templated":true}]}}