{"id":73200,"date":"2015-11-18T18:01:31","date_gmt":"2015-11-18T21:01:31","guid":{"rendered":"http:\/\/aconteceunovale.com.br\/portal\/?p=73200"},"modified":"2015-11-18T23:21:09","modified_gmt":"2015-11-19T02:21:09","slug":"acidente-entre-caminhao-e-onibus-deixa-14-feridos-em-diamantina","status":"publish","type":"post","link":"https:\/\/aconteceunovale.com.br\/portal\/?p=73200","title":{"rendered":"Acidente entre caminh\u00e3o e \u00f4nibus deixa 14 feridos na regi\u00e3o de Diamantina"},"content":{"rendered":"<p>Um caminh\u00e3o e um \u00f4nibus da via\u00e7\u00e3o P\u00e1ssaro Verde se envolveram em um acidente na manh\u00e3 desta quarta-feira, 18 de novembro, na Serra Para\u00fana, pr\u00f3ximo a Diamantina, no Vale do Jequitinhonha. Quatorze pessoas que estavam no ve\u00edculo coletivo, que saiu de Belo Horizonte e seguia para Minas Novas, ficaram feridas.<\/p>\n<p>De acordo com informa\u00e7\u00f5es, o \u00f4nibus foi atingido na lateral por um caminh\u00e3o, que invadiu a contram\u00e3o de dire\u00e7\u00e3o ao tentar ultrapassar outro ve\u00edculo de carga. Com a colis\u00e3o, o ve\u00edculo coletivo tombou e foi parar \u00e0s margens da BR-259, na altura do quil\u00f4metro 492.<\/p>\n<p>Mais de vinte pessoas estavam no \u00f4nibus no momento do acidente. Os feridos foram socorridos por equipes do Corpo de Bombeiros e do Samu e encaminhadas para atendimento m\u00e9dico em hospitais da regi\u00e3o.<\/p>\n<p><img decoding=\"async\" src=\"http:\/\/aconteceunovale.com.br\/portal\/wp-content\/uploads\/2015\/11\/acidente_bus_passaro_verde_dtna_5.jpg\" alt=\"\" \/><\/p>\n<p><img decoding=\"async\" src=\"http:\/\/aconteceunovale.com.br\/portal\/wp-content\/uploads\/2015\/11\/acidente_bus_passaro_verde_dtna_2.jpg\" alt=\"\" \/><\/p>\n<p><img decoding=\"async\" src=\"http:\/\/aconteceunovale.com.br\/portal\/wp-content\/uploads\/2015\/11\/acidente_bus_passaro_verde_dtna_6.jpg\" alt=\"\" \/><\/p>\n<p><img decoding=\"async\" src=\"http:\/\/aconteceunovale.com.br\/portal\/wp-content\/uploads\/2015\/11\/acidente_bus_passaro_verde_dtna_7.jpg\" alt=\"\" \/><em>Acidente aconteceu no munic\u00edpio de Diamantina &#8211; Fotos: Internauta\/ WhatsApp<\/em><\/p>\n","protected":false},"excerpt":{"rendered":"<p>Um caminh\u00e3o e um \u00f4nibus da via\u00e7\u00e3o P\u00e1ssaro Verde se envolveram em um acidente na manh\u00e3 desta quarta-feira, 18 de novembro, na Serra Para\u00fana, pr\u00f3ximo a Diamantina, no Vale do Jequitinhonha. Quatorze pessoas que estavam no ve\u00edculo coletivo, que saiu de Belo Horizonte e seguia para Minas Novas, ficaram feridas. De acordo com informa\u00e7\u00f5es, o [&hellip;]<\/p>\n","protected":false},"author":1,"featured_media":73202,"comment_status":"open","ping_status":"closed","sticky":false,"template":"","format":"standard","meta":{"amp_status":"","footnotes":""},"categories":[120],"tags":[66649,66650,6805,66648,66719,66651,66654,66653,66652,198],"class_list":["post-73200","post","type-post","status-publish","format-standard","has-post-thumbnail","hentry","category-jequi","tag-acidente-com-onibus-da-passaro-verde","tag-acidente-com-onibus-da-passaro-verde-em-diamantina","tag-acidente-em-diamantina","tag-acidente-entre-caminhao-e-onibus-deixa-14-feridos-em-diamantina","tag-acidente-entre-caminhao-e-onibus-deixa-14-feridos-na-regiao-de-diamantina","tag-acidente-entre-onibus-e-caminhao-em-diamantina","tag-acidente-na-serra-parauna","tag-acidente-na-serra-parauna-em-diamantina","tag-batida-entre-caminhao-e-onibus-em-diamantina","tag-diamantina"],"_links":{"self":[{"href":"https:\/\/aconteceunovale.com.br\/portal\/index.php?rest_route=\/wp\/v2\/posts\/73200","targetHints":{"allow":["GET"]}}],"collection":[{"href":"https:\/\/aconteceunovale.com.br\/portal\/index.php?rest_route=\/wp\/v2\/posts"}],"about":[{"href":"https:\/\/aconteceunovale.com.br\/portal\/index.php?rest_route=\/wp\/v2\/types\/post"}],"author":[{"embeddable":true,"href":"https:\/\/aconteceunovale.com.br\/portal\/index.php?rest_route=\/wp\/v2\/users\/1"}],"replies":[{"embeddable":true,"href":"https:\/\/aconteceunovale.com.br\/portal\/index.php?rest_route=%2Fwp%2Fv2%2Fcomments&post=73200"}],"version-history":[{"count":0,"href":"https:\/\/aconteceunovale.com.br\/portal\/index.php?rest_route=\/wp\/v2\/posts\/73200\/revisions"}],"wp:featuredmedia":[{"embeddable":true,"href":"https:\/\/aconteceunovale.com.br\/portal\/index.php?rest_route=\/wp\/v2\/media\/73202"}],"wp:attachment":[{"href":"https:\/\/aconteceunovale.com.br\/portal\/index.php?rest_route=%2Fwp%2Fv2%2Fmedia&parent=73200"}],"wp:term":[{"taxonomy":"category","embeddable":true,"href":"https:\/\/aconteceunovale.com.br\/portal\/index.php?rest_route=%2Fwp%2Fv2%2Fcategories&post=73200"},{"taxonomy":"post_tag","embeddable":true,"href":"https:\/\/aconteceunovale.com.br\/portal\/index.php?rest_route=%2Fwp%2Fv2%2Ftags&post=73200"}],"curies":[{"name":"wp","href":"https:\/\/api.w.org\/{rel}","templated":true}]}}