{"id":73196,"date":"2015-11-18T17:28:40","date_gmt":"2015-11-18T20:28:40","guid":{"rendered":"http:\/\/aconteceunovale.com.br\/portal\/?p=73196"},"modified":"2015-11-18T17:28:40","modified_gmt":"2015-11-18T20:28:40","slug":"turmalinense-mateus-alves-vai-vestir-a-camisa-do-guarani","status":"publish","type":"post","link":"https:\/\/aconteceunovale.com.br\/portal\/?p=73196","title":{"rendered":"Turmalinense Mateus Alves vai vestir a camisa do Guarani"},"content":{"rendered":"<p>O novo zagueiro do Guarani chegou com discurso de quem assume a responsabilidade de liderar o elenco rumo ao sonhado acesso \u00e0 elite do Campeonato Paulista. Experiente e com passagens por Cruzeiro, Portuguesa, Figueirense e Sport, Mateus Alves se apresentou nesta ter\u00e7a-feira (17\/11) ao Brinco de Ouro disposto a se entregar ao projeto montado pelo clube. Seu nome teve aprova\u00e7\u00e3o de Pintado, que foi bastante elogiado pelo jogador.<\/p>\n<p>Mateus Alves enxerga no atual treinador do Bugre um exemplo de carreira bem sucedida no futebol. Antes de ser t\u00e9cnico, Pintado foi campe\u00e3o da Libertadores e do mundo pelo S\u00e3o Paulo no in\u00edcio da d\u00e9cada de 1990. Agora, tenta recolocar o clube na primeira divis\u00e3o do Campeonato Paulista. O zagueiro, aos 31 anos, espera colaborar para que o objetivo seja alcan\u00e7ado. \u201cSou zagueiro, canhoto. Vim para c\u00e1 com intuito de ajudar o clube e se Deus quiser colocar o Guarani na primeira divis\u00e3o, que \u00e9 o mais importante. Jogo pelo lado esquerdo,tenho uma bola parada boa, gosto de bater faltas, mas vou me aprimorar no dia a dia para ajudar cada vez mais o Guarani\u201d, diz Mateus em entrevista para o Globo Esporte. Abaixo, alguns trechos da entrevista concedida pelo zagueiro turmalinense.<\/p>\n<p><img decoding=\"async\" src=\"http:\/\/aconteceunovale.com.br\/portal\/wp-content\/uploads\/2015\/11\/mateus_turmalina.jpg\" alt=\"\" \/><em>Mateus Alves recebe a camisa do Guarani das m\u00e3os de dirigente (Foto: Rodrigo Villalba \/ Memory Press)<\/em><br \/>\n<\/br><\/p>\n<p><strong>PRESS\u00c3O<\/strong><\/p>\n<p>Dei uma rodada em times grandes, times m\u00e9dios. Vim para c\u00e1 com muita humildade. Sei da cobran\u00e7a, e tem que ter (cobran\u00e7a) mesmo. Onde n\u00e3o h\u00e1 cobran\u00e7a, n\u00e3o h\u00e1 resultado. Torcedor pode esperar muita vontade e muita determina\u00e7\u00e3o. Se Deus quiser, vamos colocar o Guarani na primeira divis\u00e3o, que \u00e9 o lugar que n\u00e3o deveria ter sa\u00eddo.<\/p>\n<p><strong>PREPARA\u00c7\u00c3O<\/strong><\/p>\n<p>\u00c9 de extrema import\u00e2ncia, a gente tem que trabalhar, e muito. Tem gente se conhecendo, alguns refor\u00e7os que v\u00e3o chegar ainda para deixar o elenco mais forte. O tempo passa muito r\u00e1pido. Temos que trabalhar bastante para deixar o clube em \u00f3timas condi\u00e7\u00f5es para a estreia.<\/p>\n<p><strong>OFERTA<\/strong><\/p>\n<p>Pintado me ligou, explicou tudo de forma bem transparente. \u00c9 um cara correto. Sei da grandeza do Guarani e espero, juntamente com todos, conseguir esse acesso, que \u00e9 o mais importante. Tive propostas de Minas, Santa Catarina e Rio Grande do Sul, e o Guarani foi r\u00e1pido. Pintado \u00e9 um cara vitorioso, n\u00e3o preciso falar dele. O clube era para estar na primeira divis\u00e3o do Paulista e do Brasileiro. Espero ter bastante sucesso.<\/p>\n<p><strong>ELENCO<\/strong><\/p>\n<p>Tem alguns jogadores que joguei contra, como o Fumagalli. Tem outros que joguei contra e estou tentando lembrar do nome, mas nunca trabalhei junto. Professor \u00e9 um cara muito correto, transparente, foi vencedor como jogador e est\u00e1 iniciando como treinador. Tive um pequeno trabalho com ele no Am\u00e9rica, mas foi muito pouco. Todo mundo est\u00e1 bastante focado, se Deus quiser 2016 vai ser um ano de bastante alegria ao Guarani.<\/p>\n<p><strong>VANTAGEM<\/strong><\/p>\n<p>Jogo pelo lado esquerdo, sei a briga que vai ser, mas quero jogar. Estava correndo e trabalhando em casa. Quero fazer um ano espetacular, juntamente com todos aqui. A briga vai ser muito dif\u00edcil. Vim aqui, quero jogar e vou dar meu melhor para conseguir meus objetivos. Tenho experi\u00eancia no futebol, me cobro bastante, ajudo os mais novos. Quero ser refer\u00eancia aqui, dentro e fora de campo. <\/p>\n","protected":false},"excerpt":{"rendered":"<p>O novo zagueiro do Guarani chegou com discurso de quem assume a responsabilidade de liderar o elenco rumo ao sonhado acesso \u00e0 elite do Campeonato Paulista. Experiente e com passagens por Cruzeiro, Portuguesa, Figueirense e Sport, Mateus Alves se apresentou nesta ter\u00e7a-feira (17\/11) ao Brinco de Ouro disposto a se entregar ao projeto montado pelo [&hellip;]<\/p>\n","protected":false},"author":1,"featured_media":73198,"comment_status":"open","ping_status":"closed","sticky":false,"template":"","format":"standard","meta":{"amp_status":"","footnotes":""},"categories":[59,120],"tags":[20658,66645,66646,66647,66644,66643],"class_list":["post-73196","post","type-post","status-publish","format-standard","has-post-thumbnail","hentry","category-sports","category-jequi","tag-guarani","tag-mateus-alves","tag-mateus-alves-guarani","tag-mateus-alves-zagueiro-do-guarani","tag-novo-zagueiro-do-guarani","tag-turmalinense-mateus-alves-vai-vestir-a-camisa-do-guarani"],"_links":{"self":[{"href":"https:\/\/aconteceunovale.com.br\/portal\/index.php?rest_route=\/wp\/v2\/posts\/73196","targetHints":{"allow":["GET"]}}],"collection":[{"href":"https:\/\/aconteceunovale.com.br\/portal\/index.php?rest_route=\/wp\/v2\/posts"}],"about":[{"href":"https:\/\/aconteceunovale.com.br\/portal\/index.php?rest_route=\/wp\/v2\/types\/post"}],"author":[{"embeddable":true,"href":"https:\/\/aconteceunovale.com.br\/portal\/index.php?rest_route=\/wp\/v2\/users\/1"}],"replies":[{"embeddable":true,"href":"https:\/\/aconteceunovale.com.br\/portal\/index.php?rest_route=%2Fwp%2Fv2%2Fcomments&post=73196"}],"version-history":[{"count":0,"href":"https:\/\/aconteceunovale.com.br\/portal\/index.php?rest_route=\/wp\/v2\/posts\/73196\/revisions"}],"wp:featuredmedia":[{"embeddable":true,"href":"https:\/\/aconteceunovale.com.br\/portal\/index.php?rest_route=\/wp\/v2\/media\/73198"}],"wp:attachment":[{"href":"https:\/\/aconteceunovale.com.br\/portal\/index.php?rest_route=%2Fwp%2Fv2%2Fmedia&parent=73196"}],"wp:term":[{"taxonomy":"category","embeddable":true,"href":"https:\/\/aconteceunovale.com.br\/portal\/index.php?rest_route=%2Fwp%2Fv2%2Fcategories&post=73196"},{"taxonomy":"post_tag","embeddable":true,"href":"https:\/\/aconteceunovale.com.br\/portal\/index.php?rest_route=%2Fwp%2Fv2%2Ftags&post=73196"}],"curies":[{"name":"wp","href":"https:\/\/api.w.org\/{rel}","templated":true}]}}