{"id":72794,"date":"2015-11-12T07:55:32","date_gmt":"2015-11-12T10:55:32","guid":{"rendered":"http:\/\/aconteceunovale.com.br\/portal\/?p=72794"},"modified":"2015-11-12T07:55:32","modified_gmt":"2015-11-12T10:55:32","slug":"plantao-do-samu-no-norte-de-minas-gerais-11-de-novembro-de-2015","status":"publish","type":"post","link":"https:\/\/aconteceunovale.com.br\/portal\/?p=72794","title":{"rendered":"Plant\u00e3o do Samu no Norte de Minas Gerais, 11 de novembro de 2015"},"content":{"rendered":"<h4><strong><em>Quarta-feira, 11 de novembro de 2015<\/em><\/strong><\/h4>\n<p>As unidades do SAMU realizaram na quarta-feira, em Montes Claros, 58 atendimentos, sendo 33 casos cl\u00ednicos; 16 pessoas feridas em acidente de tr\u00e2nsito; uma queda de altura e uma agress\u00e3o f\u00edsica.<\/p>\n<p>\u00c0s 0h50, a unidade do SAMU foi acionada para atendimento a um homem de 21 anos, que colidiu de moto contra um carro no bairro Guaruj\u00e1. Uma mulher de 19 anos, que estava na garupa da moto tamb\u00e9m ficou ferida. No mesmo hor\u00e1rio, um homem de 31 anos sofreu agress\u00e3o f\u00edsica no bairro Sapucaia, e apresentava h\u00e1lito et\u00edlico e ferimento na cabe\u00e7a.<\/p>\n<p>\u00c0s 21h50, duas pessoas ficaram feridas em um acidente envolvendo um carro e uma moto, ocorrido na Avenida Cora\u00e7\u00e3o de Jesus, bairro major Prates. Um homem de 19 anos, que conduzia a moto, e outro de 18 anos, que estava na garupa, sofreram ferimentos leves. O condutor do carro nada sofreu.<\/p>\n<p>\u00c0s 21h, um homem de 31 anos colidiu de moto contra uma bicicleta, no bairro Renascen\u00e7a. Ele conduzia a moto e caiu da moto, sofrendo escoria\u00e7\u00f5es. \u00c0s 18h40, um homem de 29 anos colidiu de moto contra um carro e se queixava de dor nos bra\u00e7os e pernas.<\/p>\n<p>\u00c0s 16h40, uma crian\u00e7a de 8 anos caiu de uma escada no bairro Cidade Industrial e sofreu fratura do punho direito. \u00c0s 16h30, um homem de 31 anos caiu de moto na Pra\u00e7a Jo\u00e3o Catoni, no centro da cidade, e sofreu ferimentos nas pernas.<\/p>\n<p>Por volta das 15h40, duas pessoas, sendo uma jovem de 17 anos e um rapaz de 20, ficaram feridas ao cair de bicicleta, no bairro Delfino Magalh\u00e3es, e sofreram ferimentos m\u00faltiplos. \u00c0s 13h45, um rapaz de 17 anos ficou ferido em uma colis\u00e3o entre duas motos no bairro Recanto das \u00c1guas. Ele conduzia uma das motos e sofre escoria\u00e7\u00f5es nos punhos, no joelho direito e no quadril.<\/p>\n<p>\u00c0s 13h10, um homem de 33 anos colidiu de moto contra um carro na Avenida Brasil, bairro Monte Carmelo. Ele conduzia a moto e sofreu ferimentos no punho direito e na perna esquerda. \u00c0s 12h24, um homem de 39 anos caiu de bicicleta no bairro Santa Rita II e se queixava de dor lombar, nas costas e bra\u00e7o direito.<\/p>\n<p>\u00c0s 11h10, um homem de 28 anos caiu de moto no bairro Jaragu\u00e1 e sofreu ferimentos na perna esquerda.  \u00c0s 10h25, um homem de 20 anos ficou ferido em uma colis\u00e3o entre duas motos, na rua Santa Maria, bairro Todos os Santos. Ele conduzia uma das motos e se queixava de dor lombar, no joelho direito, com escoria\u00e7\u00f5es no local.<\/p>\n<p>\u00c0s 7h21, a unidade do SAMU foi acionada para atendimento a um homem de 24 anos que colidiu de moto contra um carro no bairro Major Prates e sofreu ferimentos no bra\u00e7o direito e se queixava de dor na perna direita.<\/p>\n<p>Em todas as ocorr\u00eancias os feridos receberam os primeiros atendimentos no local e foram encaminhados ao hospital para avalia\u00e7\u00e3o. (Jer\u00fasia Arruda)<\/p>\n","protected":false},"excerpt":{"rendered":"<p>Quarta-feira, 11 de novembro de 2015 As unidades do SAMU realizaram na quarta-feira, em Montes Claros, 58 atendimentos, sendo 33 casos cl\u00ednicos; 16 pessoas feridas em acidente de tr\u00e2nsito; uma queda de altura e uma agress\u00e3o f\u00edsica. \u00c0s 0h50, a unidade do SAMU foi acionada para atendimento a um homem de 21 anos, que colidiu [&hellip;]<\/p>\n","protected":false},"author":4,"featured_media":56029,"comment_status":"open","ping_status":"closed","sticky":false,"template":"","format":"standard","meta":{"amp_status":"","footnotes":""},"categories":[1236],"tags":[65981,206036,210,24659,24089,18898,18108,65982,18629,21139,4040],"class_list":["post-72794","post","type-post","status-publish","format-standard","has-post-thumbnail","hentry","category-norte_de_minas","tag-11-de-novembro-de-2015","tag-jerusia-arruda","tag-montes-claros","tag-plantao-do-samu-de-montes-claros","tag-plantao-do-samu-do-norte-de-minas","tag-plantao-do-samu-macro-norte","tag-plantao-do-samu-no-norte-de-minas-gerais","tag-plantao-do-samu-no-norte-de-minas-gerais-11-de-novembro-de-2015","tag-samu-de-montes-claros","tag-samu-do-norte-de-minas","tag-samu-macro-norte"],"_links":{"self":[{"href":"https:\/\/aconteceunovale.com.br\/portal\/index.php?rest_route=\/wp\/v2\/posts\/72794","targetHints":{"allow":["GET"]}}],"collection":[{"href":"https:\/\/aconteceunovale.com.br\/portal\/index.php?rest_route=\/wp\/v2\/posts"}],"about":[{"href":"https:\/\/aconteceunovale.com.br\/portal\/index.php?rest_route=\/wp\/v2\/types\/post"}],"author":[{"embeddable":true,"href":"https:\/\/aconteceunovale.com.br\/portal\/index.php?rest_route=\/wp\/v2\/users\/4"}],"replies":[{"embeddable":true,"href":"https:\/\/aconteceunovale.com.br\/portal\/index.php?rest_route=%2Fwp%2Fv2%2Fcomments&post=72794"}],"version-history":[{"count":0,"href":"https:\/\/aconteceunovale.com.br\/portal\/index.php?rest_route=\/wp\/v2\/posts\/72794\/revisions"}],"wp:featuredmedia":[{"embeddable":true,"href":"https:\/\/aconteceunovale.com.br\/portal\/index.php?rest_route=\/wp\/v2\/media\/56029"}],"wp:attachment":[{"href":"https:\/\/aconteceunovale.com.br\/portal\/index.php?rest_route=%2Fwp%2Fv2%2Fmedia&parent=72794"}],"wp:term":[{"taxonomy":"category","embeddable":true,"href":"https:\/\/aconteceunovale.com.br\/portal\/index.php?rest_route=%2Fwp%2Fv2%2Fcategories&post=72794"},{"taxonomy":"post_tag","embeddable":true,"href":"https:\/\/aconteceunovale.com.br\/portal\/index.php?rest_route=%2Fwp%2Fv2%2Ftags&post=72794"}],"curies":[{"name":"wp","href":"https:\/\/api.w.org\/{rel}","templated":true}]}}