{"id":72783,"date":"2015-11-11T20:58:12","date_gmt":"2015-11-11T23:58:12","guid":{"rendered":"http:\/\/aconteceunovale.com.br\/portal\/?p=72783"},"modified":"2015-11-11T20:58:12","modified_gmt":"2015-11-11T23:58:12","slug":"mineradora-so-disponibiliza-13-dos-caminhoes-pipa-necessarios-para-abastecer-valadares","status":"publish","type":"post","link":"https:\/\/aconteceunovale.com.br\/portal\/?p=72783","title":{"rendered":"Mineradora s\u00f3 disponibiliza 13% dos caminh\u00f5es-pipa necess\u00e1rios para abastecer Valadares"},"content":{"rendered":"<p>O superintendente administrativo da Defesa Civil do Estado de Minas Gerais, major Arnaldo Affonso afirmou que at\u00e9 esta quarta-feira (11\/11) a Samarco havia conseguido apenas 39 caminh\u00f5es-pipa dos 80 necess\u00e1rios para atender os hospitais, escolas e creches de Governador Valadares.<\/p>\n<p>A cidade est\u00e1 sofrendo um severo desabastecimento de \u00e1gua depois que a lama tomou o Rio Doce em fun\u00e7\u00e3o do rompimento das barragens de Bento Rodrigues. &#8220;A Samarco conseguiu contratar 39 caminh\u00f5es-pipa e se colocou \u00e0 disposi\u00e7\u00e3o para pagar outros. O problema \u00e9 que est\u00e1 dif\u00edcil encontrar na regi\u00e3o. Agora estamos tentando trazer do Norte de Minas&#8221;, afirmou o major.<\/p>\n<p>Para atender toda a cidade, seriam necess\u00e1rios 300 caminh\u00f5es-pipas. Entre as 42 escolas do munic\u00edpio, 23 est\u00e3o sem \u00e1gua e aquelas que t\u00eam \u00e1gua est\u00e3o sendo saqueadas pela popula\u00e7\u00e3o. &#8220;Hoje come\u00e7ou um problema de seguran\u00e7a p\u00fablica. Tanto escolas que t\u00eam \u00e1gua como com\u00e9rcio est\u00e3o tendo gal\u00f5es de \u00e1gua saqueados&#8221;, informou.<\/p>\n<p>A Defesa Civil recomenda \u00e0 popula\u00e7\u00e3o de Valadares que utilize o m\u00ednimo poss\u00edvel a \u00e1gua j\u00e1 que &#8220;a \u00e1gua do reservat\u00f3rio da cidade est\u00e1 se esgotando totalmente&#8221;, disse o major. Para o superintendente at\u00e9 dentro de casa o ideal \u00e9 n\u00e3o lavar roupas e utilizar pratos, copos e talheres descart\u00e1veis. &#8220;Alguns restaurantes da cidade j\u00e1 est\u00e3o usando apenas utens\u00edlios descart\u00e1veis. Outros est\u00e3o preferindo ficar fechados para n\u00e3o gastar a \u00e1gua&#8221;, contou.<\/p>\n<p><strong>Capta\u00e7\u00e3o<\/strong><\/p>\n<p>Al\u00e9m da busca dos caminh\u00f5es-pipa, est\u00e1 sendo estudado uma forma de captar \u00e1gua no rio Sua\u00e7u\u00ed para levar a Valadares, segundo Affonso, de maneira emergencial, por meio de uma tubula\u00e7\u00e3o superficial. &#8220;Mas essa \u00e9 uma a\u00e7\u00e3o que ainda demorar alguns dias. O mais urgente agora \u00e9 conseguir os caminh\u00f5es-pipas&#8221;, concluiu. <\/p>\n<p><em>(Fonte: O Tempo)<\/em><\/p>\n","protected":false},"excerpt":{"rendered":"<p>O superintendente administrativo da Defesa Civil do Estado de Minas Gerais, major Arnaldo Affonso afirmou que at\u00e9 esta quarta-feira (11\/11) a Samarco havia conseguido apenas 39 caminh\u00f5es-pipa dos 80 necess\u00e1rios para atender os hospitais, escolas e creches de Governador Valadares. A cidade est\u00e1 sofrendo um severo desabastecimento de \u00e1gua depois que a lama tomou o [&hellip;]<\/p>\n","protected":false},"author":4,"featured_media":72689,"comment_status":"open","ping_status":"closed","sticky":false,"template":"","format":"standard","meta":{"amp_status":"","footnotes":""},"categories":[121],"tags":[59520,65976,64354,32386,247,7363,65975,32642,65289,65291,65288],"class_list":["post-72783","post","type-post","status-publish","format-standard","has-post-thumbnail","hentry","category-leste","tag-bento-rodrigues","tag-calamidade-publica-governador-valadares","tag-desabastecimento-de-agua-em-governador-valadares","tag-falta-de-agua-em-governador-valadares","tag-governador-valadares","tag-mariana","tag-mineradora-so-disponibiliza-13-dos-caminhoes-pipa-necessarios-para-abastecer-valadares","tag-samarco","tag-tragedia-bento-rodrigues","tag-tragedia-mariana","tag-tragedia-samarco"],"_links":{"self":[{"href":"https:\/\/aconteceunovale.com.br\/portal\/index.php?rest_route=\/wp\/v2\/posts\/72783","targetHints":{"allow":["GET"]}}],"collection":[{"href":"https:\/\/aconteceunovale.com.br\/portal\/index.php?rest_route=\/wp\/v2\/posts"}],"about":[{"href":"https:\/\/aconteceunovale.com.br\/portal\/index.php?rest_route=\/wp\/v2\/types\/post"}],"author":[{"embeddable":true,"href":"https:\/\/aconteceunovale.com.br\/portal\/index.php?rest_route=\/wp\/v2\/users\/4"}],"replies":[{"embeddable":true,"href":"https:\/\/aconteceunovale.com.br\/portal\/index.php?rest_route=%2Fwp%2Fv2%2Fcomments&post=72783"}],"version-history":[{"count":0,"href":"https:\/\/aconteceunovale.com.br\/portal\/index.php?rest_route=\/wp\/v2\/posts\/72783\/revisions"}],"wp:featuredmedia":[{"embeddable":true,"href":"https:\/\/aconteceunovale.com.br\/portal\/index.php?rest_route=\/wp\/v2\/media\/72689"}],"wp:attachment":[{"href":"https:\/\/aconteceunovale.com.br\/portal\/index.php?rest_route=%2Fwp%2Fv2%2Fmedia&parent=72783"}],"wp:term":[{"taxonomy":"category","embeddable":true,"href":"https:\/\/aconteceunovale.com.br\/portal\/index.php?rest_route=%2Fwp%2Fv2%2Fcategories&post=72783"},{"taxonomy":"post_tag","embeddable":true,"href":"https:\/\/aconteceunovale.com.br\/portal\/index.php?rest_route=%2Fwp%2Fv2%2Ftags&post=72783"}],"curies":[{"name":"wp","href":"https:\/\/api.w.org\/{rel}","templated":true}]}}