{"id":72760,"date":"2015-11-11T17:29:49","date_gmt":"2015-11-11T20:29:49","guid":{"rendered":"http:\/\/aconteceunovale.com.br\/portal\/?p=72760"},"modified":"2015-11-11T17:29:49","modified_gmt":"2015-11-11T20:29:49","slug":"governador-valadares-pede-doacao-de-agua-mineral","status":"publish","type":"post","link":"https:\/\/aconteceunovale.com.br\/portal\/?p=72760","title":{"rendered":"Governador Valadares pede doa\u00e7\u00e3o de \u00e1gua mineral"},"content":{"rendered":"<p>A Prefeitura de Governador Valadares iniciou nesta quarta-feira (11\/11) uma campanha para arrecadar doa\u00e7\u00f5es de \u00e1gua mineral. A cidade est\u00e1 com o abastecimento interrompido desde a \u00faltima segunda-feira (9) por causa do rompimento da barragem de rejeitos da Samarco, em Mariana, que chegou ao leito do rio Doce.<\/p>\n<p>O posto de recebimento vai funcionar 24 horas por dia, na Pra\u00e7a de Esportes (Rua Afonso Pena, 2.550 &#8211; Centro). O local ficar\u00e1 aberto de 6h \u00e0s 19h, mas tamb\u00e9m atender\u00e1 por agendamento.<\/p>\n<p>A prefeitura pede a colabora\u00e7\u00e3o principalmente de moradores de cidades vizinhas. Se necess\u00e1rio, o munic\u00edpio colocar\u00e1 funcion\u00e1rios para buscar os gal\u00f5es e garrafas. N\u00e3o h\u00e1 a previs\u00e3o do restabelecimento de \u00e1gua, que depende dos n\u00edveis de turbidez e de ferro na \u00e1gua do rio. O abastecimento provis\u00f3rio por caminh\u00f5es-pipa n\u00e3o atende a toda popula\u00e7\u00e3o, de 280 mil habitantes. Escolas, unidades de sa\u00fade, hospitais e abrigos t\u00eam prioridade.<\/p>\n<p>Leia a nota na \u00edntegra: <strong><em>&#8220;Fa\u00e7a a campanha de doa\u00e7\u00e3o de \u00e1gua mineral chegar o mais distante poss\u00edvel pra que Valadares possa contar com apoio de outras cidades!<\/p>\n<p>Com o abastecimento de \u00e1gua interrompido h\u00e1 dois dias em Valadares, em fun\u00e7\u00e3o da trag\u00e9dia ambiental nas barragens de rejeitos da Samarco em Mariana, MG, que chegaram ao leito do Rio Doce, algumas regi\u00f5es da cidade j\u00e1 come\u00e7am a sentir a falta d\u00b4\u00e1gua. A situa\u00e7\u00e3o, j\u00e1 decretada pela prefeita Elisa Costa, \u00e9 de calamidade p\u00fablica.<\/p>\n<p>N\u00e3o h\u00e1 como prever, ainda, a dura\u00e7\u00e3o da passagem da lama pela cidade. Ou, tamb\u00e9m, quando os n\u00edveis da turbidez e de ferro na \u00e1gua baixar\u00e3o e permitir\u00e3o que a \u00e1gua volte a ser captada e tratada. Precisamos nos apoiar e ser solid\u00e1rios. O abastecimento provis\u00f3rio por caminh\u00f5es-pipa n\u00e3o atende a toda a popula\u00e7\u00e3o valadarense, que chega a 280 mil habitantes. Escolas, unidades de sa\u00fade, hospitais e abrigos tem prioridade.&#8221;<\/em><\/strong><\/p>\n<p><img decoding=\"async\" src=\"http:\/\/aconteceunovale.com.br\/portal\/wp-content\/uploads\/2015\/11\/doacao_agua_gv.jpg\" alt=\"\" \/><br \/>\n<\/br><\/p>\n<p><em>(Fonte: Prefeitura de Governador Valadares \/ O Tempo)<\/em><\/p>\n","protected":false},"excerpt":{"rendered":"<p>A Prefeitura de Governador Valadares iniciou nesta quarta-feira (11\/11) uma campanha para arrecadar doa\u00e7\u00f5es de \u00e1gua mineral. A cidade est\u00e1 com o abastecimento interrompido desde a \u00faltima segunda-feira (9) por causa do rompimento da barragem de rejeitos da Samarco, em Mariana, que chegou ao leito do rio Doce. O posto de recebimento vai funcionar 24 [&hellip;]<\/p>\n","protected":false},"author":4,"featured_media":72761,"comment_status":"open","ping_status":"closed","sticky":false,"template":"","format":"standard","meta":{"amp_status":"","footnotes":""},"categories":[121],"tags":[52411,59520,65944,65952,65955,64354,1018,65954,65953,32386,247,65951,7363,32642,65956,65289,65291,65288],"class_list":["post-72760","post","type-post","status-publish","format-standard","has-post-thumbnail","hentry","category-leste","tag-abastecimento-de-agua-em-governador-valadares","tag-bento-rodrigues","tag-calamidade-publica-em-governador-valadares","tag-campanha-de-doacao-de-agua-mineral-governador-valadares","tag-campanha-doacao-de-agua-governador-valadares","tag-desabastecimento-de-agua-em-governador-valadares","tag-destaque","tag-doacao-de-agua-governador-valadares","tag-doacao-de-agua-mineral-para-governador-valadares","tag-falta-de-agua-em-governador-valadares","tag-governador-valadares","tag-governador-valadares-pede-doacao-de-agua-mineral","tag-mariana","tag-samarco","tag-situacao-de-governador-valadares","tag-tragedia-bento-rodrigues","tag-tragedia-mariana","tag-tragedia-samarco"],"_links":{"self":[{"href":"https:\/\/aconteceunovale.com.br\/portal\/index.php?rest_route=\/wp\/v2\/posts\/72760","targetHints":{"allow":["GET"]}}],"collection":[{"href":"https:\/\/aconteceunovale.com.br\/portal\/index.php?rest_route=\/wp\/v2\/posts"}],"about":[{"href":"https:\/\/aconteceunovale.com.br\/portal\/index.php?rest_route=\/wp\/v2\/types\/post"}],"author":[{"embeddable":true,"href":"https:\/\/aconteceunovale.com.br\/portal\/index.php?rest_route=\/wp\/v2\/users\/4"}],"replies":[{"embeddable":true,"href":"https:\/\/aconteceunovale.com.br\/portal\/index.php?rest_route=%2Fwp%2Fv2%2Fcomments&post=72760"}],"version-history":[{"count":0,"href":"https:\/\/aconteceunovale.com.br\/portal\/index.php?rest_route=\/wp\/v2\/posts\/72760\/revisions"}],"wp:featuredmedia":[{"embeddable":true,"href":"https:\/\/aconteceunovale.com.br\/portal\/index.php?rest_route=\/wp\/v2\/media\/72761"}],"wp:attachment":[{"href":"https:\/\/aconteceunovale.com.br\/portal\/index.php?rest_route=%2Fwp%2Fv2%2Fmedia&parent=72760"}],"wp:term":[{"taxonomy":"category","embeddable":true,"href":"https:\/\/aconteceunovale.com.br\/portal\/index.php?rest_route=%2Fwp%2Fv2%2Fcategories&post=72760"},{"taxonomy":"post_tag","embeddable":true,"href":"https:\/\/aconteceunovale.com.br\/portal\/index.php?rest_route=%2Fwp%2Fv2%2Ftags&post=72760"}],"curies":[{"name":"wp","href":"https:\/\/api.w.org\/{rel}","templated":true}]}}