{"id":72680,"date":"2015-11-10T15:18:06","date_gmt":"2015-11-10T18:18:06","guid":{"rendered":"http:\/\/aconteceunovale.com.br\/portal\/?p=72680"},"modified":"2015-11-10T15:18:06","modified_gmt":"2015-11-10T18:18:06","slug":"atingidos-por-lama-da-samarco-temem-que-caso-caia-no-esquecimento","status":"publish","type":"post","link":"https:\/\/aconteceunovale.com.br\/portal\/?p=72680","title":{"rendered":"Atingidos por lama da Samarco temem que caso caia no esquecimento"},"content":{"rendered":"<p>Nos \u00faltimos quatro dias, a movimenta\u00e7\u00e3o no centro de Mariana (MG) foi intensa em raz\u00e3o do rompimento de duas barragens no distrito de Bento Rodrigues. Era poss\u00edvel encontrar moradores atingidos em locais de acolhimento, parentes em busca de desaparecidos, autoridades do governo federal, estadual e municipal e muitos curiosos.<\/p>\n<p>Quase uma semana ap\u00f3s a trag\u00e9dia, a cidade parece come\u00e7ar a retomar seu ritmo. O movimento j\u00e1 n\u00e3o \u00e9 mais o mesmo. O assunto j\u00e1 n\u00e3o est\u00e1 mais nas bocas de cada grupo que conversa na esquina. O fato preocupa, sobretudo, as pessoas diretamente afetadas pela trag\u00e9dia e que contabilizam preju\u00edzos e danos quase incalcul\u00e1veis.<\/p>\n<p>A lavradora Maria Jos\u00e9 Horta, 28 anos, morava no distrito de Ponte do Gama, atingido pelo rompimento das barragens. A casa dela ficou tomada pela lama e Maria est\u00e1 morando provisoriamente com os pais. A jovem conta que, nos primeiros dias ap\u00f3s o acidente, foi bem atendida no acolhimento \u00e0s v\u00edtimas.<\/p>\n<p>&#8220;Hoje, retornei para acrescentar algumas informa\u00e7\u00f5es ao cadastro, mas n\u00e3o consigo ningu\u00e9m para me ajudar. A poeira est\u00e1 baixando r\u00e1pido demais e isso preocupa muito. Tenho medo de ficar esquecida. A gente tem muita dificuldade para adquirir nossas coisas, para depois ver tudo indo embora em meio \u00e0 lama.&#8221;<\/p>\n<p>O t\u00e9cnico em seguran\u00e7a do trabalho Airton Sales, 31 anos, costumava passar o fim de semana na casa da m\u00e3e, no distrito de Paracatu, tamb\u00e9m atingido pela trag\u00e9dia. A irm\u00e3 dele morava no povoado e estava reformando a casa para a chegada do filho que est\u00e1 esperando. Agora, est\u00e3o todos hospedados em hot\u00e9is e pousadas de Mariana.<\/p>\n<p>&#8220;Nossa preocupa\u00e7\u00e3o \u00e9 que, enquanto o assunto est\u00e1 na m\u00eddia, a empresa respons\u00e1vel pelas barragens vai dar suporte. Mas, como saber onde vamos estar depois de um ano desse acidente? Ser\u00e1 que a mineradora vai continuar pagando as nossas di\u00e1rias? Queremos saber para onde vamos e o que vai ser feito.&#8221;<\/p>\n<p>A pedagoga Edna Cerqueira Mol, 48 anos, tinha um s\u00edtio no mesmo local onde a m\u00e3e de Airton morava. A casa era boa, composta por quatro quartos, varanda, copa, sala. Ela, o marido e as tr\u00eas filhas trabalham e estudam em Mariana mas, nos fins de semana, procuravam descanso no local, hoje tomado pela lama e pelo barro.<\/p>\n<p>&#8220;Esse s\u00edtio era o sonho da minha vida. Demorei 18 anos para deixar tudo como estava. T\u00ednhamos piscina, sauna. Ficou tudo destru\u00eddo&#8221; disse. &#8220;Gra\u00e7as a Deus, n\u00e3o fiquei desabrigada. Mas o preju\u00edzo foi alt\u00edssimo e n\u00e3o \u00e9 justo pagar essa conta.&#8221; (Ag\u00eancia Brasil)<\/p>\n","protected":false},"excerpt":{"rendered":"<p>Nos \u00faltimos quatro dias, a movimenta\u00e7\u00e3o no centro de Mariana (MG) foi intensa em raz\u00e3o do rompimento de duas barragens no distrito de Bento Rodrigues. Era poss\u00edvel encontrar moradores atingidos em locais de acolhimento, parentes em busca de desaparecidos, autoridades do governo federal, estadual e municipal e muitos curiosos. Quase uma semana ap\u00f3s a trag\u00e9dia, [&hellip;]<\/p>\n","protected":false},"author":4,"featured_media":72668,"comment_status":"open","ping_status":"closed","sticky":false,"template":"","format":"standard","meta":{"amp_status":"","footnotes":""},"categories":[123],"tags":[65788,65787,59520,7363,32642,65289,65291],"class_list":["post-72680","post","type-post","status-publish","format-standard","has-post-thumbnail","hentry","category-gerais","tag-atingidos-por-lama-da-samarco","tag-atingidos-por-lama-da-samarco-temem-que-caso-caia-no-esquecimento","tag-bento-rodrigues","tag-mariana","tag-samarco","tag-tragedia-bento-rodrigues","tag-tragedia-mariana"],"_links":{"self":[{"href":"https:\/\/aconteceunovale.com.br\/portal\/index.php?rest_route=\/wp\/v2\/posts\/72680","targetHints":{"allow":["GET"]}}],"collection":[{"href":"https:\/\/aconteceunovale.com.br\/portal\/index.php?rest_route=\/wp\/v2\/posts"}],"about":[{"href":"https:\/\/aconteceunovale.com.br\/portal\/index.php?rest_route=\/wp\/v2\/types\/post"}],"author":[{"embeddable":true,"href":"https:\/\/aconteceunovale.com.br\/portal\/index.php?rest_route=\/wp\/v2\/users\/4"}],"replies":[{"embeddable":true,"href":"https:\/\/aconteceunovale.com.br\/portal\/index.php?rest_route=%2Fwp%2Fv2%2Fcomments&post=72680"}],"version-history":[{"count":0,"href":"https:\/\/aconteceunovale.com.br\/portal\/index.php?rest_route=\/wp\/v2\/posts\/72680\/revisions"}],"wp:featuredmedia":[{"embeddable":true,"href":"https:\/\/aconteceunovale.com.br\/portal\/index.php?rest_route=\/wp\/v2\/media\/72668"}],"wp:attachment":[{"href":"https:\/\/aconteceunovale.com.br\/portal\/index.php?rest_route=%2Fwp%2Fv2%2Fmedia&parent=72680"}],"wp:term":[{"taxonomy":"category","embeddable":true,"href":"https:\/\/aconteceunovale.com.br\/portal\/index.php?rest_route=%2Fwp%2Fv2%2Fcategories&post=72680"},{"taxonomy":"post_tag","embeddable":true,"href":"https:\/\/aconteceunovale.com.br\/portal\/index.php?rest_route=%2Fwp%2Fv2%2Ftags&post=72680"}],"curies":[{"name":"wp","href":"https:\/\/api.w.org\/{rel}","templated":true}]}}