{"id":72674,"date":"2015-11-10T15:09:51","date_gmt":"2015-11-10T18:09:51","guid":{"rendered":"http:\/\/aconteceunovale.com.br\/portal\/?p=72674"},"modified":"2015-11-10T15:09:51","modified_gmt":"2015-11-10T18:09:51","slug":"bombeiros-do-espirito-santo-e-santa-catarina-vao-reforcar-operacoes-de-busca-em-mariana","status":"publish","type":"post","link":"https:\/\/aconteceunovale.com.br\/portal\/?p=72674","title":{"rendered":"Bombeiros do Esp\u00edrito Santo e Santa Catarina v\u00e3o refor\u00e7ar opera\u00e7\u00f5es de busca em Mariana"},"content":{"rendered":"<p>Homens do Corpo de Bombeiros do Esp\u00edrito Santo e de Santa Catarina v\u00e3o refor\u00e7ar as opera\u00e7\u00f5es de busca e resgate no distrito de Bento Rodrigues, em Mariana (MG). O local foi atingido pelo rompimento de duas barragens de res\u00edduos da mineradora Samarco na \u00faltima quinta-feira (5).<\/p>\n<p>A equipe do Esp\u00edrito Santo deslocada para o local \u00e9 composta por tr\u00eas militares e tr\u00eas c\u00e3es, enquanto a de Santa Catarina \u00e9 formada por dois militares e dois c\u00e3es. Um c\u00e3o do Batalh\u00e3o de Emerg\u00eancias Ambientais e Resposta a Desastres de Belo Horizonte (MG) j\u00e1 estava atuando no distrito desde o in\u00edcio das opera\u00e7\u00f5es.<\/p>\n<p>De acordo com o \u00faltimo boletim do Corpo de Bombeiros de Minas Gerais, 24 pessoas continuam desaparecidas desde o dia da trag\u00e9dia, sendo 11 funcion\u00e1rios que prestavam servi\u00e7o para a empresa e 13 moradores da regi\u00e3o. At\u00e9 o momento, tr\u00eas mortes foram confirmadas. (Ag\u00eancia Brasil)<\/p>\n","protected":false},"excerpt":{"rendered":"<p>Homens do Corpo de Bombeiros do Esp\u00edrito Santo e de Santa Catarina v\u00e3o refor\u00e7ar as opera\u00e7\u00f5es de busca e resgate no distrito de Bento Rodrigues, em Mariana (MG). O local foi atingido pelo rompimento de duas barragens de res\u00edduos da mineradora Samarco na \u00faltima quinta-feira (5). A equipe do Esp\u00edrito Santo deslocada para o local [&hellip;]<\/p>\n","protected":false},"author":4,"featured_media":72675,"comment_status":"open","ping_status":"closed","sticky":false,"template":"","format":"standard","meta":{"amp_status":"","footnotes":""},"categories":[123],"tags":[59520,65332,65775,19905,4484,7363,131,65776,65767,65766,15363,65380,65382,65288],"class_list":["post-72674","post","type-post","status-publish","format-standard","has-post-thumbnail","hentry","category-gerais","tag-bento-rodrigues","tag-bombeiros","tag-bombeiros-do-espirito-santo-e-santa-catarina-vao-reforcar-operacoes-de-busca-em-mariana","tag-busca","tag-espirito-santo","tag-mariana","tag-minas-gerais","tag-reforco","tag-resgate-em-bento-rodrigues","tag-resgate-em-mariana","tag-santa-catarina","tag-tragedia-em-bento-rodrigues","tag-tragedia-em-mariana","tag-tragedia-samarco"],"_links":{"self":[{"href":"https:\/\/aconteceunovale.com.br\/portal\/index.php?rest_route=\/wp\/v2\/posts\/72674","targetHints":{"allow":["GET"]}}],"collection":[{"href":"https:\/\/aconteceunovale.com.br\/portal\/index.php?rest_route=\/wp\/v2\/posts"}],"about":[{"href":"https:\/\/aconteceunovale.com.br\/portal\/index.php?rest_route=\/wp\/v2\/types\/post"}],"author":[{"embeddable":true,"href":"https:\/\/aconteceunovale.com.br\/portal\/index.php?rest_route=\/wp\/v2\/users\/4"}],"replies":[{"embeddable":true,"href":"https:\/\/aconteceunovale.com.br\/portal\/index.php?rest_route=%2Fwp%2Fv2%2Fcomments&post=72674"}],"version-history":[{"count":0,"href":"https:\/\/aconteceunovale.com.br\/portal\/index.php?rest_route=\/wp\/v2\/posts\/72674\/revisions"}],"wp:featuredmedia":[{"embeddable":true,"href":"https:\/\/aconteceunovale.com.br\/portal\/index.php?rest_route=\/wp\/v2\/media\/72675"}],"wp:attachment":[{"href":"https:\/\/aconteceunovale.com.br\/portal\/index.php?rest_route=%2Fwp%2Fv2%2Fmedia&parent=72674"}],"wp:term":[{"taxonomy":"category","embeddable":true,"href":"https:\/\/aconteceunovale.com.br\/portal\/index.php?rest_route=%2Fwp%2Fv2%2Fcategories&post=72674"},{"taxonomy":"post_tag","embeddable":true,"href":"https:\/\/aconteceunovale.com.br\/portal\/index.php?rest_route=%2Fwp%2Fv2%2Ftags&post=72674"}],"curies":[{"name":"wp","href":"https:\/\/api.w.org\/{rel}","templated":true}]}}