{"id":72483,"date":"2015-11-08T11:40:42","date_gmt":"2015-11-08T14:40:42","guid":{"rendered":"http:\/\/aconteceunovale.com.br\/portal\/?p=72483"},"modified":"2015-11-09T17:30:03","modified_gmt":"2015-11-09T20:30:03","slug":"prefeito-de-mariana-e-internado-com-suspeita-de-infarto","status":"publish","type":"post","link":"https:\/\/aconteceunovale.com.br\/portal\/?p=72483","title":{"rendered":"Prefeito de Mariana \u00e9 internado com suspeita de infarto"},"content":{"rendered":"<p>O prefeito de Mariana, Duarte J\u00fanior, de 35 anos, foi internado na manh\u00e3 de hoje (8) e passa por uma bateria de exames no Hospital Monsenhor Horta. A suspeita \u00e9 que ele tenha sofrido um princ\u00edpio de infarto na manh\u00e3 de hoje. Segundo boletim m\u00e9dico divulgado h\u00e1 pouco pela assessoria de imprensa do prefeito, &#8220;foi constatada altera\u00e7\u00e3o no exame de eletrocardiograma nos primeiros atendimentos feitos na Policl\u00ednica Municipal&#8221;.  O estado de sa\u00fade de Duarte J\u00fanior \u00e9 est\u00e1vel.<\/p>\n<p>Duarte J\u00fanior concedeu ontem (7) entrevista \u00e0 imprensa. Na avalia\u00e7\u00e3o do prefeito, a mineradora Samarco errou na maneira como informou os moradores sobre o rompimento de duas barragens de rejeito (que concentra res\u00edduos do processo de minera\u00e7\u00e3o) no distrito de Bento Rodrigues, zona rural de Mariana, e cobrou que os respons\u00e1veis sejam identificados. \u201cA verdade precisa ser dita e as responsabilidades apuradas\u201d, destacou.<\/p>\n<p>Duarte avaliou que a decis\u00e3o da mineradora de telefonar para a Defesa Civil, para a prefeitura e para l\u00edderes comunit\u00e1rios n\u00e3o foi adequada, porque a lama chegou ao povoado em cerca de 10 minutos. &#8220;Foi muito falha essa forma de comunica\u00e7\u00e3o. O ideal era que houvesse uma sirene, um bot\u00e3o de p\u00e2nico&#8221;.<\/p>\n<p><strong>Sinaliza\u00e7\u00e3o sonora<\/strong><\/p>\n<p>A Samarco, mineradora respons\u00e1vel pelas duas barragens que se romperam na \u00faltima quinta-feira (5), instalou ontem um sistema de sinaliza\u00e7\u00e3o sonora para o caso de novo rompimento de barragem. O engenheiro e gerente de Projetos da empresa, Germano Silva Lopes, explicou que a instala\u00e7\u00e3o do sistema foi um pedido da pr\u00f3pria equipe de busca e resgate que trabalha no local atingido pela lama.<\/p>\n<p><strong>Buscas<\/strong><\/p>\n<p>Os trabalhos de busca e resgate no distrito de Bento Rodrigues, na zona rural em Mariana (MG), come\u00e7aram por volta das 6h de hoje (8), ap\u00f3s o temporal que caiu na regi\u00e3o durante a madrugada. Homens do Corpo de Bombeiros Militar de Minas Gerais, do Ex\u00e9rcito e da Defesa Civil do estado buscam 28 pessoas que continuam desaparecidas ap\u00f3s o rompimento das duas barragens. (Ag\u00eancia Brasil)<\/p>\n","protected":false},"excerpt":{"rendered":"<p>O prefeito de Mariana, Duarte J\u00fanior, de 35 anos, foi internado na manh\u00e3 de hoje (8) e passa por uma bateria de exames no Hospital Monsenhor Horta. A suspeita \u00e9 que ele tenha sofrido um princ\u00edpio de infarto na manh\u00e3 de hoje. Segundo boletim m\u00e9dico divulgado h\u00e1 pouco pela assessoria de imprensa do prefeito, &#8220;foi [&hellip;]<\/p>\n","protected":false},"author":4,"featured_media":72344,"comment_status":"open","ping_status":"closed","sticky":false,"template":"","format":"standard","meta":{"amp_status":"","footnotes":""},"categories":[123],"tags":[59520,65570,65569,65584,65593,65284,7363,65592,65568,65323,65317,65571,65315,65336,32642,65594,65507,65508,65380,65382],"class_list":["post-72483","post","type-post","status-publish","format-standard","has-post-thumbnail","hentry","category-gerais","tag-bento-rodrigues","tag-catastrofe-ambiental-em-bento-rodrigues","tag-catastrofe-ambiental-em-mariana","tag-duarte-junior","tag-estado-de-saude-do-prefeito-de-mariana","tag-hospital-monsenhor-horta","tag-mariana","tag-prefeito-de-mariana-e-internado-com-suspeita-de-infarto","tag-rompimento-de-barragem-da-samarco-em-mariana","tag-rompimento-de-barragem-em-bento-rodrigues","tag-rompimento-de-barragem-em-mariana","tag-rompimento-de-barragens-da-samarco-em-bento-rodrigues","tag-rompimento-de-barragens-em-bento-rodrigues","tag-rompimento-de-barragens-em-mariana","tag-samarco","tag-saude-do-prefeito-de-mariana","tag-tragedia-de-bento-rodrigues","tag-tragedia-de-mariana","tag-tragedia-em-bento-rodrigues","tag-tragedia-em-mariana"],"yoast_head":"<!-- This site is optimized with the Yoast SEO plugin v28.3 - https:\/\/yoast.com\/product\/yoast-seo-wordpress\/ -->\n<title>Prefeito de Mariana \u00e9 internado com suspeita de infarto - Aconteceu no Vale<\/title>\n<meta name=\"robots\" content=\"index, follow, max-snippet:-1, max-image-preview:large, max-video-preview:-1\" \/>\n<link rel=\"canonical\" href=\"https:\/\/aconteceunovale.com.br\/portal\/?p=72483\" \/>\n<meta property=\"og:locale\" content=\"pt_BR\" \/>\n<meta property=\"og:type\" content=\"article\" \/>\n<meta property=\"og:title\" content=\"Prefeito de Mariana \u00e9 internado com suspeita de infarto - Aconteceu no Vale\" \/>\n<meta property=\"og:description\" content=\"O prefeito de Mariana, Duarte J\u00fanior, de 35 anos, foi internado na manh\u00e3 de hoje (8) e passa por uma bateria de exames no Hospital Monsenhor Horta. A suspeita \u00e9 que ele tenha sofrido um princ\u00edpio de infarto na manh\u00e3 de hoje. Segundo boletim m\u00e9dico divulgado h\u00e1 pouco pela assessoria de imprensa do prefeito, &#8220;foi [&hellip;]\" \/>\n<meta property=\"og:url\" content=\"https:\/\/aconteceunovale.com.br\/portal\/?p=72483\" \/>\n<meta property=\"og:site_name\" content=\"Aconteceu no Vale\" \/>\n<meta property=\"article:publisher\" content=\"https:\/\/www.facebook.com\/aconteceunovale\/\" \/>\n<meta property=\"article:published_time\" content=\"2015-11-08T14:40:42+00:00\" \/>\n<meta property=\"article:modified_time\" content=\"2015-11-09T20:30:03+00:00\" \/>\n<meta property=\"og:image\" content=\"https:\/\/aconteceunovale.com.br\/portal\/wp-content\/uploads\/2015\/11\/prefeito_de_mariana.jpg\" \/>\n\t<meta property=\"og:image:width\" content=\"676\" \/>\n\t<meta property=\"og:image:height\" content=\"450\" \/>\n\t<meta property=\"og:image:type\" content=\"image\/jpeg\" \/>\n<meta name=\"author\" content=\"Reda\u00e7\u00e3o Aconteceu no Vale\" \/>\n<meta name=\"twitter:card\" content=\"summary_large_image\" \/>\n<meta name=\"twitter:creator\" content=\"@noticiadosvales\" \/>\n<meta name=\"twitter:site\" content=\"@noticiadosvales\" \/>\n<meta name=\"twitter:label1\" content=\"Escrito por\" \/>\n\t<meta name=\"twitter:data1\" content=\"Reda\u00e7\u00e3o Aconteceu no Vale\" \/>\n\t<meta name=\"twitter:label2\" content=\"Est. tempo de leitura\" \/>\n\t<meta name=\"twitter:data2\" content=\"2 minutos\" \/>\n<script type=\"application\/ld+json\" class=\"yoast-schema-graph\">{\"@context\":\"https:\\\/\\\/schema.org\",\"@graph\":[{\"@type\":\"Article\",\"@id\":\"https:\\\/\\\/aconteceunovale.com.br\\\/portal\\\/?p=72483#article\",\"isPartOf\":{\"@id\":\"https:\\\/\\\/aconteceunovale.com.br\\\/portal\\\/?p=72483\"},\"author\":{\"name\":\"Reda\u00e7\u00e3o Aconteceu no Vale\",\"@id\":\"https:\\\/\\\/aconteceunovale.com.br\\\/portal\\\/#\\\/schema\\\/person\\\/7d2f26d1483f8a63de73da1ee0754d35\"},\"headline\":\"Prefeito de Mariana \u00e9 internado com suspeita de infarto\",\"datePublished\":\"2015-11-08T14:40:42+00:00\",\"dateModified\":\"2015-11-09T20:30:03+00:00\",\"mainEntityOfPage\":{\"@id\":\"https:\\\/\\\/aconteceunovale.com.br\\\/portal\\\/?p=72483\"},\"wordCount\":353,\"commentCount\":0,\"image\":{\"@id\":\"https:\\\/\\\/aconteceunovale.com.br\\\/portal\\\/?p=72483#primaryimage\"},\"thumbnailUrl\":\"https:\\\/\\\/aconteceunovale.com.br\\\/portal\\\/wp-content\\\/uploads\\\/2015\\\/11\\\/prefeito_de_mariana.jpg\",\"keywords\":[\"Bento Rodrigues\",\"cat\u00e1strofe ambiental em Bento Rodrigues\",\"cat\u00e1strofe ambiental em Mariana\",\"Duarte J\u00fanior\",\"estado de sa\u00fade do prefeito de mariana\",\"Hospital Monsenhor Horta\",\"Mariana\",\"Prefeito de Mariana \u00e9 internado com suspeita de infarto\",\"rompimento de barragem da samarco em Mariana\",\"rompimento de barragem em Bento Rodrigues\",\"rompimento de barragem em mariana\",\"rompimento de barragens da samarco em Bento Rodrigues\",\"rompimento de barragens em bento rodrigues\",\"rompimento de barragens em mariana\",\"Samarco\",\"sa\u00fade do prefeito de mariana\",\"trag\u00e9dia de bento rodrigues\",\"trag\u00e9dia de mariana\",\"trag\u00e9dia em bento rodrigues\",\"trag\u00e9dia em mariana\"],\"articleSection\":[\"Minas Gerais\"],\"inLanguage\":\"pt-BR\",\"potentialAction\":[{\"@type\":\"CommentAction\",\"name\":\"Comment\",\"target\":[\"https:\\\/\\\/aconteceunovale.com.br\\\/portal\\\/?p=72483#respond\"]}]},{\"@type\":\"WebPage\",\"@id\":\"https:\\\/\\\/aconteceunovale.com.br\\\/portal\\\/?p=72483\",\"url\":\"https:\\\/\\\/aconteceunovale.com.br\\\/portal\\\/?p=72483\",\"name\":\"Prefeito de Mariana \u00e9 internado com suspeita de infarto - Aconteceu no Vale\",\"isPartOf\":{\"@id\":\"https:\\\/\\\/aconteceunovale.com.br\\\/portal\\\/#website\"},\"primaryImageOfPage\":{\"@id\":\"https:\\\/\\\/aconteceunovale.com.br\\\/portal\\\/?p=72483#primaryimage\"},\"image\":{\"@id\":\"https:\\\/\\\/aconteceunovale.com.br\\\/portal\\\/?p=72483#primaryimage\"},\"thumbnailUrl\":\"https:\\\/\\\/aconteceunovale.com.br\\\/portal\\\/wp-content\\\/uploads\\\/2015\\\/11\\\/prefeito_de_mariana.jpg\",\"datePublished\":\"2015-11-08T14:40:42+00:00\",\"dateModified\":\"2015-11-09T20:30:03+00:00\",\"author\":{\"@id\":\"https:\\\/\\\/aconteceunovale.com.br\\\/portal\\\/#\\\/schema\\\/person\\\/7d2f26d1483f8a63de73da1ee0754d35\"},\"breadcrumb\":{\"@id\":\"https:\\\/\\\/aconteceunovale.com.br\\\/portal\\\/?p=72483#breadcrumb\"},\"inLanguage\":\"pt-BR\",\"potentialAction\":[{\"@type\":\"ReadAction\",\"target\":[\"https:\\\/\\\/aconteceunovale.com.br\\\/portal\\\/?p=72483\"]}]},{\"@type\":\"ImageObject\",\"inLanguage\":\"pt-BR\",\"@id\":\"https:\\\/\\\/aconteceunovale.com.br\\\/portal\\\/?p=72483#primaryimage\",\"url\":\"https:\\\/\\\/aconteceunovale.com.br\\\/portal\\\/wp-content\\\/uploads\\\/2015\\\/11\\\/prefeito_de_mariana.jpg\",\"contentUrl\":\"https:\\\/\\\/aconteceunovale.com.br\\\/portal\\\/wp-content\\\/uploads\\\/2015\\\/11\\\/prefeito_de_mariana.jpg\",\"width\":676,\"height\":450},{\"@type\":\"BreadcrumbList\",\"@id\":\"https:\\\/\\\/aconteceunovale.com.br\\\/portal\\\/?p=72483#breadcrumb\",\"itemListElement\":[{\"@type\":\"ListItem\",\"position\":1,\"name\":\"In\u00edcio\",\"item\":\"https:\\\/\\\/aconteceunovale.com.br\\\/portal\\\/\"},{\"@type\":\"ListItem\",\"position\":2,\"name\":\"Prefeito de Mariana \u00e9 internado com suspeita de infarto\"}]},{\"@type\":\"WebSite\",\"@id\":\"https:\\\/\\\/aconteceunovale.com.br\\\/portal\\\/#website\",\"url\":\"https:\\\/\\\/aconteceunovale.com.br\\\/portal\\\/\",\"name\":\"Aconteceu no Vale\",\"description\":\"Portal de Not\u00edcias\",\"potentialAction\":[{\"@type\":\"SearchAction\",\"target\":{\"@type\":\"EntryPoint\",\"urlTemplate\":\"https:\\\/\\\/aconteceunovale.com.br\\\/portal\\\/?s={search_term_string}\"},\"query-input\":{\"@type\":\"PropertyValueSpecification\",\"valueRequired\":true,\"valueName\":\"search_term_string\"}}],\"inLanguage\":\"pt-BR\"},{\"@type\":\"Person\",\"@id\":\"https:\\\/\\\/aconteceunovale.com.br\\\/portal\\\/#\\\/schema\\\/person\\\/7d2f26d1483f8a63de73da1ee0754d35\",\"name\":\"Reda\u00e7\u00e3o Aconteceu no Vale\",\"description\":\"Equipe de reportagem do Aconteceu no Vale, portal de not\u00edcias do Vale do Jequitinhonha, em Minas Gerais. Cobrimos as 51 cidades do Vale desde 2013. Sugest\u00f5es de pauta e pedidos de corre\u00e7\u00e3o: contato@aconteceunovale.com.br\",\"url\":\"https:\\\/\\\/aconteceunovale.com.br\\\/portal\\\/?author=4\"}]}<\/script>\n<!-- \/ Yoast SEO plugin. -->","yoast_head_json":{"title":"Prefeito de Mariana \u00e9 internado com suspeita de infarto - Aconteceu no Vale","robots":{"index":"index","follow":"follow","max-snippet":"max-snippet:-1","max-image-preview":"max-image-preview:large","max-video-preview":"max-video-preview:-1"},"canonical":"https:\/\/aconteceunovale.com.br\/portal\/?p=72483","og_locale":"pt_BR","og_type":"article","og_title":"Prefeito de Mariana \u00e9 internado com suspeita de infarto - Aconteceu no Vale","og_description":"O prefeito de Mariana, Duarte J\u00fanior, de 35 anos, foi internado na manh\u00e3 de hoje (8) e passa por uma bateria de exames no Hospital Monsenhor Horta. A suspeita \u00e9 que ele tenha sofrido um princ\u00edpio de infarto na manh\u00e3 de hoje. Segundo boletim m\u00e9dico divulgado h\u00e1 pouco pela assessoria de imprensa do prefeito, &#8220;foi [&hellip;]","og_url":"https:\/\/aconteceunovale.com.br\/portal\/?p=72483","og_site_name":"Aconteceu no Vale","article_publisher":"https:\/\/www.facebook.com\/aconteceunovale\/","article_published_time":"2015-11-08T14:40:42+00:00","article_modified_time":"2015-11-09T20:30:03+00:00","og_image":[{"width":676,"height":450,"url":"https:\/\/aconteceunovale.com.br\/portal\/wp-content\/uploads\/2015\/11\/prefeito_de_mariana.jpg","type":"image\/jpeg"}],"author":"Reda\u00e7\u00e3o Aconteceu no Vale","twitter_card":"summary_large_image","twitter_creator":"@noticiadosvales","twitter_site":"@noticiadosvales","twitter_misc":{"Escrito por":"Reda\u00e7\u00e3o Aconteceu no Vale","Est. tempo de leitura":"2 minutos"},"schema":{"@context":"https:\/\/schema.org","@graph":[{"@type":"Article","@id":"https:\/\/aconteceunovale.com.br\/portal\/?p=72483#article","isPartOf":{"@id":"https:\/\/aconteceunovale.com.br\/portal\/?p=72483"},"author":{"name":"Reda\u00e7\u00e3o Aconteceu no Vale","@id":"https:\/\/aconteceunovale.com.br\/portal\/#\/schema\/person\/7d2f26d1483f8a63de73da1ee0754d35"},"headline":"Prefeito de Mariana \u00e9 internado com suspeita de infarto","datePublished":"2015-11-08T14:40:42+00:00","dateModified":"2015-11-09T20:30:03+00:00","mainEntityOfPage":{"@id":"https:\/\/aconteceunovale.com.br\/portal\/?p=72483"},"wordCount":353,"commentCount":0,"image":{"@id":"https:\/\/aconteceunovale.com.br\/portal\/?p=72483#primaryimage"},"thumbnailUrl":"https:\/\/aconteceunovale.com.br\/portal\/wp-content\/uploads\/2015\/11\/prefeito_de_mariana.jpg","keywords":["Bento Rodrigues","cat\u00e1strofe ambiental em Bento Rodrigues","cat\u00e1strofe ambiental em Mariana","Duarte J\u00fanior","estado de sa\u00fade do prefeito de mariana","Hospital Monsenhor Horta","Mariana","Prefeito de Mariana \u00e9 internado com suspeita de infarto","rompimento de barragem da samarco em Mariana","rompimento de barragem em Bento Rodrigues","rompimento de barragem em mariana","rompimento de barragens da samarco em Bento Rodrigues","rompimento de barragens em bento rodrigues","rompimento de barragens em mariana","Samarco","sa\u00fade do prefeito de mariana","trag\u00e9dia de bento rodrigues","trag\u00e9dia de mariana","trag\u00e9dia em bento rodrigues","trag\u00e9dia em mariana"],"articleSection":["Minas Gerais"],"inLanguage":"pt-BR","potentialAction":[{"@type":"CommentAction","name":"Comment","target":["https:\/\/aconteceunovale.com.br\/portal\/?p=72483#respond"]}]},{"@type":"WebPage","@id":"https:\/\/aconteceunovale.com.br\/portal\/?p=72483","url":"https:\/\/aconteceunovale.com.br\/portal\/?p=72483","name":"Prefeito de Mariana \u00e9 internado com suspeita de infarto - Aconteceu no Vale","isPartOf":{"@id":"https:\/\/aconteceunovale.com.br\/portal\/#website"},"primaryImageOfPage":{"@id":"https:\/\/aconteceunovale.com.br\/portal\/?p=72483#primaryimage"},"image":{"@id":"https:\/\/aconteceunovale.com.br\/portal\/?p=72483#primaryimage"},"thumbnailUrl":"https:\/\/aconteceunovale.com.br\/portal\/wp-content\/uploads\/2015\/11\/prefeito_de_mariana.jpg","datePublished":"2015-11-08T14:40:42+00:00","dateModified":"2015-11-09T20:30:03+00:00","author":{"@id":"https:\/\/aconteceunovale.com.br\/portal\/#\/schema\/person\/7d2f26d1483f8a63de73da1ee0754d35"},"breadcrumb":{"@id":"https:\/\/aconteceunovale.com.br\/portal\/?p=72483#breadcrumb"},"inLanguage":"pt-BR","potentialAction":[{"@type":"ReadAction","target":["https:\/\/aconteceunovale.com.br\/portal\/?p=72483"]}]},{"@type":"ImageObject","inLanguage":"pt-BR","@id":"https:\/\/aconteceunovale.com.br\/portal\/?p=72483#primaryimage","url":"https:\/\/aconteceunovale.com.br\/portal\/wp-content\/uploads\/2015\/11\/prefeito_de_mariana.jpg","contentUrl":"https:\/\/aconteceunovale.com.br\/portal\/wp-content\/uploads\/2015\/11\/prefeito_de_mariana.jpg","width":676,"height":450},{"@type":"BreadcrumbList","@id":"https:\/\/aconteceunovale.com.br\/portal\/?p=72483#breadcrumb","itemListElement":[{"@type":"ListItem","position":1,"name":"In\u00edcio","item":"https:\/\/aconteceunovale.com.br\/portal\/"},{"@type":"ListItem","position":2,"name":"Prefeito de Mariana \u00e9 internado com suspeita de infarto"}]},{"@type":"WebSite","@id":"https:\/\/aconteceunovale.com.br\/portal\/#website","url":"https:\/\/aconteceunovale.com.br\/portal\/","name":"Aconteceu no Vale","description":"Portal de Not\u00edcias","potentialAction":[{"@type":"SearchAction","target":{"@type":"EntryPoint","urlTemplate":"https:\/\/aconteceunovale.com.br\/portal\/?s={search_term_string}"},"query-input":{"@type":"PropertyValueSpecification","valueRequired":true,"valueName":"search_term_string"}}],"inLanguage":"pt-BR"},{"@type":"Person","@id":"https:\/\/aconteceunovale.com.br\/portal\/#\/schema\/person\/7d2f26d1483f8a63de73da1ee0754d35","name":"Reda\u00e7\u00e3o Aconteceu no Vale","description":"Equipe de reportagem do Aconteceu no Vale, portal de not\u00edcias do Vale do Jequitinhonha, em Minas Gerais. Cobrimos as 51 cidades do Vale desde 2013. Sugest\u00f5es de pauta e pedidos de corre\u00e7\u00e3o: contato@aconteceunovale.com.br","url":"https:\/\/aconteceunovale.com.br\/portal\/?author=4"}]}},"_links":{"self":[{"href":"https:\/\/aconteceunovale.com.br\/portal\/index.php?rest_route=\/wp\/v2\/posts\/72483","targetHints":{"allow":["GET"]}}],"collection":[{"href":"https:\/\/aconteceunovale.com.br\/portal\/index.php?rest_route=\/wp\/v2\/posts"}],"about":[{"href":"https:\/\/aconteceunovale.com.br\/portal\/index.php?rest_route=\/wp\/v2\/types\/post"}],"author":[{"embeddable":true,"href":"https:\/\/aconteceunovale.com.br\/portal\/index.php?rest_route=\/wp\/v2\/users\/4"}],"replies":[{"embeddable":true,"href":"https:\/\/aconteceunovale.com.br\/portal\/index.php?rest_route=%2Fwp%2Fv2%2Fcomments&post=72483"}],"version-history":[{"count":0,"href":"https:\/\/aconteceunovale.com.br\/portal\/index.php?rest_route=\/wp\/v2\/posts\/72483\/revisions"}],"wp:featuredmedia":[{"embeddable":true,"href":"https:\/\/aconteceunovale.com.br\/portal\/index.php?rest_route=\/wp\/v2\/media\/72344"}],"wp:attachment":[{"href":"https:\/\/aconteceunovale.com.br\/portal\/index.php?rest_route=%2Fwp%2Fv2%2Fmedia&parent=72483"}],"wp:term":[{"taxonomy":"category","embeddable":true,"href":"https:\/\/aconteceunovale.com.br\/portal\/index.php?rest_route=%2Fwp%2Fv2%2Fcategories&post=72483"},{"taxonomy":"post_tag","embeddable":true,"href":"https:\/\/aconteceunovale.com.br\/portal\/index.php?rest_route=%2Fwp%2Fv2%2Ftags&post=72483"}],"curies":[{"name":"wp","href":"https:\/\/api.w.org\/{rel}","templated":true}]}}