{"id":72452,"date":"2015-11-09T08:06:59","date_gmt":"2015-11-09T11:06:59","guid":{"rendered":"http:\/\/aconteceunovale.com.br\/portal\/?p=72452"},"modified":"2015-11-09T22:55:03","modified_gmt":"2015-11-10T01:55:03","slug":"governador-valadares-so-tem-agua-para-mais-24-horas","status":"publish","type":"post","link":"https:\/\/aconteceunovale.com.br\/portal\/?p=72452","title":{"rendered":"Governador Valadares s\u00f3 tem \u00e1gua para mais 24 horas"},"content":{"rendered":"<p>Governador Valadares, no Leste de Minas Gerais, s\u00f3 tem \u00e1gua para abastecer sua popula\u00e7\u00e3o por mais 24 horas. A lama que vazou no rompimento das barragens da mineradora Samarco em Mariana, na Regi\u00e3o Central de Minas, na quinta-feira (5), e chegou ao Rio Doce, alcan\u00e7ou ontem o munic\u00edpio de 278 mil habitantes. Com isso, o Servi\u00e7o Aut\u00f4nomo de Abastecimento de \u00c1gua e Esgoto (SAAE) interrompeu a capta\u00e7\u00e3o no rio e pediu aos moradores para economizarem \u00e1gua. Em nota, a administra\u00e7\u00e3o municipal informou que n\u00e3o h\u00e1 prazo para a retomada da capta\u00e7\u00e3o e, por isso, todo desperd\u00edcio deve ser evitado.<\/p>\n<p>A interrup\u00e7\u00e3o na capta\u00e7\u00e3o da \u00e1gua no leito do Rio Doce ocorreu por volta das 13h de ontem (8), quando os primeiros sinais de polui\u00e7\u00e3o apareceram no curso d\u2019\u00e1gua, antes que ela chegasse ao munic\u00edpio. O SAAE coletou amostras da \u00e1gua e as an\u00e1lises demonstraram que o n\u00edvel de contamina\u00e7\u00e3o \u00e9 alto, o que impede o tratamento at\u00e9 que a lama se dilua.<\/p>\n<p>De acordo com Vilmar Rios, diretor-adjunto do SAAE, n\u00e3o h\u00e1 como saber por quanto tempo a contamina\u00e7\u00e3o vai prejudicar a capta\u00e7\u00e3o no Rio Doce. Por volta das 16h, carros de som contratados pela prefeitura come\u00e7aram a percorrer as ruas da cidade, refor\u00e7ando o pedido para que todos fa\u00e7am economia de \u00e1gua. A defesa civil municipal previa que o maior volume de lama passasse pela cidade por volta das 21h.<\/p>\n<p>A interrup\u00e7\u00e3o da capta\u00e7\u00e3o de \u00e1gua em Governador Valadares \u00e9 mais um drama resultante do rompimento das barragens do Fund\u00e3o e Santar\u00e9m, da mineradora Samarco. Horas depois da trag\u00e9dia, a avalanche de lama atingiu os rios Gualaxo e Carmo e inundou a cidade de Barra Longa. Na manh\u00e3 de sexta-feira, os respons\u00e1veis pela represa de Candonga, em Santa Cruz do Escalvado, tiveram que abrir as comportas da hidrel\u00e9trica para impedir que o grande volume de \u00e1gua e lama destru\u00edsse a barragem. Com isso, a lama de rejeitos chegou ao leito do Rio Doce, deixando rastros de polui\u00e7\u00e3o em munic\u00edpios como Rio Doce, Naque, Ipatinga e Valadares. Ontem \u00e0 tarde, os primeiros sinais de polui\u00e7\u00e3o chegaram a Colatina, no Esp\u00edrito Santo, com moradores denunciando que a \u00e1gua tratada nas torneiras estava marrom e com um cheiro forte.<\/p>\n<h4><strong>Leia mais [+]:<\/strong><\/h4>\n<h4><a href=\"http:\/\/aconteceunovale.com.br\/portal\/?p=72457\" target=\"_blank\">&#8211; Governador Valadares pode buscar \u00e1gua em cidades vizinhas em caso de desabastecimento<\/a><\/h4>\n<h4><a href=\"http:\/\/aconteceunovale.com.br\/portal\/?p=72598\" target=\"_blank\">&#8211; Lama liberada da Usina de Baguari deve deixar Governador Valadares em situa\u00e7\u00e3o cr\u00edtica<\/a><\/h4>\n<h4><a href=\"http:\/\/aconteceunovale.com.br\/portal\/?p=72411\" target=\"_blank\">&#8211; Lama chega a Governador Valadares e prefeitura suspende capta\u00e7\u00e3o de \u00e1gua no Rio Doce<\/a><\/h4>\n<p><\/br><\/p>\n<p><strong>Turbidez acima do limite legal<\/strong><\/p>\n<p>As primeiras an\u00e1lises feitas pelo Instituto Mineiro de Gest\u00e3o das \u00c1guas (Igam) na bacia hidrogr\u00e1fica do Rio Doce, pr\u00f3ximo a Bento Rodrigues, apontam que a turbidez e a condutividade el\u00e9trica est\u00e3o acima do limite legal, pela presen\u00e7a de s\u00f3lido (barro) na \u00e1gua. O Sistema Estadual de Meio Ambiente e Recursos H\u00eddricos (Sisema) informou ontem que ainda ser\u00e3o analisadas amostras de sedimentos nos pontos de amostras de \u00e1gua para varredura dos metais e quantifica\u00e7\u00e3o dos metais de interesse (metais pesados). Al\u00e9m disso, ser\u00e1 realizada a caracteriza\u00e7\u00e3o da lama. Tais an\u00e1lises indicar\u00e3o a qualidade da \u00e1gua para o abastecimento humano.<\/p>\n<p><em>(Fonte: Estado de Minas)<\/em><\/p>\n","protected":false},"excerpt":{"rendered":"<p>Governador Valadares, no Leste de Minas Gerais, s\u00f3 tem \u00e1gua para abastecer sua popula\u00e7\u00e3o por mais 24 horas. A lama que vazou no rompimento das barragens da mineradora Samarco em Mariana, na Regi\u00e3o Central de Minas, na quinta-feira (5), e chegou ao Rio Doce, alcan\u00e7ou ontem o munic\u00edpio de 278 mil habitantes. Com isso, o [&hellip;]<\/p>\n","protected":false},"author":4,"featured_media":72454,"comment_status":"open","ping_status":"closed","sticky":false,"template":"","format":"standard","meta":{"amp_status":"","footnotes":""},"categories":[121],"tags":[52411,59520,65555,64354,1018,32386,247,65551,65504,65502,65503,65553,7363,65505,65506,65554,65552,65315,65336,65337,2132,64405,65507,65508,18801],"class_list":["post-72452","post","type-post","status-publish","format-standard","has-post-thumbnail","hentry","category-leste","tag-abastecimento-de-agua-em-governador-valadares","tag-bento-rodrigues","tag-contaminacao-do-rio-doce","tag-desabastecimento-de-agua-em-governador-valadares","tag-destaque","tag-falta-de-agua-em-governador-valadares","tag-governador-valadares","tag-governador-valadares-so-tem-agua-para-mais-24-horas","tag-interrupcao-na-captacao-de-agua-em-governador-valadares","tag-lama-chega-a-governador-valadares","tag-lama-de-rejeitos-das-barragens-da-samarco-em-mariana","tag-lama-de-rejeitos-de-minerio-compromete-a-fauna-do-rio-doce","tag-mariana","tag-onda-de-lama-chega-a-governador-valadares","tag-onda-de-lama-chega-a-valadares","tag-poluicao-do-rio-doce","tag-rompimento-das-barragens-da-mineradora-samarco-em-mariana","tag-rompimento-de-barragens-em-bento-rodrigues","tag-rompimento-de-barragens-em-mariana","tag-rompimento-de-barragens-em-minas-gerais","tag-saae","tag-saae-governador-valadares","tag-tragedia-de-bento-rodrigues","tag-tragedia-de-mariana","tag-valadares"],"_links":{"self":[{"href":"https:\/\/aconteceunovale.com.br\/portal\/index.php?rest_route=\/wp\/v2\/posts\/72452","targetHints":{"allow":["GET"]}}],"collection":[{"href":"https:\/\/aconteceunovale.com.br\/portal\/index.php?rest_route=\/wp\/v2\/posts"}],"about":[{"href":"https:\/\/aconteceunovale.com.br\/portal\/index.php?rest_route=\/wp\/v2\/types\/post"}],"author":[{"embeddable":true,"href":"https:\/\/aconteceunovale.com.br\/portal\/index.php?rest_route=\/wp\/v2\/users\/4"}],"replies":[{"embeddable":true,"href":"https:\/\/aconteceunovale.com.br\/portal\/index.php?rest_route=%2Fwp%2Fv2%2Fcomments&post=72452"}],"version-history":[{"count":0,"href":"https:\/\/aconteceunovale.com.br\/portal\/index.php?rest_route=\/wp\/v2\/posts\/72452\/revisions"}],"wp:featuredmedia":[{"embeddable":true,"href":"https:\/\/aconteceunovale.com.br\/portal\/index.php?rest_route=\/wp\/v2\/media\/72454"}],"wp:attachment":[{"href":"https:\/\/aconteceunovale.com.br\/portal\/index.php?rest_route=%2Fwp%2Fv2%2Fmedia&parent=72452"}],"wp:term":[{"taxonomy":"category","embeddable":true,"href":"https:\/\/aconteceunovale.com.br\/portal\/index.php?rest_route=%2Fwp%2Fv2%2Fcategories&post=72452"},{"taxonomy":"post_tag","embeddable":true,"href":"https:\/\/aconteceunovale.com.br\/portal\/index.php?rest_route=%2Fwp%2Fv2%2Ftags&post=72452"}],"curies":[{"name":"wp","href":"https:\/\/api.w.org\/{rel}","templated":true}]}}