{"id":72448,"date":"2015-11-09T07:53:59","date_gmt":"2015-11-09T10:53:59","guid":{"rendered":"http:\/\/aconteceunovale.com.br\/portal\/?p=72448"},"modified":"2015-11-09T07:53:59","modified_gmt":"2015-11-09T10:53:59","slug":"protesto-de-caminhoneiros-bloqueia-pelo-menos-tres-rodovias-que-cortam-minas-gerais","status":"publish","type":"post","link":"https:\/\/aconteceunovale.com.br\/portal\/?p=72448","title":{"rendered":"Protesto de caminhoneiros bloqueia pelo menos tr\u00eas rodovias que cortam Minas Gerais"},"content":{"rendered":"<p>Caminhoneiros iniciaram nesta segunda-feira (9\/11) protestos em diversas rodovias brasileiras, incluindo v\u00e1rias que cortam Minas Gerais. No Estado, conforme a Pol\u00edcia Rodovi\u00e1ria Federal (PRF), h\u00e1 bloqueio parcial em ao menos cinco trechos.<\/p>\n<p>De acordo com o \u00f3rg\u00e3o, os manifestantes est\u00e3o com ve\u00edculos enfileirados nos kms 359 e 513 da BR-381, nos munic\u00edpios de Jo\u00e3o Monlevade (regi\u00e3o Central) e Igarap\u00e9 (regi\u00e3o Metropolitana de BH), respectivamente; no km 412 da BR-262, em Igaratinga (regi\u00e3o Centro-Oeste); e nos kms 627 e 633 da BR-040, ambas em Conselheiro Lafaiete (regi\u00e3o Central).<\/p>\n<p>O protesto teve in\u00edcio por volta das 1h e, at\u00e9 o momento, n\u00e3o foi registrado confronto entre os grevistas e os policiais. A promessa \u00e9 de que a manifesta\u00e7\u00e3o ocorram em v\u00e1rios estados.<\/p>\n<p>A categoria exige redu\u00e7\u00e3o do pre\u00e7o do \u00f3leo diesel, a cria\u00e7\u00e3o do frete m\u00ednimo, sal\u00e1rio unificado em todo o Brasil, libera\u00e7\u00e3o de cr\u00e9dito com juros subsidiados no valor de R$ 50 mil para transportadores aut\u00f4nomos e ajuda do governo federal para refinanciamento de d\u00edvidas de compra de ve\u00edculos.<\/p>\n<p><iframe loading=\"lazy\" width=\"640\" height=\"480\" src=\"https:\/\/www.youtube.com\/embed\/Sfp-AJN8FW0\" frameborder=\"0\" allowfullscreen><\/iframe><br \/>\n<\/br><\/p>\n<p><em>(Fonte: Hoje em Dia)<\/em><\/p>\n","protected":false},"excerpt":{"rendered":"<p>Caminhoneiros iniciaram nesta segunda-feira (9\/11) protestos em diversas rodovias brasileiras, incluindo v\u00e1rias que cortam Minas Gerais. No Estado, conforme a Pol\u00edcia Rodovi\u00e1ria Federal (PRF), h\u00e1 bloqueio parcial em ao menos cinco trechos. De acordo com o \u00f3rg\u00e3o, os manifestantes est\u00e3o com ve\u00edculos enfileirados nos kms 359 e 513 da BR-381, nos munic\u00edpios de Jo\u00e3o Monlevade [&hellip;]<\/p>\n","protected":false},"author":4,"featured_media":72449,"comment_status":"open","ping_status":"closed","sticky":false,"template":"","format":"standard","meta":{"amp_status":"","footnotes":""},"categories":[123],"tags":[1528,42485,65548,1493,31134,1102,65547,65550,34628,34731,34730,65549],"class_list":["post-72448","post","type-post","status-publish","format-standard","has-post-thumbnail","hentry","category-gerais","tag-conselheiro-lafaiete","tag-greve-dos-caminhoneiros","tag-greve-dos-caminhoneiros-em-minas-gerais","tag-igarape","tag-igaratinga","tag-joao-monlevade","tag-protesto-de-caminhoneiros-bloqueia-pelo-menos-cinco-trechos-em-minas-gerais","tag-protesto-de-caminhoneiros-bloqueia-pelo-menos-tres-rodovias-que-cortam-minas-gerais","tag-protesto-dos-caminhoneiros","tag-protesto-dos-caminhoneiros-em-minas-gerais","tag-rodovias-bloqueadas-em-minas-gerais","tag-rodovias-interditadas-em-minas-gerais"],"_links":{"self":[{"href":"https:\/\/aconteceunovale.com.br\/portal\/index.php?rest_route=\/wp\/v2\/posts\/72448","targetHints":{"allow":["GET"]}}],"collection":[{"href":"https:\/\/aconteceunovale.com.br\/portal\/index.php?rest_route=\/wp\/v2\/posts"}],"about":[{"href":"https:\/\/aconteceunovale.com.br\/portal\/index.php?rest_route=\/wp\/v2\/types\/post"}],"author":[{"embeddable":true,"href":"https:\/\/aconteceunovale.com.br\/portal\/index.php?rest_route=\/wp\/v2\/users\/4"}],"replies":[{"embeddable":true,"href":"https:\/\/aconteceunovale.com.br\/portal\/index.php?rest_route=%2Fwp%2Fv2%2Fcomments&post=72448"}],"version-history":[{"count":0,"href":"https:\/\/aconteceunovale.com.br\/portal\/index.php?rest_route=\/wp\/v2\/posts\/72448\/revisions"}],"wp:featuredmedia":[{"embeddable":true,"href":"https:\/\/aconteceunovale.com.br\/portal\/index.php?rest_route=\/wp\/v2\/media\/72449"}],"wp:attachment":[{"href":"https:\/\/aconteceunovale.com.br\/portal\/index.php?rest_route=%2Fwp%2Fv2%2Fmedia&parent=72448"}],"wp:term":[{"taxonomy":"category","embeddable":true,"href":"https:\/\/aconteceunovale.com.br\/portal\/index.php?rest_route=%2Fwp%2Fv2%2Fcategories&post=72448"},{"taxonomy":"post_tag","embeddable":true,"href":"https:\/\/aconteceunovale.com.br\/portal\/index.php?rest_route=%2Fwp%2Fv2%2Ftags&post=72448"}],"curies":[{"name":"wp","href":"https:\/\/api.w.org\/{rel}","templated":true}]}}