{"id":72446,"date":"2015-11-09T07:35:07","date_gmt":"2015-11-09T10:35:07","guid":{"rendered":"http:\/\/aconteceunovale.com.br\/portal\/?p=72446"},"modified":"2015-11-09T07:35:07","modified_gmt":"2015-11-09T10:35:07","slug":"plantao-do-samu-no-norte-de-minas-gerais-06-a-08-de-novembro-de-2015","status":"publish","type":"post","link":"https:\/\/aconteceunovale.com.br\/portal\/?p=72446","title":{"rendered":"Plant\u00e3o do Samu no Norte de Minas Gerais, 06 a 08 de novembro de 2015"},"content":{"rendered":"<h4><strong><em>Final de semana, 06 a 08 de novembro de 2015<\/em><\/strong><\/h4>\n<p>As unidades do SAMU realizaram no final de semana, em Montes Claros, 165 atendimentos, sendo 118 casos cl\u00ednicos; 38 pessoas feridas em acidente de tr\u00e2nsito; 02 gestantes em trabalho de parto; 02 v\u00edtimas de agress\u00e3o f\u00edsica; 01 ferimento por arma de fogo; 02 v\u00edtimas de queda; 02 ferimentos por arma branca, com um \u00f3bito.<\/p>\n<p>No domingo, 08\/11, as unidades do SAMU atenderam a 12 pessoas feridas em acidente de tr\u00e2nsito envolvendo carro e motocicleta; uma mulher de 42 anos atropelada por \u00f4nibus na Vila Sion; uma crian\u00e7a de 06 anos que sofreu atropelamento por moto no bairro Maracan\u00e3; duas pessoas feridas ao cair de bicicleta nos bairros Nossa Senhora das Gra\u00e7as e no Santos Reis; um homem de 26 anos que sofreu agress\u00e3o f\u00edsica no bairro Santa Rita (atingido na cabe\u00e7a por uma garrafa); duas gestantes em trabalho de parto; um homem de 43 anos que caiu de uma altura de cerca de 3 metros e um rapaz de 18 anos que caiu de skate, ambos no bairro Carmelo; um homem de 55 anos que sofreu agress\u00e3o f\u00edsica no bairro Panorama (agredido com um taco de sinuca); e dois homens feridos por arma branca no bairro Interlagos, sendo que um deles, Jo\u00e3o Ramos Freitas, de 53 anos, foi atingido na regi\u00e3o tor\u00e1cica e n\u00e3o resistiu aos ferimentos, indo a \u00f3bito no local. A outra v\u00edtima n\u00e3o portava documentos de identifica\u00e7\u00e3o e foi socorrido e encaminhado ao hospital.<\/p>\n<p>No s\u00e1bado, 07\/11, foram 05 pessoas feridas em acidente de tr\u00e2nsito envolvendo carro e motocicleta e 01 por queda de bicicleta; e 01 homem de 27 anos ferido por arma de fogo no bairro Cintra. Ele foi atingido no ombro, nas costas e na coxa, mas resistiu aos ferimentos e foi encaminhado ao hospital ap\u00f3s receber os primeiros atendimentos no local.<\/p>\n<p>Na sexta-feira, 06\/11, as unidades do SAMU atenderam a 14 pessoas feridas em acidente de tr\u00e2nsito, todos envolvendo carro e motocicleta.<\/p>\n<p>Em todas as ocorr\u00eancias os feridos receberam os primeiros atendimentos no local e foram encaminhados ao hospital para avalia\u00e7\u00e3o. (Jer\u00fasia Arruda)<\/p>\n","protected":false},"excerpt":{"rendered":"<p>Final de semana, 06 a 08 de novembro de 2015 As unidades do SAMU realizaram no final de semana, em Montes Claros, 165 atendimentos, sendo 118 casos cl\u00ednicos; 38 pessoas feridas em acidente de tr\u00e2nsito; 02 gestantes em trabalho de parto; 02 v\u00edtimas de agress\u00e3o f\u00edsica; 01 ferimento por arma de fogo; 02 v\u00edtimas de [&hellip;]<\/p>\n","protected":false},"author":4,"featured_media":56029,"comment_status":"open","ping_status":"closed","sticky":false,"template":"","format":"standard","meta":{"amp_status":"","footnotes":""},"categories":[1236],"tags":[65545,206036,210,24659,24089,18898,18108,65546,18629,21139,4040],"class_list":["post-72446","post","type-post","status-publish","format-standard","has-post-thumbnail","hentry","category-norte_de_minas","tag-06-a-08-de-novembro-de-2015","tag-jerusia-arruda","tag-montes-claros","tag-plantao-do-samu-de-montes-claros","tag-plantao-do-samu-do-norte-de-minas","tag-plantao-do-samu-macro-norte","tag-plantao-do-samu-no-norte-de-minas-gerais","tag-plantao-do-samu-no-norte-de-minas-gerais-06-a-08-de-novembro-de-2015","tag-samu-de-montes-claros","tag-samu-do-norte-de-minas","tag-samu-macro-norte"],"_links":{"self":[{"href":"https:\/\/aconteceunovale.com.br\/portal\/index.php?rest_route=\/wp\/v2\/posts\/72446","targetHints":{"allow":["GET"]}}],"collection":[{"href":"https:\/\/aconteceunovale.com.br\/portal\/index.php?rest_route=\/wp\/v2\/posts"}],"about":[{"href":"https:\/\/aconteceunovale.com.br\/portal\/index.php?rest_route=\/wp\/v2\/types\/post"}],"author":[{"embeddable":true,"href":"https:\/\/aconteceunovale.com.br\/portal\/index.php?rest_route=\/wp\/v2\/users\/4"}],"replies":[{"embeddable":true,"href":"https:\/\/aconteceunovale.com.br\/portal\/index.php?rest_route=%2Fwp%2Fv2%2Fcomments&post=72446"}],"version-history":[{"count":0,"href":"https:\/\/aconteceunovale.com.br\/portal\/index.php?rest_route=\/wp\/v2\/posts\/72446\/revisions"}],"wp:featuredmedia":[{"embeddable":true,"href":"https:\/\/aconteceunovale.com.br\/portal\/index.php?rest_route=\/wp\/v2\/media\/56029"}],"wp:attachment":[{"href":"https:\/\/aconteceunovale.com.br\/portal\/index.php?rest_route=%2Fwp%2Fv2%2Fmedia&parent=72446"}],"wp:term":[{"taxonomy":"category","embeddable":true,"href":"https:\/\/aconteceunovale.com.br\/portal\/index.php?rest_route=%2Fwp%2Fv2%2Fcategories&post=72446"},{"taxonomy":"post_tag","embeddable":true,"href":"https:\/\/aconteceunovale.com.br\/portal\/index.php?rest_route=%2Fwp%2Fv2%2Ftags&post=72446"}],"curies":[{"name":"wp","href":"https:\/\/api.w.org\/{rel}","templated":true}]}}