{"id":72444,"date":"2015-11-09T07:28:51","date_gmt":"2015-11-09T10:28:51","guid":{"rendered":"http:\/\/aconteceunovale.com.br\/portal\/?p=72444"},"modified":"2015-11-09T07:28:51","modified_gmt":"2015-11-09T10:28:51","slug":"previsao-do-tempo-para-minas-gerais-nesta-segunda-feira-9-de-novembro","status":"publish","type":"post","link":"https:\/\/aconteceunovale.com.br\/portal\/?p=72444","title":{"rendered":"Previs\u00e3o do tempo para Minas Gerais, nesta segunda-feira, 9 de novembro"},"content":{"rendered":"<h4><strong><em>Previs\u00e3o do tempo para Minas Gerais, nesta segunda-feira, 9 de novembro. C\u00e9u nublado, com pancadas de chuva em v\u00e1rias regi\u00f5es do estado. Na capital, temperatura m\u00e1xima vai a 32 graus.<\/em><\/strong><\/h4>\n<p>Nesta segunda-feira (9\/11), \u00e1reas de instabilidade atmosf\u00e9ricas provocam pancadas de chuva e trovoadas em parte do Sudeste do pa\u00eds.<\/p>\n<p>Em Minas Gerais, o tempo deve ficar nublado a encoberto, com pancadas de chuva e trovoadas no Sul e Campo das Vertentes.<\/p>\n<p>Nas regi\u00f5es Metropolitana, Tri\u00e2ngulo, Alto Parana\u00edba, Oeste, Rio Doce e  Zona da Mata, o tempo deve ficar parcialmente nublado, com pancadas de chuva. Nas demais regi\u00f5es do estado, o dia ser\u00e1 de tempo ensolarado a parcialmente nublado.<\/p>\n<p>Em Belo Horizonte, o dia ser\u00e1 de tempo inst\u00e1vel, a temperatura m\u00ednima registrada foi de 19\u00b0C, a m\u00e1xima prevista \u00e9 de 32\u00b0C e a umidade relativa do ar \u00e0 tarde deve ficar na casa dos 40%.<\/p>\n<p>A tend\u00eancia ao longo da semana \u00e9 de ocorr\u00eancia de chuvas no Sul e Oeste do estado.<\/p>\n","protected":false},"excerpt":{"rendered":"<p>Previs\u00e3o do tempo para Minas Gerais, nesta segunda-feira, 9 de novembro. C\u00e9u nublado, com pancadas de chuva em v\u00e1rias regi\u00f5es do estado. Na capital, temperatura m\u00e1xima vai a 32 graus. Nesta segunda-feira (9\/11), \u00e1reas de instabilidade atmosf\u00e9ricas provocam pancadas de chuva e trovoadas em parte do Sudeste do pa\u00eds. Em Minas Gerais, o tempo deve [&hellip;]<\/p>\n","protected":false},"author":4,"featured_media":71793,"comment_status":"open","ping_status":"closed","sticky":false,"template":"","format":"standard","meta":{"amp_status":"","footnotes":""},"categories":[123],"tags":[65542,44471,1956,1839,65543,28170,65544],"class_list":["post-72444","post","type-post","status-publish","format-standard","has-post-thumbnail","hentry","category-gerais","tag-9-de-novembro","tag-nesta-segunda-feira","tag-previsao-do-tempo","tag-previsao-do-tempo-para-minas-gerais","tag-previsao-do-tempo-para-minas-gerais-9-de-novembro","tag-previsao-do-tempo-para-minas-gerais-nesta-segunda-feira","tag-previsao-do-tempo-para-minas-gerais-nesta-segunda-feira-9-de-novembro"],"_links":{"self":[{"href":"https:\/\/aconteceunovale.com.br\/portal\/index.php?rest_route=\/wp\/v2\/posts\/72444","targetHints":{"allow":["GET"]}}],"collection":[{"href":"https:\/\/aconteceunovale.com.br\/portal\/index.php?rest_route=\/wp\/v2\/posts"}],"about":[{"href":"https:\/\/aconteceunovale.com.br\/portal\/index.php?rest_route=\/wp\/v2\/types\/post"}],"author":[{"embeddable":true,"href":"https:\/\/aconteceunovale.com.br\/portal\/index.php?rest_route=\/wp\/v2\/users\/4"}],"replies":[{"embeddable":true,"href":"https:\/\/aconteceunovale.com.br\/portal\/index.php?rest_route=%2Fwp%2Fv2%2Fcomments&post=72444"}],"version-history":[{"count":0,"href":"https:\/\/aconteceunovale.com.br\/portal\/index.php?rest_route=\/wp\/v2\/posts\/72444\/revisions"}],"wp:featuredmedia":[{"embeddable":true,"href":"https:\/\/aconteceunovale.com.br\/portal\/index.php?rest_route=\/wp\/v2\/media\/71793"}],"wp:attachment":[{"href":"https:\/\/aconteceunovale.com.br\/portal\/index.php?rest_route=%2Fwp%2Fv2%2Fmedia&parent=72444"}],"wp:term":[{"taxonomy":"category","embeddable":true,"href":"https:\/\/aconteceunovale.com.br\/portal\/index.php?rest_route=%2Fwp%2Fv2%2Fcategories&post=72444"},{"taxonomy":"post_tag","embeddable":true,"href":"https:\/\/aconteceunovale.com.br\/portal\/index.php?rest_route=%2Fwp%2Fv2%2Ftags&post=72444"}],"curies":[{"name":"wp","href":"https:\/\/api.w.org\/{rel}","templated":true}]}}