{"id":72411,"date":"2015-11-08T18:09:14","date_gmt":"2015-11-08T21:09:14","guid":{"rendered":"http:\/\/aconteceunovale.com.br\/portal\/?p=72411"},"modified":"2015-11-08T18:09:14","modified_gmt":"2015-11-08T21:09:14","slug":"lama-chega-a-governador-valadares-e-prefeitura-suspende-captacao-de-agua-no-rio-doce","status":"publish","type":"post","link":"https:\/\/aconteceunovale.com.br\/portal\/?p=72411","title":{"rendered":"Lama chega a Governador Valadares e prefeitura suspende capta\u00e7\u00e3o de \u00e1gua no Rio Doce"},"content":{"rendered":"<p>O Servi\u00e7o Aut\u00f4nomo de Abastecimento de \u00c1gua e Esgoto (SAAE) de Governador Valadares, no Vale do Rio Doce, suspendeu \u00e0s 13 horas deste domingo (8\/11) a coleta de \u00e1gua do Rio Doce, contaminada pela lama de rejeitos das barragens da Samarco em Mariana, na Regi\u00e3o Central de Minas, na quinta-feira (5\/11). <\/p>\n<p><em>&#8220;Governador Valadares vive uma situa\u00e7\u00e3o de emerg\u00eancia. Os moradores devem economizar \u00e1gua ao m\u00e1ximo e tentar garantir o abastecimento com as pr\u00f3prias reservas de \u00e1gua (caixas). A Defesa Civil e o Corpo de Bombeiros alertam ainda para que ningu\u00e9m entre em contato com a \u00e1gua do rio Doce. Por causa da lama densa e contaminada que vem pelo rio, da barragem rompida em Mariana, foi preciso interromper a capta\u00e7\u00e3o e o tratamento de \u00e1gua, por causa do alto n\u00edvel de turbidez da \u00e1gua.<\/p>\n<p>Desde \u00e0s 13h deste domingo (8), a lama chegou a Governador Valadares. Mas, o pico maior da passagem dos res\u00edduos ainda est\u00e1 previsto para \u00e0s 21h, segundo os c\u00e1lculos da CPRM (Companhia de Pesquisa de Recursos Minerais), um dos \u00f3rg\u00e3os que v\u00eam monitorando a situa\u00e7\u00e3o.<\/p>\n<p>De acordo com as an\u00e1lises de \u00f3rg\u00e3os federais e estaduais como a CPRM, Copasa, Ag\u00eancia Nacional de \u00c1gua (ANA) e SAAE ainda n\u00e3o \u00e9 poss\u00edvel prever quando o tratamento poder\u00e1 ser restabelecido, porque ainda tem muita lama vindo nas \u00e1guas do rio Doce. Nenhum tratamento \u00e9 eficaz enquanto a lama n\u00e3o se diluir e passar.<\/p>\n<p>A Prefeitura est\u00e1 em alerta constante informando a popula\u00e7\u00e3o e preparando um plano de emerg\u00eancia para o caso da escassez de \u00e1gua. J\u00e1 solicitou aten\u00e7\u00e3o especial dos governos estadual e federal e \u00e0 pr\u00f3pria empresa causadora da trag\u00e9dia.&#8221;<\/em>, diz a nota oficial divulgada pela Prefeitura Municipal.<\/p>\n","protected":false},"excerpt":{"rendered":"<p>O Servi\u00e7o Aut\u00f4nomo de Abastecimento de \u00c1gua e Esgoto (SAAE) de Governador Valadares, no Vale do Rio Doce, suspendeu \u00e0s 13 horas deste domingo (8\/11) a coleta de \u00e1gua do Rio Doce, contaminada pela lama de rejeitos das barragens da Samarco em Mariana, na Regi\u00e3o Central de Minas, na quinta-feira (5\/11). &#8220;Governador Valadares vive uma [&hellip;]<\/p>\n","protected":false},"author":4,"featured_media":72412,"comment_status":"open","ping_status":"closed","sticky":false,"template":"","format":"standard","meta":{"amp_status":"","footnotes":""},"categories":[121],"tags":[52411,59520,64354,1018,32386,247,65504,65502,65501,65503,7363,65505,65506,65315,65336,65337,2132,64405,65507,65508,18801],"class_list":["post-72411","post","type-post","status-publish","format-standard","has-post-thumbnail","hentry","category-leste","tag-abastecimento-de-agua-em-governador-valadares","tag-bento-rodrigues","tag-desabastecimento-de-agua-em-governador-valadares","tag-destaque","tag-falta-de-agua-em-governador-valadares","tag-governador-valadares","tag-interrupcao-na-captacao-de-agua-em-governador-valadares","tag-lama-chega-a-governador-valadares","tag-lama-chega-a-governador-valadares-e-prefeitura-suspende-captacao-de-agua-no-rio-doce","tag-lama-de-rejeitos-das-barragens-da-samarco-em-mariana","tag-mariana","tag-onda-de-lama-chega-a-governador-valadares","tag-onda-de-lama-chega-a-valadares","tag-rompimento-de-barragens-em-bento-rodrigues","tag-rompimento-de-barragens-em-mariana","tag-rompimento-de-barragens-em-minas-gerais","tag-saae","tag-saae-governador-valadares","tag-tragedia-de-bento-rodrigues","tag-tragedia-de-mariana","tag-valadares"],"_links":{"self":[{"href":"https:\/\/aconteceunovale.com.br\/portal\/index.php?rest_route=\/wp\/v2\/posts\/72411","targetHints":{"allow":["GET"]}}],"collection":[{"href":"https:\/\/aconteceunovale.com.br\/portal\/index.php?rest_route=\/wp\/v2\/posts"}],"about":[{"href":"https:\/\/aconteceunovale.com.br\/portal\/index.php?rest_route=\/wp\/v2\/types\/post"}],"author":[{"embeddable":true,"href":"https:\/\/aconteceunovale.com.br\/portal\/index.php?rest_route=\/wp\/v2\/users\/4"}],"replies":[{"embeddable":true,"href":"https:\/\/aconteceunovale.com.br\/portal\/index.php?rest_route=%2Fwp%2Fv2%2Fcomments&post=72411"}],"version-history":[{"count":0,"href":"https:\/\/aconteceunovale.com.br\/portal\/index.php?rest_route=\/wp\/v2\/posts\/72411\/revisions"}],"wp:featuredmedia":[{"embeddable":true,"href":"https:\/\/aconteceunovale.com.br\/portal\/index.php?rest_route=\/wp\/v2\/media\/72412"}],"wp:attachment":[{"href":"https:\/\/aconteceunovale.com.br\/portal\/index.php?rest_route=%2Fwp%2Fv2%2Fmedia&parent=72411"}],"wp:term":[{"taxonomy":"category","embeddable":true,"href":"https:\/\/aconteceunovale.com.br\/portal\/index.php?rest_route=%2Fwp%2Fv2%2Fcategories&post=72411"},{"taxonomy":"post_tag","embeddable":true,"href":"https:\/\/aconteceunovale.com.br\/portal\/index.php?rest_route=%2Fwp%2Fv2%2Ftags&post=72411"}],"curies":[{"name":"wp","href":"https:\/\/api.w.org\/{rel}","templated":true}]}}