{"id":72358,"date":"2015-11-08T10:30:38","date_gmt":"2015-11-08T13:30:38","guid":{"rendered":"http:\/\/aconteceunovale.com.br\/portal\/?p=72358"},"modified":"2026-09-02T13:06:28","modified_gmt":"2026-09-02T16:06:28","slug":"incendio-destroi-carretas-e-provoca-panico-em-itamarandiba","status":"publish","type":"post","link":"https:\/\/aconteceunovale.com.br\/portal\/?p=72358","title":{"rendered":"Inc\u00eandio destr\u00f3i carretas e provoca p\u00e2nico em Itamarandiba"},"content":{"rendered":"<p>Um inc\u00eandio destruiu carretas e provocou p\u00e2nico entre os moradores do bairro Primeiro de Maio, em Itamarandiba, no Vale do Jequitinhonha. Ainda estava escuro, por volta das 4 horas da madrugada deste domingo, 8 de novembro, quando vizinhos de um estacionamento acordaram com explos\u00f5es. Ao sa\u00edrem de suas resid\u00eancias, depararam com uma espessa nuvem de fuma\u00e7a negra e chamas que ultrapassavam os quatro metros de altura.<\/p>\n<p>A cidade n\u00e3o possui equipes do Corpo de Bombeiros e o socorro s\u00f3 chegou por volta das 6 horas da manh\u00e3. Caminh\u00f5es pipas da Prefeitura Municipal e de empresas particulares foram utilizados para apagar as chamas. O inc\u00eandio j\u00e1 foi controlado, mas provocou um grande preju\u00edzo. Uma carreta carregada com carv\u00e3o vegetal e outras que estavam vazias foram completamente destru\u00eddas.<\/p>\n<p>Ainda n\u00e3o se sabe a causa do inc\u00eandio, que dever\u00e1 ser investigado pela Pol\u00edcia. Felizmente ningu\u00e9m ficou ferido.<\/p>\n<p><strong>V\u00eddeos<\/strong><\/p>\n<p><iframe loading=\"lazy\" width=\"640\" height=\"360\" src=\"https:\/\/www.youtube.com\/embed\/w9sc3QltBq0\" frameborder=\"0\" allowfullscreen><\/iframe><br \/>\n<\/br><\/p>\n<p><strong>Fotos<\/strong><\/p>\n<p><img decoding=\"async\" src=\"http:\/\/aconteceunovale.com.br\/portal\/wp-content\/uploads\/2015\/11\/incendio_itamarandiba_1.jpg\" alt=\"\" \/><\/p>\n<p><img decoding=\"async\" src=\"http:\/\/aconteceunovale.com.br\/portal\/wp-content\/uploads\/2015\/11\/incendio_itamarandiba_2.jpg\" alt=\"\" \/><\/p>\n<p><img decoding=\"async\" src=\"http:\/\/aconteceunovale.com.br\/portal\/wp-content\/uploads\/2015\/11\/incendio_itamarandiba_3.jpg\" alt=\"\" \/><\/p>\n<p><img decoding=\"async\" src=\"http:\/\/aconteceunovale.com.br\/portal\/wp-content\/uploads\/2015\/11\/incendio_itamarandiba_4.jpg\" alt=\"\" \/><\/p>\n<p><img decoding=\"async\" src=\"http:\/\/aconteceunovale.com.br\/portal\/wp-content\/uploads\/2015\/11\/incendio_itamarandiba_5.jpg\" alt=\"\" \/><\/p>\n<p><img decoding=\"async\" src=\"http:\/\/aconteceunovale.com.br\/portal\/wp-content\/uploads\/2015\/11\/incendio_itamarandiba_6.jpg\" alt=\"\" \/><\/p>\n<p><img decoding=\"async\" src=\"http:\/\/aconteceunovale.com.br\/portal\/wp-content\/uploads\/2015\/11\/incendio_itamarandiba_7.jpg\" alt=\"\" \/><\/p>\n<p><img decoding=\"async\" src=\"http:\/\/aconteceunovale.com.br\/portal\/wp-content\/uploads\/2015\/11\/incendio_itamarandiba_8.jpg\" alt=\"\" \/><\/p>\n<p><img decoding=\"async\" src=\"http:\/\/aconteceunovale.com.br\/portal\/wp-content\/uploads\/2015\/11\/incendio_itamarandiba_9.jpg\" alt=\"\" \/><\/p>\n<p><img decoding=\"async\" src=\"http:\/\/aconteceunovale.com.br\/portal\/wp-content\/uploads\/2015\/11\/incendio_itamarandiba_10.jpg\" alt=\"\" \/><\/p>\n<p><img decoding=\"async\" src=\"http:\/\/aconteceunovale.com.br\/portal\/wp-content\/uploads\/2015\/11\/incendio_itamarandiba_11.jpg\" alt=\"\" \/><\/p>\n<p><img decoding=\"async\" src=\"http:\/\/aconteceunovale.com.br\/portal\/wp-content\/uploads\/2015\/11\/incendio_itamarandiba_12.jpg\" alt=\"\" \/><\/p>\n<p><img decoding=\"async\" src=\"http:\/\/aconteceunovale.com.br\/portal\/wp-content\/uploads\/2015\/11\/incendio_itamarandiba_13.jpg\" alt=\"\" \/><\/p>\n<p><img decoding=\"async\" src=\"http:\/\/aconteceunovale.com.br\/portal\/wp-content\/uploads\/2015\/11\/incendio_itamarandiba_14.jpg\" alt=\"\" \/><\/p>\n<p><img decoding=\"async\" src=\"http:\/\/aconteceunovale.com.br\/portal\/wp-content\/uploads\/2015\/11\/incendio_itamarandiba_15.jpg\" alt=\"\" \/><em>As fotos e v\u00eddeos do inc\u00eandio foram enviadas pelos internautas Ronaldo Alves e Darlan Cristiano atrav\u00e9s do WhatsApp do Portal Aconteceu no Vale &#8211; (33) 9 8713-9983<\/em><\/p>\n","protected":false},"excerpt":{"rendered":"<p>Um inc\u00eandio destruiu carretas e provocou p\u00e2nico entre os moradores do bairro Primeiro de Maio, em Itamarandiba, no Vale do Jequitinhonha. Ainda estava escuro, por volta das 4 horas da madrugada deste domingo, 8 de novembro, quando vizinhos de um estacionamento acordaram com explos\u00f5es. Ao sa\u00edrem de suas resid\u00eancias, depararam com uma espessa nuvem de [&hellip;]<\/p>\n","protected":false},"author":4,"featured_media":72360,"comment_status":"open","ping_status":"closed","sticky":false,"template":"","format":"standard","meta":{"amp_status":"","footnotes":""},"categories":[272549,120],"tags":[1018,65466,65467,65457,65459,65463,65462,65460,65461,65468,65464,65458,149,65465],"class_list":["post-72358","post","type-post","status-publish","format-standard","has-post-thumbnail","hentry","category-itamarandiba","category-jequi","tag-destaque","tag-fogo-destroi-carretas-em-itamarandiba","tag-fogo-em-itamarandiba","tag-incendio-destroi-carretas-e-provoca-panico-em-itamarandiba","tag-incendio-destroi-carretas-em-itamarandiba","tag-incendio-em-carretas-de-carvao-em-itamarandiba","tag-incendio-em-estacionamento-de-carretas-em-itamarandiba","tag-incendio-em-itamarandiba","tag-incendio-em-patio-de-carretas-em-itamarandiba","tag-incendio-itamarandiba","tag-incendio-no-patio-do-luiz-de-neca-em-itamarandiba","tag-incendio-provoca-panico-em-itamarandiba","tag-itamarandiba","tag-luiz-de-neca-itamarandiba"],"yoast_head":"<!-- This site is optimized with the Yoast SEO plugin v28.3 - https:\/\/yoast.com\/product\/yoast-seo-wordpress\/ -->\n<title>Inc\u00eandio destr\u00f3i carretas e provoca p\u00e2nico em Itamarandiba - Aconteceu no Vale<\/title>\n<meta name=\"robots\" content=\"index, follow, max-snippet:-1, max-image-preview:large, max-video-preview:-1\" \/>\n<link rel=\"canonical\" href=\"https:\/\/aconteceunovale.com.br\/portal\/?p=72358\" \/>\n<meta property=\"og:locale\" content=\"pt_BR\" \/>\n<meta property=\"og:type\" content=\"article\" \/>\n<meta property=\"og:title\" content=\"Inc\u00eandio destr\u00f3i carretas e provoca p\u00e2nico em Itamarandiba - Aconteceu no Vale\" \/>\n<meta property=\"og:description\" content=\"Um inc\u00eandio destruiu carretas e provocou p\u00e2nico entre os moradores do bairro Primeiro de Maio, em Itamarandiba, no Vale do Jequitinhonha. Ainda estava escuro, por volta das 4 horas da madrugada deste domingo, 8 de novembro, quando vizinhos de um estacionamento acordaram com explos\u00f5es. Ao sa\u00edrem de suas resid\u00eancias, depararam com uma espessa nuvem de [&hellip;]\" \/>\n<meta property=\"og:url\" content=\"https:\/\/aconteceunovale.com.br\/portal\/?p=72358\" \/>\n<meta property=\"og:site_name\" content=\"Aconteceu no Vale\" \/>\n<meta property=\"article:publisher\" content=\"https:\/\/www.facebook.com\/aconteceunovale\/\" \/>\n<meta property=\"article:published_time\" content=\"2015-11-08T13:30:38+00:00\" \/>\n<meta property=\"article:modified_time\" content=\"2026-09-02T16:06:28+00:00\" \/>\n<meta property=\"og:image\" content=\"https:\/\/aconteceunovale.com.br\/portal\/wp-content\/uploads\/2015\/11\/incendio_itamarandiba_1.jpg\" \/>\n\t<meta property=\"og:image:width\" content=\"678\" \/>\n\t<meta property=\"og:image:height\" content=\"426\" \/>\n\t<meta property=\"og:image:type\" content=\"image\/jpeg\" \/>\n<meta name=\"author\" content=\"Reda\u00e7\u00e3o Aconteceu no Vale\" \/>\n<meta name=\"twitter:card\" content=\"summary_large_image\" \/>\n<meta name=\"twitter:creator\" content=\"@noticiadosvales\" \/>\n<meta name=\"twitter:site\" content=\"@noticiadosvales\" \/>\n<meta name=\"twitter:label1\" content=\"Escrito por\" \/>\n\t<meta name=\"twitter:data1\" content=\"Reda\u00e7\u00e3o Aconteceu no Vale\" \/>\n\t<meta name=\"twitter:label2\" content=\"Est. tempo de leitura\" \/>\n\t<meta name=\"twitter:data2\" content=\"1 minuto\" \/>\n<script type=\"application\/ld+json\" class=\"yoast-schema-graph\">{\"@context\":\"https:\\\/\\\/schema.org\",\"@graph\":[{\"@type\":\"Article\",\"@id\":\"https:\\\/\\\/aconteceunovale.com.br\\\/portal\\\/?p=72358#article\",\"isPartOf\":{\"@id\":\"https:\\\/\\\/aconteceunovale.com.br\\\/portal\\\/?p=72358\"},\"author\":{\"name\":\"Reda\u00e7\u00e3o Aconteceu no Vale\",\"@id\":\"https:\\\/\\\/aconteceunovale.com.br\\\/portal\\\/#\\\/schema\\\/person\\\/7d2f26d1483f8a63de73da1ee0754d35\"},\"headline\":\"Inc\u00eandio destr\u00f3i carretas e provoca p\u00e2nico em Itamarandiba\",\"datePublished\":\"2015-11-08T13:30:38+00:00\",\"dateModified\":\"2026-09-02T16:06:28+00:00\",\"mainEntityOfPage\":{\"@id\":\"https:\\\/\\\/aconteceunovale.com.br\\\/portal\\\/?p=72358\"},\"wordCount\":199,\"commentCount\":0,\"image\":{\"@id\":\"https:\\\/\\\/aconteceunovale.com.br\\\/portal\\\/?p=72358#primaryimage\"},\"thumbnailUrl\":\"https:\\\/\\\/aconteceunovale.com.br\\\/portal\\\/wp-content\\\/uploads\\\/2015\\\/11\\\/incendio_itamarandiba_1.jpg\",\"keywords\":[\"destaque\",\"fogo destr\u00f3i carretas em Itamarandiba\",\"fogo em Itamarandiba\",\"Inc\u00eandio destr\u00f3i carretas e provoca p\u00e2nico em Itamarandiba\",\"Inc\u00eandio destr\u00f3i carretas em Itamarandiba\",\"inc\u00eandio em carretas de carv\u00e3o em Itamarandiba\",\"inc\u00eandio em estacionamento de carretas em Itamarandiba\",\"inc\u00eandio em Itamarandiba\",\"inc\u00eandio em p\u00e1tio de carretas em Itamarandiba\",\"inc\u00eandio itamarandiba\",\"inc\u00eandio no p\u00e1tio do luiz de neca em Itamarandiba\",\"Inc\u00eandio provoca p\u00e2nico em Itamarandiba\",\"Itamarandiba\",\"luiz de neca Itamarandiba\"],\"articleSection\":[\"Itamarandiba\",\"Vale do Jequitinhonha\"],\"inLanguage\":\"pt-BR\",\"potentialAction\":[{\"@type\":\"CommentAction\",\"name\":\"Comment\",\"target\":[\"https:\\\/\\\/aconteceunovale.com.br\\\/portal\\\/?p=72358#respond\"]}]},{\"@type\":\"WebPage\",\"@id\":\"https:\\\/\\\/aconteceunovale.com.br\\\/portal\\\/?p=72358\",\"url\":\"https:\\\/\\\/aconteceunovale.com.br\\\/portal\\\/?p=72358\",\"name\":\"Inc\u00eandio destr\u00f3i carretas e provoca p\u00e2nico em Itamarandiba - Aconteceu no Vale\",\"isPartOf\":{\"@id\":\"https:\\\/\\\/aconteceunovale.com.br\\\/portal\\\/#website\"},\"primaryImageOfPage\":{\"@id\":\"https:\\\/\\\/aconteceunovale.com.br\\\/portal\\\/?p=72358#primaryimage\"},\"image\":{\"@id\":\"https:\\\/\\\/aconteceunovale.com.br\\\/portal\\\/?p=72358#primaryimage\"},\"thumbnailUrl\":\"https:\\\/\\\/aconteceunovale.com.br\\\/portal\\\/wp-content\\\/uploads\\\/2015\\\/11\\\/incendio_itamarandiba_1.jpg\",\"datePublished\":\"2015-11-08T13:30:38+00:00\",\"dateModified\":\"2026-09-02T16:06:28+00:00\",\"author\":{\"@id\":\"https:\\\/\\\/aconteceunovale.com.br\\\/portal\\\/#\\\/schema\\\/person\\\/7d2f26d1483f8a63de73da1ee0754d35\"},\"breadcrumb\":{\"@id\":\"https:\\\/\\\/aconteceunovale.com.br\\\/portal\\\/?p=72358#breadcrumb\"},\"inLanguage\":\"pt-BR\",\"potentialAction\":[{\"@type\":\"ReadAction\",\"target\":[\"https:\\\/\\\/aconteceunovale.com.br\\\/portal\\\/?p=72358\"]}]},{\"@type\":\"ImageObject\",\"inLanguage\":\"pt-BR\",\"@id\":\"https:\\\/\\\/aconteceunovale.com.br\\\/portal\\\/?p=72358#primaryimage\",\"url\":\"https:\\\/\\\/aconteceunovale.com.br\\\/portal\\\/wp-content\\\/uploads\\\/2015\\\/11\\\/incendio_itamarandiba_1.jpg\",\"contentUrl\":\"https:\\\/\\\/aconteceunovale.com.br\\\/portal\\\/wp-content\\\/uploads\\\/2015\\\/11\\\/incendio_itamarandiba_1.jpg\",\"width\":678,\"height\":426},{\"@type\":\"BreadcrumbList\",\"@id\":\"https:\\\/\\\/aconteceunovale.com.br\\\/portal\\\/?p=72358#breadcrumb\",\"itemListElement\":[{\"@type\":\"ListItem\",\"position\":1,\"name\":\"In\u00edcio\",\"item\":\"https:\\\/\\\/aconteceunovale.com.br\\\/portal\\\/\"},{\"@type\":\"ListItem\",\"position\":2,\"name\":\"Inc\u00eandio destr\u00f3i carretas e provoca p\u00e2nico em Itamarandiba\"}]},{\"@type\":\"WebSite\",\"@id\":\"https:\\\/\\\/aconteceunovale.com.br\\\/portal\\\/#website\",\"url\":\"https:\\\/\\\/aconteceunovale.com.br\\\/portal\\\/\",\"name\":\"Aconteceu no Vale\",\"description\":\"Portal de Not\u00edcias\",\"potentialAction\":[{\"@type\":\"SearchAction\",\"target\":{\"@type\":\"EntryPoint\",\"urlTemplate\":\"https:\\\/\\\/aconteceunovale.com.br\\\/portal\\\/?s={search_term_string}\"},\"query-input\":{\"@type\":\"PropertyValueSpecification\",\"valueRequired\":true,\"valueName\":\"search_term_string\"}}],\"inLanguage\":\"pt-BR\"},{\"@type\":\"Person\",\"@id\":\"https:\\\/\\\/aconteceunovale.com.br\\\/portal\\\/#\\\/schema\\\/person\\\/7d2f26d1483f8a63de73da1ee0754d35\",\"name\":\"Reda\u00e7\u00e3o Aconteceu no Vale\",\"description\":\"Equipe de reportagem do Aconteceu no Vale, portal de not\u00edcias do Vale do Jequitinhonha, em Minas Gerais. Cobrimos as 51 cidades do Vale desde 2013. Sugest\u00f5es de pauta e pedidos de corre\u00e7\u00e3o: contato@aconteceunovale.com.br\",\"url\":\"https:\\\/\\\/aconteceunovale.com.br\\\/portal\\\/?author=4\"}]}<\/script>\n<!-- \/ Yoast SEO plugin. -->","yoast_head_json":{"title":"Inc\u00eandio destr\u00f3i carretas e provoca p\u00e2nico em Itamarandiba - Aconteceu no Vale","robots":{"index":"index","follow":"follow","max-snippet":"max-snippet:-1","max-image-preview":"max-image-preview:large","max-video-preview":"max-video-preview:-1"},"canonical":"https:\/\/aconteceunovale.com.br\/portal\/?p=72358","og_locale":"pt_BR","og_type":"article","og_title":"Inc\u00eandio destr\u00f3i carretas e provoca p\u00e2nico em Itamarandiba - Aconteceu no Vale","og_description":"Um inc\u00eandio destruiu carretas e provocou p\u00e2nico entre os moradores do bairro Primeiro de Maio, em Itamarandiba, no Vale do Jequitinhonha. Ainda estava escuro, por volta das 4 horas da madrugada deste domingo, 8 de novembro, quando vizinhos de um estacionamento acordaram com explos\u00f5es. Ao sa\u00edrem de suas resid\u00eancias, depararam com uma espessa nuvem de [&hellip;]","og_url":"https:\/\/aconteceunovale.com.br\/portal\/?p=72358","og_site_name":"Aconteceu no Vale","article_publisher":"https:\/\/www.facebook.com\/aconteceunovale\/","article_published_time":"2015-11-08T13:30:38+00:00","article_modified_time":"2026-09-02T16:06:28+00:00","og_image":[{"width":678,"height":426,"url":"https:\/\/aconteceunovale.com.br\/portal\/wp-content\/uploads\/2015\/11\/incendio_itamarandiba_1.jpg","type":"image\/jpeg"}],"author":"Reda\u00e7\u00e3o Aconteceu no Vale","twitter_card":"summary_large_image","twitter_creator":"@noticiadosvales","twitter_site":"@noticiadosvales","twitter_misc":{"Escrito por":"Reda\u00e7\u00e3o Aconteceu no Vale","Est. tempo de leitura":"1 minuto"},"schema":{"@context":"https:\/\/schema.org","@graph":[{"@type":"Article","@id":"https:\/\/aconteceunovale.com.br\/portal\/?p=72358#article","isPartOf":{"@id":"https:\/\/aconteceunovale.com.br\/portal\/?p=72358"},"author":{"name":"Reda\u00e7\u00e3o Aconteceu no Vale","@id":"https:\/\/aconteceunovale.com.br\/portal\/#\/schema\/person\/7d2f26d1483f8a63de73da1ee0754d35"},"headline":"Inc\u00eandio destr\u00f3i carretas e provoca p\u00e2nico em Itamarandiba","datePublished":"2015-11-08T13:30:38+00:00","dateModified":"2026-09-02T16:06:28+00:00","mainEntityOfPage":{"@id":"https:\/\/aconteceunovale.com.br\/portal\/?p=72358"},"wordCount":199,"commentCount":0,"image":{"@id":"https:\/\/aconteceunovale.com.br\/portal\/?p=72358#primaryimage"},"thumbnailUrl":"https:\/\/aconteceunovale.com.br\/portal\/wp-content\/uploads\/2015\/11\/incendio_itamarandiba_1.jpg","keywords":["destaque","fogo destr\u00f3i carretas em Itamarandiba","fogo em Itamarandiba","Inc\u00eandio destr\u00f3i carretas e provoca p\u00e2nico em Itamarandiba","Inc\u00eandio destr\u00f3i carretas em Itamarandiba","inc\u00eandio em carretas de carv\u00e3o em Itamarandiba","inc\u00eandio em estacionamento de carretas em Itamarandiba","inc\u00eandio em Itamarandiba","inc\u00eandio em p\u00e1tio de carretas em Itamarandiba","inc\u00eandio itamarandiba","inc\u00eandio no p\u00e1tio do luiz de neca em Itamarandiba","Inc\u00eandio provoca p\u00e2nico em Itamarandiba","Itamarandiba","luiz de neca Itamarandiba"],"articleSection":["Itamarandiba","Vale do Jequitinhonha"],"inLanguage":"pt-BR","potentialAction":[{"@type":"CommentAction","name":"Comment","target":["https:\/\/aconteceunovale.com.br\/portal\/?p=72358#respond"]}]},{"@type":"WebPage","@id":"https:\/\/aconteceunovale.com.br\/portal\/?p=72358","url":"https:\/\/aconteceunovale.com.br\/portal\/?p=72358","name":"Inc\u00eandio destr\u00f3i carretas e provoca p\u00e2nico em Itamarandiba - Aconteceu no Vale","isPartOf":{"@id":"https:\/\/aconteceunovale.com.br\/portal\/#website"},"primaryImageOfPage":{"@id":"https:\/\/aconteceunovale.com.br\/portal\/?p=72358#primaryimage"},"image":{"@id":"https:\/\/aconteceunovale.com.br\/portal\/?p=72358#primaryimage"},"thumbnailUrl":"https:\/\/aconteceunovale.com.br\/portal\/wp-content\/uploads\/2015\/11\/incendio_itamarandiba_1.jpg","datePublished":"2015-11-08T13:30:38+00:00","dateModified":"2026-09-02T16:06:28+00:00","author":{"@id":"https:\/\/aconteceunovale.com.br\/portal\/#\/schema\/person\/7d2f26d1483f8a63de73da1ee0754d35"},"breadcrumb":{"@id":"https:\/\/aconteceunovale.com.br\/portal\/?p=72358#breadcrumb"},"inLanguage":"pt-BR","potentialAction":[{"@type":"ReadAction","target":["https:\/\/aconteceunovale.com.br\/portal\/?p=72358"]}]},{"@type":"ImageObject","inLanguage":"pt-BR","@id":"https:\/\/aconteceunovale.com.br\/portal\/?p=72358#primaryimage","url":"https:\/\/aconteceunovale.com.br\/portal\/wp-content\/uploads\/2015\/11\/incendio_itamarandiba_1.jpg","contentUrl":"https:\/\/aconteceunovale.com.br\/portal\/wp-content\/uploads\/2015\/11\/incendio_itamarandiba_1.jpg","width":678,"height":426},{"@type":"BreadcrumbList","@id":"https:\/\/aconteceunovale.com.br\/portal\/?p=72358#breadcrumb","itemListElement":[{"@type":"ListItem","position":1,"name":"In\u00edcio","item":"https:\/\/aconteceunovale.com.br\/portal\/"},{"@type":"ListItem","position":2,"name":"Inc\u00eandio destr\u00f3i carretas e provoca p\u00e2nico em Itamarandiba"}]},{"@type":"WebSite","@id":"https:\/\/aconteceunovale.com.br\/portal\/#website","url":"https:\/\/aconteceunovale.com.br\/portal\/","name":"Aconteceu no Vale","description":"Portal de Not\u00edcias","potentialAction":[{"@type":"SearchAction","target":{"@type":"EntryPoint","urlTemplate":"https:\/\/aconteceunovale.com.br\/portal\/?s={search_term_string}"},"query-input":{"@type":"PropertyValueSpecification","valueRequired":true,"valueName":"search_term_string"}}],"inLanguage":"pt-BR"},{"@type":"Person","@id":"https:\/\/aconteceunovale.com.br\/portal\/#\/schema\/person\/7d2f26d1483f8a63de73da1ee0754d35","name":"Reda\u00e7\u00e3o Aconteceu no Vale","description":"Equipe de reportagem do Aconteceu no Vale, portal de not\u00edcias do Vale do Jequitinhonha, em Minas Gerais. Cobrimos as 51 cidades do Vale desde 2013. Sugest\u00f5es de pauta e pedidos de corre\u00e7\u00e3o: contato@aconteceunovale.com.br","url":"https:\/\/aconteceunovale.com.br\/portal\/?author=4"}]}},"_links":{"self":[{"href":"https:\/\/aconteceunovale.com.br\/portal\/index.php?rest_route=\/wp\/v2\/posts\/72358","targetHints":{"allow":["GET"]}}],"collection":[{"href":"https:\/\/aconteceunovale.com.br\/portal\/index.php?rest_route=\/wp\/v2\/posts"}],"about":[{"href":"https:\/\/aconteceunovale.com.br\/portal\/index.php?rest_route=\/wp\/v2\/types\/post"}],"author":[{"embeddable":true,"href":"https:\/\/aconteceunovale.com.br\/portal\/index.php?rest_route=\/wp\/v2\/users\/4"}],"replies":[{"embeddable":true,"href":"https:\/\/aconteceunovale.com.br\/portal\/index.php?rest_route=%2Fwp%2Fv2%2Fcomments&post=72358"}],"version-history":[{"count":1,"href":"https:\/\/aconteceunovale.com.br\/portal\/index.php?rest_route=\/wp\/v2\/posts\/72358\/revisions"}],"predecessor-version":[{"id":200828,"href":"https:\/\/aconteceunovale.com.br\/portal\/index.php?rest_route=\/wp\/v2\/posts\/72358\/revisions\/200828"}],"wp:featuredmedia":[{"embeddable":true,"href":"https:\/\/aconteceunovale.com.br\/portal\/index.php?rest_route=\/wp\/v2\/media\/72360"}],"wp:attachment":[{"href":"https:\/\/aconteceunovale.com.br\/portal\/index.php?rest_route=%2Fwp%2Fv2%2Fmedia&parent=72358"}],"wp:term":[{"taxonomy":"category","embeddable":true,"href":"https:\/\/aconteceunovale.com.br\/portal\/index.php?rest_route=%2Fwp%2Fv2%2Fcategories&post=72358"},{"taxonomy":"post_tag","embeddable":true,"href":"https:\/\/aconteceunovale.com.br\/portal\/index.php?rest_route=%2Fwp%2Fv2%2Ftags&post=72358"}],"curies":[{"name":"wp","href":"https:\/\/api.w.org\/{rel}","templated":true}]}}