{"id":72346,"date":"2015-11-07T20:48:41","date_gmt":"2015-11-07T23:48:41","guid":{"rendered":"http:\/\/aconteceunovale.com.br\/portal\/?p=72346"},"modified":"2015-11-07T20:48:41","modified_gmt":"2015-11-07T23:48:41","slug":"barragens-de-rejeitos-da-mineracao-uma-bomba-relogio","status":"publish","type":"post","link":"https:\/\/aconteceunovale.com.br\/portal\/?p=72346","title":{"rendered":"BARRAGENS DE REJEITOS DA MINERA\u00c7\u00c3O: UMA BOMBA REL\u00d3GIO"},"content":{"rendered":"<p>E mais uma barragem de rejeitos da minera\u00e7\u00e3o se rompe em Minas Gerais. Nos \u00faltimos 14 anos in\u00fameras trag\u00e9dias humanas e ambientais foram registradas no Estado. Na cidade de Nova Lima em 2001; 2007 em Mira\u00ed; 2014 em Itabirito e agora em 2015 no Munic\u00edpio de Mariana. Dezenas de pessoas mortas e feridas, perdas de in\u00fameras resid\u00eancias, carros e diversos bens, cria\u00e7\u00f5es e planta\u00e7\u00f5es perdidas e danos ambientais incalcul\u00e1veis para a vegeta\u00e7\u00e3o e principalmente, os recursos h\u00eddricos. Durante as minhas aulas de impactos ambientais no uso dos recursos h\u00eddricos, um dos assuntos abordados \u00e9 o impacto das atividades da minera\u00e7\u00e3o. E agora, infelizmente, mais este triste exemplo estarei utilizando. <\/p>\n<p>Muitos fatores precisam ser avaliados antes de distribuirmos as responsabilidades por esta trag\u00e9dia, mas uma coisa \u00e9 certa: o dono da barragem \u00e9 respons\u00e1vel por ela e por todos os danos causados. Diversas informa\u00e7\u00f5es est\u00e3o surgindo, desde problemas estruturais at\u00e9 o registro de abalos s\u00edsmicos na regi\u00e3o, os tremores de terra, mas de baixa intensidade, teoricamente, sem poder para abalar as estruturas de um grande talude de barragem de rejeitos. E a fiscaliza\u00e7\u00e3o? Foi ou n\u00e3o eficiente? Os peritos ter\u00e3o pela frente um grande quebra cabe\u00e7as para resolver. O certo \u00e9 que dezenas, ou at\u00e9 mesmo, centenas de milh\u00f5es de metros c\u00fabicos de rejeitos de minera\u00e7\u00e3o foram despejados nas cabe\u00e7as dos moradores de um pequeno distrito do Munic\u00edpio de Mariana, impactando o pequeno Rio do Carmo com previs\u00e3o de contaminar o Rio Doce em toda a sua extens\u00e3o, at\u00e9 a foz, no Esp\u00edrito Santo, impressionantes 800 quil\u00f4metros.  O Rio Doce, al\u00e9m de apresentar uma redu\u00e7\u00e3o hist\u00f3rica na sua vaz\u00e3o por conta da seca no Vale do Rio Doce, agora recebe esta impressionante carga de rejeitos. Quem disse que o que est\u00e1 ruim n\u00e3o pode piorar?<\/p>\n<p>A economia de Minas Gerais tem um de seus trip\u00e9s alicer\u00e7ados na minera\u00e7\u00e3o. Falar em fechar as mineradoras \u00e9 condenar o Estado \u00e0 fal\u00eancia. Mas, na contram\u00e3o ambiental, a atividade \u00e9 altamente impactante, destruindo len\u00e7\u00f3is fre\u00e1ticos e artesianos, utilizando quantidades absurdas de \u00e1gua nos seus processos, gerando grandes quantidades de res\u00edduos, principalmente os rejeitos l\u00edquidos.<\/p>\n<p>Nestes grandes processos explorat\u00f3rios dos recursos naturais promovidos pelas mineradoras n\u00e3o cabe mais a gera\u00e7\u00e3o e a deposi\u00e7\u00e3o destes res\u00edduos da mesma forma que se fazia a mais de 70 anos. Os processos de explora\u00e7\u00e3o evoluem, mas o descarte dos rejeitos n\u00e3o. Continuam com suas barragens de rejeitos colocando em risco milhares de vidas e o meio ambiente.<\/p>\n<p>Ap\u00f3s estas in\u00fameras trag\u00e9dias que citamos, est\u00e1 na hora do Estado cobrar das empresas, pesquisas de reutiliza\u00e7\u00e3o e reaproveitamento dos rejeitos. Os atuais modelos de disposi\u00e7\u00e3o de rejeitos n\u00e3o deveriam mais ser aceitos pelos \u00f3rg\u00e3os ambientais. Esperamos que mais esta trag\u00e9dia n\u00e3o fique no esquecimento e que os nossos pol\u00edticos discutam de forma s\u00e9ria e respons\u00e1vel sobre o futuro dos rejeitos da minera\u00e7\u00e3o. <\/p>\n<h4><strong>Quem \u00e9 Alexandre Sylvio Vieira da Costa?<\/strong><\/h4>\n<p><center><img decoding=\"async\" src=\"http:\/\/aconteceunovale.com.br\/portal\/wp-content\/uploads\/2014\/06\/alexandre_coluna_agro.jpg\" alt=\"\" \/><\/center><\/p>\n<p>&#8211; Nascido na cidade de Niter\u00f3i, RJ;<br \/>\n&#8211; Engenheiro Agr\u00f4nomo Formado pela Universidade Federal Rural do Rio de Janeiro;<br \/>\n&#8211; Mestre em Produ\u00e7\u00e3o Vegetal pela Embrapa-Agrobiologia\/Universidade Federal Rural do<br \/>\nRio de Janeiro;<br \/>\n&#8211; Doutor em Produ\u00e7\u00e3o Vegetal pela Universidade Federal de Vi\u00e7osa;<br \/>\n&#8211; P\u00f3s doutorado em Geoci\u00eancias pela Universidade Federal de Minas Gerais;<br \/>\n&#8211; Foi Coordenador Adjunto da C\u00e2mara Especializada de Agronomia e Coordenador da<br \/>\nComiss\u00e3o T\u00e9cnica de Meio Ambiente do CREA\/Minas;<br \/>\n&#8211; Foi Presidente da C\u00e2mara T\u00e9cnica de eventos Cr\u00edticos do Comit\u00ea da Bacia<br \/>\nHidrogr\u00e1fica do Rio Doce;<br \/>\n&#8211; Atualmente, professor Adjunto dos cursos de Engenharia da Universidade Federal dos<br \/>\nVales do Jequitinhonha e Mucuri, Campus Te\u00f3filo Otoni;<\/p>\n<p>&#8211; Blog: <a href=\"http:\/\/asylvio.blogspot.com.br\" target=\"_blank\">asylvio.blogspot.com.br<\/a><br \/>\n&#8211; E-mail: alexandre.costa@ufvjm.edu.br<\/p>\n","protected":false},"excerpt":{"rendered":"<p>E mais uma barragem de rejeitos da minera\u00e7\u00e3o se rompe em Minas Gerais. Nos \u00faltimos 14 anos in\u00fameras trag\u00e9dias humanas e ambientais foram registradas no Estado. Na cidade de Nova Lima em 2001; 2007 em Mira\u00ed; 2014 em Itabirito e agora em 2015 no Munic\u00edpio de Mariana. Dezenas de pessoas mortas e feridas, perdas de [&hellip;]<\/p>\n","protected":false},"author":4,"featured_media":72287,"comment_status":"open","ping_status":"closed","sticky":false,"template":"","format":"standard","meta":{"amp_status":"","footnotes":""},"categories":[4927],"tags":[65448,65443,59520,65447,7363,36793,65446,65445,65380,65382,65444],"class_list":["post-72346","post","type-post","status-publish","format-standard","has-post-thumbnail","hentry","category-colunistas","tag-barragem-de-rejeitos-da-mineracao-se-rompe-em-minas-gerais","tag-barragens-de-rejeitos-da-mineracao","tag-bento-rodrigues","tag-mais-uma-barragem-de-rejeitos-da-mineracao-se-rompe-em-minas-gerais","tag-mariana","tag-mineracao","tag-rejeitos","tag-rejeitos-da-mineracao","tag-tragedia-em-bento-rodrigues","tag-tragedia-em-mariana","tag-uma-bomba-relogio"],"_links":{"self":[{"href":"https:\/\/aconteceunovale.com.br\/portal\/index.php?rest_route=\/wp\/v2\/posts\/72346","targetHints":{"allow":["GET"]}}],"collection":[{"href":"https:\/\/aconteceunovale.com.br\/portal\/index.php?rest_route=\/wp\/v2\/posts"}],"about":[{"href":"https:\/\/aconteceunovale.com.br\/portal\/index.php?rest_route=\/wp\/v2\/types\/post"}],"author":[{"embeddable":true,"href":"https:\/\/aconteceunovale.com.br\/portal\/index.php?rest_route=\/wp\/v2\/users\/4"}],"replies":[{"embeddable":true,"href":"https:\/\/aconteceunovale.com.br\/portal\/index.php?rest_route=%2Fwp%2Fv2%2Fcomments&post=72346"}],"version-history":[{"count":0,"href":"https:\/\/aconteceunovale.com.br\/portal\/index.php?rest_route=\/wp\/v2\/posts\/72346\/revisions"}],"wp:featuredmedia":[{"embeddable":true,"href":"https:\/\/aconteceunovale.com.br\/portal\/index.php?rest_route=\/wp\/v2\/media\/72287"}],"wp:attachment":[{"href":"https:\/\/aconteceunovale.com.br\/portal\/index.php?rest_route=%2Fwp%2Fv2%2Fmedia&parent=72346"}],"wp:term":[{"taxonomy":"category","embeddable":true,"href":"https:\/\/aconteceunovale.com.br\/portal\/index.php?rest_route=%2Fwp%2Fv2%2Fcategories&post=72346"},{"taxonomy":"post_tag","embeddable":true,"href":"https:\/\/aconteceunovale.com.br\/portal\/index.php?rest_route=%2Fwp%2Fv2%2Ftags&post=72346"}],"curies":[{"name":"wp","href":"https:\/\/api.w.org\/{rel}","templated":true}]}}