{"id":72343,"date":"2015-11-07T19:58:03","date_gmt":"2015-11-07T22:58:03","guid":{"rendered":"http:\/\/aconteceunovale.com.br\/portal\/?p=72343"},"modified":"2015-11-07T19:58:03","modified_gmt":"2015-11-07T22:58:03","slug":"prefeitura-de-mariana-informa-que-28-pessoas-estao-desaparecidas","status":"publish","type":"post","link":"https:\/\/aconteceunovale.com.br\/portal\/?p=72343","title":{"rendered":"Prefeitura de Mariana informa que 28 pessoas est\u00e3o desaparecidas"},"content":{"rendered":"<p>A prefeitura de Mariana atualizou no in\u00edcio da noite deste s\u00e1bado, 7 de novembro, a lista de pessoas que desapareceram ap\u00f3s rompimento de duas barragens no distrito de Bento Rodrigues, na \u00faltima quinta-feira (5).<\/p>\n<p>Mais cedo, de acordo com a prefeitura, 19 pessoas estavam desparecidas, mas, pelo novo levantamento,  o n\u00famero de desaparecidos subiu para 28: 13 s\u00e3o funcion\u00e1rios de empresas que prestam servi\u00e7os \u00e0 mineradora Samarco, e 15 s\u00e3o moradores do distrito. Entre eles, um beb\u00ea de 3 meses e um senhor de 70 anos.<\/p>\n<p><img decoding=\"async\" src=\"http:\/\/aconteceunovale.com.br\/portal\/wp-content\/uploads\/2015\/11\/prefeito_de_mariana.jpg\" alt=\"\" \/><em>O prefeito de Mariana, Duarte J\u00fanior, durante coletiva sobre o rompimento de barragens da mineradora Samarco no distrito de Bento Rodrigues (Foto: Antonio Cruz \/ Ag\u00eancia Brasil)<\/em><br \/>\n<\/br><\/p>\n<h4><strong>Rela\u00e7\u00e3o parcial de desaparecidos<\/strong><\/h4>\n<p><strong>Trabalhadores na \u00e1rea da Samarco:<\/strong><br \/>\n1 \u2013 Samuel Viana Albino<br \/>\n2 \u2013 Valdemir Aparecido Leandro<br \/>\n3 \u2013 Ailton Martins dos Santos<br \/>\n4 \u2013 Claudemir Elias dos Santos<br \/>\n5 \u2013 Edinaldo Oliveira de Assis<br \/>\n6 \u2013 Sileno Narkievicius de Lima<br \/>\n7 \u2013 Daniel Altamiro de Carvalho<br \/>\n8 \u2013 Vando Maur\u00edlio dos Santos<br \/>\n9 \u2013 Pedro Paulino Lopes<br \/>\n10 \u2013 Mateus Marcio Fernandes<br \/>\n11 \u2013 Marcos Aur\u00e9lio Pereira Moura<br \/>\n12 \u2013 Edmirson Jos\u00e9 Pessoa<br \/>\n13 \u2013 Marcos Xavier<\/p>\n<p><strong>Moradores das \u00e1reas atingidas:<\/strong><br \/>\n1 \u2013 Emanuele Vit\u00f3ria Fernandes<br \/>\n2 \u2013 Maria Elisa Lucas<br \/>\n3 \u2013 Tiago Damasceno Santos<br \/>\n4 \u2013 Mariana da Silva Santos<br \/>\n5 \u2013 Ana Clara dos Santos Souza<br \/>\n6 \u2013 Bruno dos Santos Souza<br \/>\n7 \u2013 Antonio Prisco De Souza<br \/>\n8 \u2013 Afonso Augusto Alves<br \/>\n9 \u2013 Arnaldo Zeferino<br \/>\n10 \u2013 Aparecida Viera<br \/>\n11 \u2013 Joaquim Zeferino<br \/>\n12 \u2013 Ana Clara Dias Batista<br \/>\n13 \u2013 Mateus Dias Batista<br \/>\n14 \u2013 Yuri Dias Batista<br \/>\n15 \u2013 Maria das Gra\u00e7as Celestino da Silva<\/p>\n","protected":false},"excerpt":{"rendered":"<p>A prefeitura de Mariana atualizou no in\u00edcio da noite deste s\u00e1bado, 7 de novembro, a lista de pessoas que desapareceram ap\u00f3s rompimento de duas barragens no distrito de Bento Rodrigues, na \u00faltima quinta-feira (5). Mais cedo, de acordo com a prefeitura, 19 pessoas estavam desparecidas, mas, pelo novo levantamento, o n\u00famero de desaparecidos subiu para [&hellip;]<\/p>\n","protected":false},"author":4,"featured_media":72344,"comment_status":"open","ping_status":"closed","sticky":false,"template":"","format":"standard","meta":{"amp_status":"","footnotes":""},"categories":[123],"tags":[65356,65372,65442,59520,65399,65332,65373,65401,65358,65361,26353,65440,65439,65441,1018,65359,65366,65368,65354,65357,65379,65378,65374,65376,65375,65377,65365,65367,65369,7363,65371,65364,131,65266,65396,65363,65438,65437,65400,65394,65316,65315,65336,32642,65353,65360,65370,65380,65382,65381,65288,65355,65362,65387,65386,65388,65383,65384,65385],"class_list":["post-72343","post","type-post","status-publish","format-standard","has-post-thumbnail","hentry","category-gerais","tag-ailton-martins-dos-santos","tag-ana-clara-dos-santos-sousa","tag-barragens","tag-bento-rodrigues","tag-bombeiro","tag-bombeiros","tag-bruno-dos-santos-souza","tag-buscas","tag-claudemir-elias-dos-santos","tag-daniel-altamiro-de-carvalho","tag-desaparecidos","tag-desaparecidos-em-bento-rodrigues","tag-desaparecidos-em-mariana","tag-desatre","tag-destaque","tag-edinaldo-oliveira-de-assis","tag-edmirson-jose-pessoa","tag-emanuele-vitoria","tag-geocontrole-br-sondagens-sa","tag-integral-engenharia-sa","tag-lista-de-vitimas-da-tragedia-com-barragens-da-samarco","tag-lista-de-vitimas-da-tragedia-em-bento-rodrigues","tag-lista-de-vitimas-da-tragedia-em-mariana","tag-lista-de-vitimas-do-rompimento-de-barragens-em-bento-rodrigues","tag-lista-de-vitimas-do-rompimento-de-barragens-em-mariana","tag-lista-de-vitimas-do-rompimento-de-barragens-em-minas-gerais","tag-marcos-aurelio-pereira","tag-marcos-xavier","tag-maria-elisa-lucas","tag-mariana","tag-mariana-da-silva-santos","tag-mateus-marcio-fernandes","tag-minas-gerais","tag-mineradora-samarco","tag-onda-de-lama","tag-pedro-paulino-lopes-manserv","tag-prefeitura-de-mariana","tag-prefeitura-de-mariana-informa-que-28-pessoas-estao-desaparecidas","tag-resgates","tag-rompimento-de-barragens","tag-rompimento-de-barragens-da-samarco","tag-rompimento-de-barragens-em-bento-rodrigues","tag-rompimento-de-barragens-em-mariana","tag-samarco","tag-samuel-viana-albino","tag-sileno-narkievicius-de-lima","tag-thiago-damasceno-santos","tag-tragedia-em-bento-rodrigues","tag-tragedia-em-mariana","tag-tragedia-em-minas-gerais","tag-tragedia-samarco","tag-valdemir-aparecido-leandro","tag-vando-maurilio-dos-santos","tag-veja-lista-de-desaparecidos-apos-rompimento-de-barragem-em-bento-rodrigues","tag-veja-lista-de-desaparecidos-apos-rompimento-de-barragem-em-mariana","tag-veja-lista-de-desaparecidos-apos-rompimento-de-barragem-em-minas-gerais","tag-vitimas-bento-rodrigues","tag-vitimas-mariana","tag-vitimas-samarco"],"_links":{"self":[{"href":"https:\/\/aconteceunovale.com.br\/portal\/index.php?rest_route=\/wp\/v2\/posts\/72343","targetHints":{"allow":["GET"]}}],"collection":[{"href":"https:\/\/aconteceunovale.com.br\/portal\/index.php?rest_route=\/wp\/v2\/posts"}],"about":[{"href":"https:\/\/aconteceunovale.com.br\/portal\/index.php?rest_route=\/wp\/v2\/types\/post"}],"author":[{"embeddable":true,"href":"https:\/\/aconteceunovale.com.br\/portal\/index.php?rest_route=\/wp\/v2\/users\/4"}],"replies":[{"embeddable":true,"href":"https:\/\/aconteceunovale.com.br\/portal\/index.php?rest_route=%2Fwp%2Fv2%2Fcomments&post=72343"}],"version-history":[{"count":0,"href":"https:\/\/aconteceunovale.com.br\/portal\/index.php?rest_route=\/wp\/v2\/posts\/72343\/revisions"}],"wp:featuredmedia":[{"embeddable":true,"href":"https:\/\/aconteceunovale.com.br\/portal\/index.php?rest_route=\/wp\/v2\/media\/72344"}],"wp:attachment":[{"href":"https:\/\/aconteceunovale.com.br\/portal\/index.php?rest_route=%2Fwp%2Fv2%2Fmedia&parent=72343"}],"wp:term":[{"taxonomy":"category","embeddable":true,"href":"https:\/\/aconteceunovale.com.br\/portal\/index.php?rest_route=%2Fwp%2Fv2%2Fcategories&post=72343"},{"taxonomy":"post_tag","embeddable":true,"href":"https:\/\/aconteceunovale.com.br\/portal\/index.php?rest_route=%2Fwp%2Fv2%2Ftags&post=72343"}],"curies":[{"name":"wp","href":"https:\/\/api.w.org\/{rel}","templated":true}]}}