{"id":72339,"date":"2015-11-07T19:24:00","date_gmt":"2015-11-07T22:24:00","guid":{"rendered":"http:\/\/aconteceunovale.com.br\/portal\/?p=72339"},"modified":"2015-11-07T19:24:00","modified_gmt":"2015-11-07T22:24:00","slug":"dois-homens-sao-presos-com-27-tabletes-de-maconha-em-brasilia-de-minas","status":"publish","type":"post","link":"https:\/\/aconteceunovale.com.br\/portal\/?p=72339","title":{"rendered":"Dois homens s\u00e3o presos com 27 tabletes de maconha em Bras\u00edlia de Minas"},"content":{"rendered":"<p>A Pol\u00edcia Militar de Bras\u00edlia de Minas, na regi\u00e3o Norte do Estado, apreendeu 27 tabletes de maconha e 525 gramas de coca\u00edna na tarde deste s\u00e1bado, 7 de novembro. De acordo com a corpora\u00e7\u00e3o, o cerca de 20 quilos de material entorpecente estava em uma mala transportada por dois homens.<\/p>\n<p>Ainda segundo a PM, os suspeitos de 20 e 38 anos possuem passagens pelos meios policiais. Eles foram presos em flagrante e conduzidos \u00e0 Delegacia de Janu\u00e1ria. Dois celulares e dinheiro foram apreendidos pelos militares.<\/p>\n<p><img decoding=\"async\" src=\"http:\/\/aconteceunovale.com.br\/portal\/wp-content\/uploads\/2015\/11\/maconha_brasilia_de_mg.jpg\" alt=\"\" \/><em>Droga era transportada por dois homens (Foto: Pol\u00edcia Militar \/ Divulga\u00e7\u00e3o)<\/em><\/p>\n","protected":false},"excerpt":{"rendered":"<p>A Pol\u00edcia Militar de Bras\u00edlia de Minas, na regi\u00e3o Norte do Estado, apreendeu 27 tabletes de maconha e 525 gramas de coca\u00edna na tarde deste s\u00e1bado, 7 de novembro. De acordo com a corpora\u00e7\u00e3o, o cerca de 20 quilos de material entorpecente estava em uma mala transportada por dois homens. Ainda segundo a PM, os [&hellip;]<\/p>\n","protected":false},"author":4,"featured_media":72340,"comment_status":"open","ping_status":"closed","sticky":false,"template":"","format":"standard","meta":{"amp_status":"","footnotes":""},"categories":[1236],"tags":[65435,195,65434,65436],"class_list":["post-72339","post","type-post","status-publish","format-standard","has-post-thumbnail","hentry","category-norte_de_minas","tag-apreensao-de-maconha-em-brasilia-de-minas","tag-brasilia-de-minas","tag-dois-homens-sao-presos-com-27-tabletes-de-maconha-em-brasilia-de-minas","tag-maconha-apreendida-em-brasilia-de-minas"],"_links":{"self":[{"href":"https:\/\/aconteceunovale.com.br\/portal\/index.php?rest_route=\/wp\/v2\/posts\/72339","targetHints":{"allow":["GET"]}}],"collection":[{"href":"https:\/\/aconteceunovale.com.br\/portal\/index.php?rest_route=\/wp\/v2\/posts"}],"about":[{"href":"https:\/\/aconteceunovale.com.br\/portal\/index.php?rest_route=\/wp\/v2\/types\/post"}],"author":[{"embeddable":true,"href":"https:\/\/aconteceunovale.com.br\/portal\/index.php?rest_route=\/wp\/v2\/users\/4"}],"replies":[{"embeddable":true,"href":"https:\/\/aconteceunovale.com.br\/portal\/index.php?rest_route=%2Fwp%2Fv2%2Fcomments&post=72339"}],"version-history":[{"count":0,"href":"https:\/\/aconteceunovale.com.br\/portal\/index.php?rest_route=\/wp\/v2\/posts\/72339\/revisions"}],"wp:featuredmedia":[{"embeddable":true,"href":"https:\/\/aconteceunovale.com.br\/portal\/index.php?rest_route=\/wp\/v2\/media\/72340"}],"wp:attachment":[{"href":"https:\/\/aconteceunovale.com.br\/portal\/index.php?rest_route=%2Fwp%2Fv2%2Fmedia&parent=72339"}],"wp:term":[{"taxonomy":"category","embeddable":true,"href":"https:\/\/aconteceunovale.com.br\/portal\/index.php?rest_route=%2Fwp%2Fv2%2Fcategories&post=72339"},{"taxonomy":"post_tag","embeddable":true,"href":"https:\/\/aconteceunovale.com.br\/portal\/index.php?rest_route=%2Fwp%2Fv2%2Ftags&post=72339"}],"curies":[{"name":"wp","href":"https:\/\/api.w.org\/{rel}","templated":true}]}}