{"id":72310,"date":"2015-11-06T21:20:35","date_gmt":"2015-11-07T00:20:35","guid":{"rendered":"http:\/\/aconteceunovale.com.br\/portal\/?p=72310"},"modified":"2015-11-06T21:20:35","modified_gmt":"2015-11-07T00:20:35","slug":"servidores-da-prefeitura-de-guanhaes-sao-presos-em-operacao-do-ministerio-publico","status":"publish","type":"post","link":"https:\/\/aconteceunovale.com.br\/portal\/?p=72310","title":{"rendered":"Servidores da prefeitura de Guanh\u00e3es s\u00e3o presos em opera\u00e7\u00e3o do Minist\u00e9rio P\u00fablico"},"content":{"rendered":"<p>Tr\u00eas pessoas ligadas diretamente a prefeitura de Guanh\u00e3es, no Vale do Rio Doce, foram presas nesta quinta-feira (5\/11), por suspeita de associa\u00e7\u00e3o criminosa, fraudes em licita\u00e7\u00f5es e falsidade ideol\u00f3gica. Outras duas pessoas que tiveram mandado de pris\u00e3o expedido pela Justi\u00e7a ainda n\u00e3o foram localizadas. Nesta sexta-feira (6), um dos promotores que respondem pelo caso, Luciano Sotero Santiago, divulgou o nome dos envolvidos na opera\u00e7\u00e3o denominada \u201cCartas Marcadas\u201d.<\/p>\n<p>\u201cForam presos temporariamente o secret\u00e1rio de cultura, Adriano de Oliveira, o contador da prefeitura, Jos\u00e9 Rainero e a respons\u00e1vel pelas licita\u00e7\u00f5es Ge\u00f3rgia de F\u00e1tima Candra. Por\u00e9m, h\u00e1 ainda dois mandados de pris\u00e3o para serem cumpridos em desfavor de Lair Bueno, ex-procurador do munic\u00edpio de Guanh\u00e3es a da pregoeira Lucilene Martins de Paula\u201d, revelou o promotor Luciano Santiago.<\/p>\n<p>A opera\u00e7\u00e3o desencadeada pelo Minist\u00e9rio P\u00fablico e pela Pol\u00edcia Militar (PM) investiga fraudes e irregularidades p\u00fablicas na prefeitura de Guanh\u00e3es. De acordo com o promotor al\u00e9m das pris\u00f5es foram apreendidos quase 500 quilos de documentos e 18 computadores que ser\u00e3o analisados. Todo o material est\u00e1 apreendido na sala do juri do F\u00f3rum da cidade e \u00e9 vigiado por um policial militar.<\/p>\n<p>O Minist\u00e9rio P\u00fablico come\u00e7ou a investiga\u00e7\u00e3o depois que a prefeitura de Guanh\u00e3es anunciou uma verba de aproximadamente R$ 235 mil para um tradicional festa da cidade, mas ao mesmo tempo, servi\u00e7os b\u00e1sicos para a popula\u00e7\u00e3o, como sa\u00fade, transporte e at\u00e9 a merenda escolar ficaram sem recursos.<\/p>\n<p>\u201cO esquema teve in\u00edcio no ano de 2013 e se repetiu nos \u00faltimos dois anos. Empresas de fachada enviavam o seus or\u00e7amentos, mas a mesma empresa saiu vencedora em todos os anos. Por tr\u00e1s do esquema est\u00e1 um empres\u00e1rio que realiza shows em todo o estado de Minas Gerais. Todo lucro da festa ficava com  ele que tamb\u00e9m iria receber a verba destinada pela prefeitura. As propostas enviadas eram mera simula\u00e7\u00e3o. O texto das tr\u00eas eram id\u00eanticos e at\u00e9 os erros de portugu\u00eas tamb\u00e9m\u201d, contou o promotor.<\/p>\n<p>Ainda de acordo com o promotor, os documentos aprendidos comprovam a fraude em todo o processo de licita\u00e7\u00e3o da festa de Guanh\u00e3es, que aconteceu em outubro, deste ano. Das tr\u00eas empresas que enviaram proposta, apenas uma tinha pre\u00e7o dentro do valor ofertado pela prefeitura, a mesma que venceu a licita\u00e7\u00e3o da festa nos \u00faltimos tr\u00eas anos.<\/p>\n<p>Outro ind\u00edcio que chamou a aten\u00e7\u00e3o dos promotores foi a assinatura do or\u00e7amento. Lucas Devanier Alves de Oliveira mandou um documento assinado com carimbo e at\u00e9 com o CNPJ,  em 2014 Lucas enviou o mesmo or\u00e7amento, mas com a assinatura diferente.<\/p>\n<p>\u201cEstivemos na sede da empresa vencedora a Margen Produ\u00e7\u00f5es e Estruturas, que fica na cidade S\u00e3o Jos\u00e9 da Lapa e observamos que a estrutura f\u00edsica do local \u00e9 incompat\u00edvel com a grandeza dos shows promovidos. As empresas at\u00e9 podem ser legalizadas, mas n\u00e3o t\u00eam condi\u00e7\u00f5es de bancar a festa\u201d.<\/p>\n<p>Outro ind\u00edcio levantando pelo Minist\u00e9rio P\u00fablico foi durante a divulga\u00e7\u00e3o da festa na cidade. O edital correto para a organiza\u00e7\u00e3o do evento foi divulgado no dia 9 de setembro, mas antes da data, os cantores que se apresentaram na festa j\u00e1 confirmaram presen\u00e7a e divulgaram em redes sociais.<\/p>\n<p>Cantores sertanejos que participaram da festa assinaram um termo de compromisso que estaria na festa no dia 2 de setembro, data em que o edital para o processo licitat\u00f3rio ainda n\u00e3o estava aberto. O promotor acredita que os cantores n\u00e3o sabem do esquema e afirmou que o prefeito Geraldo Jos\u00e9 Pereira n\u00e3o est\u00e1 sendo investigado.<\/p>\n<p>\u201cEle n\u00e3o est\u00e1 sendo investigado, mas a gest\u00e3o dele sim. Essa investiga\u00e7\u00e3o \u00e9 s\u00f3 a ponta de um iceberg outras pastas da prefeitura de Guanh\u00e3es tamb\u00e9m ser\u00e3o investigadas e outros processos licitat\u00f3rios tamb\u00e9m ser\u00e3o analisados\u201d.<\/p>\n<p>Nossa equipe entrou em contato com o prefeitura de Guanh\u00e3es e foi informada de que o prefeito Geraldo Jos\u00e9 estava em viagem para Belo Horizonte e que ningu\u00e9m poderia comentar o assunto. <\/p>\n<p><em>(Fonte: G1 dos Vales)<\/em><\/p>\n","protected":false},"excerpt":{"rendered":"<p>Tr\u00eas pessoas ligadas diretamente a prefeitura de Guanh\u00e3es, no Vale do Rio Doce, foram presas nesta quinta-feira (5\/11), por suspeita de associa\u00e7\u00e3o criminosa, fraudes em licita\u00e7\u00f5es e falsidade ideol\u00f3gica. Outras duas pessoas que tiveram mandado de pris\u00e3o expedido pela Justi\u00e7a ainda n\u00e3o foram localizadas. Nesta sexta-feira (6), um dos promotores que respondem pelo caso, Luciano [&hellip;]<\/p>\n","protected":false},"author":4,"featured_media":72245,"comment_status":"open","ping_status":"closed","sticky":false,"template":"","format":"standard","meta":{"amp_status":"","footnotes":""},"categories":[121],"tags":[65259,65251,65252,65257,65258,155,65254,65256,65250,65260,65261,65255,65253,1180,65263,65262,65350,65351],"class_list":["post-72310","post","type-post","status-publish","format-standard","has-post-thumbnail","hentry","category-leste","tag-adriano-de-oliveira","tag-apreensao-de-documentos-na-prefeitura-de-guanhaes","tag-apreensao-na-prefeitura-de-guanhaes","tag-contador-da-prefeitura-de-guanhaes","tag-georgia-de-fatima-gandra","tag-guanhaes","tag-investigacao-na-prefeitura-de-guanhaes","tag-jose-rainero","tag-justica-apreende-computadores-e-documentos-na-prefeitura-de-guanhaes","tag-lair-bueno","tag-lucilene-martins-de-paula","tag-operacao-cartas-marcadas","tag-operacao-na-prefeitura-de-guanhaes","tag-prefeitura-de-guanhaes","tag-prisao-de-funcionarios-da-prefeitura-de-guanhaes","tag-promotor-luciano-sotero-santiago","tag-servidores-da-prefeitura-de-guanhaes-sao-presos-em-acao-do-ministerio-publico","tag-servidores-da-prefeitura-de-guanhaes-sao-presos-em-operacao-do-ministerio-publico"],"_links":{"self":[{"href":"https:\/\/aconteceunovale.com.br\/portal\/index.php?rest_route=\/wp\/v2\/posts\/72310","targetHints":{"allow":["GET"]}}],"collection":[{"href":"https:\/\/aconteceunovale.com.br\/portal\/index.php?rest_route=\/wp\/v2\/posts"}],"about":[{"href":"https:\/\/aconteceunovale.com.br\/portal\/index.php?rest_route=\/wp\/v2\/types\/post"}],"author":[{"embeddable":true,"href":"https:\/\/aconteceunovale.com.br\/portal\/index.php?rest_route=\/wp\/v2\/users\/4"}],"replies":[{"embeddable":true,"href":"https:\/\/aconteceunovale.com.br\/portal\/index.php?rest_route=%2Fwp%2Fv2%2Fcomments&post=72310"}],"version-history":[{"count":0,"href":"https:\/\/aconteceunovale.com.br\/portal\/index.php?rest_route=\/wp\/v2\/posts\/72310\/revisions"}],"wp:featuredmedia":[{"embeddable":true,"href":"https:\/\/aconteceunovale.com.br\/portal\/index.php?rest_route=\/wp\/v2\/media\/72245"}],"wp:attachment":[{"href":"https:\/\/aconteceunovale.com.br\/portal\/index.php?rest_route=%2Fwp%2Fv2%2Fmedia&parent=72310"}],"wp:term":[{"taxonomy":"category","embeddable":true,"href":"https:\/\/aconteceunovale.com.br\/portal\/index.php?rest_route=%2Fwp%2Fv2%2Fcategories&post=72310"},{"taxonomy":"post_tag","embeddable":true,"href":"https:\/\/aconteceunovale.com.br\/portal\/index.php?rest_route=%2Fwp%2Fv2%2Ftags&post=72310"}],"curies":[{"name":"wp","href":"https:\/\/api.w.org\/{rel}","templated":true}]}}