{"id":72271,"date":"2015-11-06T09:02:30","date_gmt":"2015-11-06T12:02:30","guid":{"rendered":"http:\/\/aconteceunovale.com.br\/portal\/?p=72271"},"modified":"2015-11-06T09:02:30","modified_gmt":"2015-11-06T12:02:30","slug":"previsao-do-tempo-para-minas-gerais-nesta-sexta-feira-6-de-novembro","status":"publish","type":"post","link":"https:\/\/aconteceunovale.com.br\/portal\/?p=72271","title":{"rendered":"Previs\u00e3o do tempo para Minas Gerais, nesta sexta-feira, 6 de novembro"},"content":{"rendered":"<h4><strong><em>Parcialmente nublado, com possibilidade de chuva no Sul, Campo das Vertentes e Zona da Mata. Nas demais regi\u00f5es, dia ensolarado. Previs\u00e3o do tempo para Minas Gerais, nesta sexta-feira, 6 de novembro.<\/em><\/strong><\/h4>\n<p>Nesta sexta-feira (6\/11), \u00e1reas de instabilidade atmosf\u00e9rica provocam pancadas de chuva e trovoadas em parte do Sudeste brasileiro.<\/p>\n<p>Em Minas Gerais, o tempo deve ficar parcialmente nublado, com pancadas de chuva no Sul, Campo das Vertentes e  Zona da Mata. C\u00e9u ensolarado a parcialmente nublado, com possibilidade de chuva no Tri\u00e2ngulo Mineiro, Alto Parana\u00edba, Oeste e Centro. Nas outras \u00e1reas mineiras, o dia ser\u00e1 de sol entre nuvens e n\u00e3o h\u00e1 previs\u00e3o de chuvas.<\/p>\n<p>Na Regi\u00e3o Metropolitana de Belo Horizonte, o dia ser\u00e1 de sol, aumento da nebulosidade e possibilidade de chuva. Na capital mineira, a temperatura m\u00ednima registrada foi 21\u00b0C, a m\u00e1xima prevista \u00e9 de 36\u00b0C e a umidade relativa do ar \u00e0 tarde deve ficar na casa dos 30%. <\/p>\n<p>Ao longo do final de semana a tend\u00eancia \u00e9 de chuvas no Centro, Oeste, Zona da Mata e Sul do estado. Nas outras regi\u00f5es, o tempo seguir\u00e1 est\u00e1vel.<\/p>\n","protected":false},"excerpt":{"rendered":"<p>Parcialmente nublado, com possibilidade de chuva no Sul, Campo das Vertentes e Zona da Mata. Nas demais regi\u00f5es, dia ensolarado. Previs\u00e3o do tempo para Minas Gerais, nesta sexta-feira, 6 de novembro. Nesta sexta-feira (6\/11), \u00e1reas de instabilidade atmosf\u00e9rica provocam pancadas de chuva e trovoadas em parte do Sudeste brasileiro. Em Minas Gerais, o tempo deve [&hellip;]<\/p>\n","protected":false},"author":4,"featured_media":51728,"comment_status":"open","ping_status":"closed","sticky":false,"template":"","format":"standard","meta":{"amp_status":"","footnotes":""},"categories":[123],"tags":[65303,38395,65304,1956,1839,65306,27976,65305],"class_list":["post-72271","post","type-post","status-publish","format-standard","has-post-thumbnail","hentry","category-gerais","tag-6-de-novembro","tag-nesta-sexta-feira","tag-nesta-sexta-feira-6-de-novembro","tag-previsao-do-tempo","tag-previsao-do-tempo-para-minas-gerais","tag-previsao-do-tempo-para-minas-gerais-6-de-novembro","tag-previsao-do-tempo-para-minas-gerais-nesta-sexta-feira","tag-previsao-do-tempo-para-minas-gerais-nesta-sexta-feira-6-de-novembro"],"_links":{"self":[{"href":"https:\/\/aconteceunovale.com.br\/portal\/index.php?rest_route=\/wp\/v2\/posts\/72271","targetHints":{"allow":["GET"]}}],"collection":[{"href":"https:\/\/aconteceunovale.com.br\/portal\/index.php?rest_route=\/wp\/v2\/posts"}],"about":[{"href":"https:\/\/aconteceunovale.com.br\/portal\/index.php?rest_route=\/wp\/v2\/types\/post"}],"author":[{"embeddable":true,"href":"https:\/\/aconteceunovale.com.br\/portal\/index.php?rest_route=\/wp\/v2\/users\/4"}],"replies":[{"embeddable":true,"href":"https:\/\/aconteceunovale.com.br\/portal\/index.php?rest_route=%2Fwp%2Fv2%2Fcomments&post=72271"}],"version-history":[{"count":0,"href":"https:\/\/aconteceunovale.com.br\/portal\/index.php?rest_route=\/wp\/v2\/posts\/72271\/revisions"}],"wp:featuredmedia":[{"embeddable":true,"href":"https:\/\/aconteceunovale.com.br\/portal\/index.php?rest_route=\/wp\/v2\/media\/51728"}],"wp:attachment":[{"href":"https:\/\/aconteceunovale.com.br\/portal\/index.php?rest_route=%2Fwp%2Fv2%2Fmedia&parent=72271"}],"wp:term":[{"taxonomy":"category","embeddable":true,"href":"https:\/\/aconteceunovale.com.br\/portal\/index.php?rest_route=%2Fwp%2Fv2%2Fcategories&post=72271"},{"taxonomy":"post_tag","embeddable":true,"href":"https:\/\/aconteceunovale.com.br\/portal\/index.php?rest_route=%2Fwp%2Fv2%2Ftags&post=72271"}],"curies":[{"name":"wp","href":"https:\/\/api.w.org\/{rel}","templated":true}]}}