{"id":72267,"date":"2015-11-05T23:25:03","date_gmt":"2015-11-06T02:25:03","guid":{"rendered":"http:\/\/aconteceunovale.com.br\/portal\/?p=72267"},"modified":"2015-11-05T23:31:35","modified_gmt":"2015-11-06T02:31:35","slug":"ex-prefeito-de-unai-e-condenado-a-quase-100-anos-pela-chacina-de-unai","status":"publish","type":"post","link":"https:\/\/aconteceunovale.com.br\/portal\/?p=72267","title":{"rendered":"Ex-prefeito \u00e9 condenado a quase 100 anos pela Chacina de Una\u00ed"},"content":{"rendered":"<p>O fazendeiro e ex-prefeito de Una\u00ed (MG) Ant\u00e9rio M\u00e2nica foi condenado a uma pena de 99 anos, 11 meses e quatro dias de pris\u00e3o por ser um dos mandantes dos homic\u00eddios dos tr\u00eas fiscais do Trabalho e de um motorista no crime que ficou conhecido Chacina de Una\u00ed. A senten\u00e7a foi proferida pelo juiz Murilo Fernandes na noite de hoje (5\/11\/2015). O julgamento ocorreu na sede da Justi\u00e7a Federal, em Belo Horizonte (MG). M\u00e2nica poder\u00e1 recerrer em liberdade.<\/p>\n<p>Em 28 de janeiro de 2004, os auditores fiscais do Trabalho Erat\u00f3stenes de Almeida Gon\u00e7alves, Jo\u00e3o Batista Soares Lage e Nelson Jos\u00e9 da Silva e o motorista Ailton Pereira de Oliveira foram executados a tiros, enquanto se preparavam para uma fiscaliza\u00e7\u00e3o em fazendas de feij\u00e3o da zona rural da cidade, suspeitas de contratarem trabalhadores irregularmente.<\/p>\n<p>Na semana passada, a Justi\u00e7a condenou o fazendeiro Norberto M\u00e2nica, irm\u00e3o de Ant\u00e9rio M\u00e2nica, tamb\u00e9m acusado de ser mandante do crime, e o empres\u00e1rio Jos\u00e9 Alberto de Castro, apontado como intermedi\u00e1rio, pela chacina. Norberto M\u00e2nica foi condenado a pena de 98 anos, 6 meses e 24 dias de pris\u00e3o e Castro a 96 anos, 5 meses e 22 dias. Ambos poder\u00e3o recorrer em liberdade.<\/p>\n<p>Ant\u00e9rio foi eleito prefeito de Una\u00ed em 2004 e 2008. Durante este per\u00edodo tinha direito a julgamento em foro especial e, por esse motivo, seu processo tramitou em separado ao dos outros acusados.<\/p>\n<p>\u00daltimo r\u00e9u envolvido no processo, Hugo Alves Pimenta, depois de firmar acordo de dela\u00e7\u00e3o premiada, teve o processo desmembrado e come\u00e7a a ser julgado na pr\u00f3xima ter\u00e7a-feira (10). Ele \u00e9 acusado de ser o intermedi\u00e1rio na contrata\u00e7\u00e3o de pistoleiros. Pimenta \u00e9 acusado de ser o intermedi\u00e1rio entre pistoleiros e mandantes.<\/p>\n<p><img decoding=\"async\" src=\"http:\/\/aconteceunovale.com.br\/portal\/wp-content\/uploads\/2015\/11\/ex_prefeito_de_unai.jpg\" alt=\"\" \/><em>Ant\u00e9rio M\u00e2nica vai recorrer da senten\u00e7a em liberdade &#8211; Foto: Eug\u00eanio Moraes \/ Hoje em Dia<\/em><br \/>\n<\/br><\/p>\n<p><em>(Fonte: Ag\u00eancia Brasil)<\/em><\/p>\n","protected":false},"excerpt":{"rendered":"<p>O fazendeiro e ex-prefeito de Una\u00ed (MG) Ant\u00e9rio M\u00e2nica foi condenado a uma pena de 99 anos, 11 meses e quatro dias de pris\u00e3o por ser um dos mandantes dos homic\u00eddios dos tr\u00eas fiscais do Trabalho e de um motorista no crime que ficou conhecido Chacina de Una\u00ed. A senten\u00e7a foi proferida pelo juiz Murilo [&hellip;]<\/p>\n","protected":false},"author":4,"featured_media":72268,"comment_status":"open","ping_status":"closed","sticky":false,"template":"","format":"standard","meta":{"amp_status":"","footnotes":""},"categories":[123],"tags":[31509,57666,65299,26853,65300,64687,65297,65295,65296,65302,65298,65301,23451,222],"class_list":["post-72267","post","type-post","status-publish","format-standard","has-post-thumbnail","hentry","category-gerais","tag-ailton-pereira-de-oliveira","tag-anterio-manica","tag-auditores-fiscais","tag-chacina-de-unai","tag-eratostenes-de-almeida-goncalves","tag-ex-prefeito-de-unai","tag-ex-prefeito-de-unai-e-condenado","tag-ex-prefeito-de-unai-e-condenado-a-quase-100-anos-pela-chacina-de-unai","tag-ex-prefeito-de-unai-e-condenado-pela-chacina-de-unai","tag-ex-prefeito-e-condenado-a-quase-100-anos-pela-chacina-de-unai","tag-fazendeiro-anterio-manica","tag-joao-batista-soares-lage-e-nelson-jose-da-silva","tag-julgamento","tag-unai"],"_links":{"self":[{"href":"https:\/\/aconteceunovale.com.br\/portal\/index.php?rest_route=\/wp\/v2\/posts\/72267","targetHints":{"allow":["GET"]}}],"collection":[{"href":"https:\/\/aconteceunovale.com.br\/portal\/index.php?rest_route=\/wp\/v2\/posts"}],"about":[{"href":"https:\/\/aconteceunovale.com.br\/portal\/index.php?rest_route=\/wp\/v2\/types\/post"}],"author":[{"embeddable":true,"href":"https:\/\/aconteceunovale.com.br\/portal\/index.php?rest_route=\/wp\/v2\/users\/4"}],"replies":[{"embeddable":true,"href":"https:\/\/aconteceunovale.com.br\/portal\/index.php?rest_route=%2Fwp%2Fv2%2Fcomments&post=72267"}],"version-history":[{"count":0,"href":"https:\/\/aconteceunovale.com.br\/portal\/index.php?rest_route=\/wp\/v2\/posts\/72267\/revisions"}],"wp:featuredmedia":[{"embeddable":true,"href":"https:\/\/aconteceunovale.com.br\/portal\/index.php?rest_route=\/wp\/v2\/media\/72268"}],"wp:attachment":[{"href":"https:\/\/aconteceunovale.com.br\/portal\/index.php?rest_route=%2Fwp%2Fv2%2Fmedia&parent=72267"}],"wp:term":[{"taxonomy":"category","embeddable":true,"href":"https:\/\/aconteceunovale.com.br\/portal\/index.php?rest_route=%2Fwp%2Fv2%2Fcategories&post=72267"},{"taxonomy":"post_tag","embeddable":true,"href":"https:\/\/aconteceunovale.com.br\/portal\/index.php?rest_route=%2Fwp%2Fv2%2Ftags&post=72267"}],"curies":[{"name":"wp","href":"https:\/\/api.w.org\/{rel}","templated":true}]}}