{"id":72231,"date":"2015-11-05T20:07:30","date_gmt":"2015-11-05T23:07:30","guid":{"rendered":"http:\/\/aconteceunovale.com.br\/portal\/?p=72231"},"modified":"2015-11-05T20:07:51","modified_gmt":"2015-11-05T23:07:51","slug":"padre-de-montes-claros-faz-sucesso-na-internet-com-campanha-contra-desperdicio-de-agua","status":"publish","type":"post","link":"https:\/\/aconteceunovale.com.br\/portal\/?p=72231","title":{"rendered":"Padre de Montes Claros faz sucesso com campanha contra desperd\u00edcio de \u00e1gua"},"content":{"rendered":"<p>Acostumado a usar sua Belina 1975 para espalhar campanhas de combate \u00e0 dengue pelo Norte de Minas Gerais, o padre Bessa resolveu levantar a bandeira contra o desperd\u00edcio de \u00e1gua. Mas, ao inv\u00e9s do seu velho carro, adotou um ve\u00edculo mais r\u00e1pido: a internet.<\/p>\n<p>Com base em um sucesso do sertanejo Gusttavo Lima, o padre escreveu uma par\u00f3dia com alertas divertidos como \u201cEsse banho demorado \u00e9 coisa de louco, essa lavagem de cal\u00e7ada prejudica o povo\u201d.<\/p>\n<p>Cantada pela dupla Kaio Marques e Nataly, de Montes Claros, a m\u00fasica foi postado nas redes sociais e viralizou no Whatsapp. \u201cAinda tem muita gente que n\u00e3o tomou consci\u00eancia da situa\u00e7\u00e3o da seca. Com m\u00fasica e internet, \u00e9 poss\u00edvel romper os limites e entrar em casas onde n\u00e3o conseguir\u00edamos chegar\u201d, destaca padre Bessa. No video, gravado em uma barragem praticamente seca, na divisa de Montes Claros e Pirapora, o padre aparece em cenas do cotidiano, criticando a\u00e7\u00f5es como lavar o carro e a cal\u00e7ada com mangueira. \u201c\u00c9 a nossa contribui\u00e7\u00e3o para despertar a consci\u00eancia. Temos que lembrar que os grandes t\u00eam culpa, mas n\u00f3s, os pequenos, tamb\u00e9m temos responsabilidade e precisamos fazer nossa parte\u201d, afirma.<\/p>\n<p><img decoding=\"async\" src=\"http:\/\/aconteceunovale.com.br\/portal\/wp-content\/uploads\/2015\/11\/padre_bessa.jpg\" alt=\"\" \/><em>Padre faz sucesso na internet com campanha contra desperd\u00edcio de \u00e1gua &#8211; Foto: Divulga\u00e7\u00e3o<\/em><br \/>\n<\/br><\/p>\n<p>Segundo Padre Bessa, da par\u00f3quia S\u00e3o Sebasti\u00e3o, de Montes Claros, o video j\u00e1 teve 20 mil acessos entre Youtube, Facebook e Whastapp, al\u00e9m do site <a href=\"http:\/\/www.padrebessa.com.br\" target=\"_blank\">www.padrebessa.com.br<\/a>. Ele explica que pediu autoriza\u00e7\u00e3o ao cantor Gusttavo Lima, para usar a melodia da m\u00fasica Cor de Ouro. E n\u00e3o foi a primeira par\u00f3dia. O religioso tamb\u00e9m j\u00e1 escreveu par\u00f3dia com o hit Lepo Lepo, com letra voltada para o combate \u00e1 dengue.<\/p>\n<p><strong>Veja o v\u00eddeo:<\/strong><\/p>\n<p><iframe loading=\"lazy\" width=\"640\" height=\"360\" src=\"https:\/\/www.youtube.com\/embed\/yiMt7U8s-34\" frameborder=\"0\" allowfullscreen><\/iframe><br \/>\n<\/br><\/p>\n<p><em><strong>(Fonte: O Tempo)<\/strong><\/em><\/p>\n","protected":false},"excerpt":{"rendered":"<p>Acostumado a usar sua Belina 1975 para espalhar campanhas de combate \u00e0 dengue pelo Norte de Minas Gerais, o padre Bessa resolveu levantar a bandeira contra o desperd\u00edcio de \u00e1gua. Mas, ao inv\u00e9s do seu velho carro, adotou um ve\u00edculo mais r\u00e1pido: a internet. Com base em um sucesso do sertanejo Gusttavo Lima, o padre [&hellip;]<\/p>\n","protected":false},"author":4,"featured_media":72232,"comment_status":"open","ping_status":"closed","sticky":false,"template":"","format":"standard","meta":{"amp_status":"","footnotes":""},"categories":[1236],"tags":[65276,210,65274,65275,65277,65273,65272],"class_list":["post-72231","post","type-post","status-publish","format-standard","has-post-thumbnail","hentry","category-norte_de_minas","tag-kaio-marques-e-nataly","tag-montes-claros","tag-padre-bessa","tag-padre-bessa-montes-claros","tag-padre-de-montes-claros-faz-sucesso-com-campanha-contra-desperdicio-de-agua","tag-padre-de-montes-claros-faz-sucesso-na-internet","tag-padre-de-montes-claros-faz-sucesso-na-internet-com-campanha-contra-desperdicio-de-agua"],"_links":{"self":[{"href":"https:\/\/aconteceunovale.com.br\/portal\/index.php?rest_route=\/wp\/v2\/posts\/72231","targetHints":{"allow":["GET"]}}],"collection":[{"href":"https:\/\/aconteceunovale.com.br\/portal\/index.php?rest_route=\/wp\/v2\/posts"}],"about":[{"href":"https:\/\/aconteceunovale.com.br\/portal\/index.php?rest_route=\/wp\/v2\/types\/post"}],"author":[{"embeddable":true,"href":"https:\/\/aconteceunovale.com.br\/portal\/index.php?rest_route=\/wp\/v2\/users\/4"}],"replies":[{"embeddable":true,"href":"https:\/\/aconteceunovale.com.br\/portal\/index.php?rest_route=%2Fwp%2Fv2%2Fcomments&post=72231"}],"version-history":[{"count":0,"href":"https:\/\/aconteceunovale.com.br\/portal\/index.php?rest_route=\/wp\/v2\/posts\/72231\/revisions"}],"wp:featuredmedia":[{"embeddable":true,"href":"https:\/\/aconteceunovale.com.br\/portal\/index.php?rest_route=\/wp\/v2\/media\/72232"}],"wp:attachment":[{"href":"https:\/\/aconteceunovale.com.br\/portal\/index.php?rest_route=%2Fwp%2Fv2%2Fmedia&parent=72231"}],"wp:term":[{"taxonomy":"category","embeddable":true,"href":"https:\/\/aconteceunovale.com.br\/portal\/index.php?rest_route=%2Fwp%2Fv2%2Fcategories&post=72231"},{"taxonomy":"post_tag","embeddable":true,"href":"https:\/\/aconteceunovale.com.br\/portal\/index.php?rest_route=%2Fwp%2Fv2%2Ftags&post=72231"}],"curies":[{"name":"wp","href":"https:\/\/api.w.org\/{rel}","templated":true}]}}