{"id":72215,"date":"2015-11-05T16:45:06","date_gmt":"2015-11-05T19:45:06","guid":{"rendered":"http:\/\/aconteceunovale.com.br\/portal\/?p=72215"},"modified":"2015-11-05T16:45:06","modified_gmt":"2015-11-05T19:45:06","slug":"governo-de-minas-gerais-nomeia-mais-1-499-profissionais-para-a-educacao","status":"publish","type":"post","link":"https:\/\/aconteceunovale.com.br\/portal\/?p=72215","title":{"rendered":"Governo de Minas Gerais nomeia mais 1.499 profissionais para a Educa\u00e7\u00e3o"},"content":{"rendered":"<p>Mais 1.499 profissionais, sendo 999 professores de Educa\u00e7\u00e3o B\u00e1sica e 500 profissionais para as \u00e1reas pedag\u00f3gicas e t\u00e9cnico-administrativas, foram nomeados pelo Governo do Estado, em lista publicada nesta quinta-feira (5\/11) no\u00a0Di\u00e1rio Oficial de Minas Gerais. Esse \u00e9 o oitavo conjunto de nomea\u00e7\u00f5es para a Educa\u00e7\u00e3o que ocorre neste ano.\u00a0Com isso, a pasta j\u00e1 soma 12.007 nomeados, sendo que s\u00f3 para as salas de aulas foram 9.166 profissionais para as diversas regi\u00f5es do estado. As nomea\u00e7\u00f5es se referem ao concurso de 2011.<\/p>\n<p>A nomea\u00e7\u00e3o de profissionais \u00e9 um dos principais itens do acordo hist\u00f3rico assinado entre os trabalhadores da Educa\u00e7\u00e3o e o Estado no in\u00edcio do ano, ao lado do pagamento do piso nacional aos trabalhadores, e reflete a import\u00e2ncia que o Governo tem dado aos trabalhadores e \u00e0 \u00e1rea. A previs\u00e3o \u00e9 que at\u00e9 2018 sejam nomeados 60 mil novos servidores, sendo 15 mil por ano. A valoriza\u00e7\u00e3o e o fortalecimento dos trabalhadores, por meio de melhor remunera\u00e7\u00e3o, amplia\u00e7\u00e3o do quadro de servidores e efetiva\u00e7\u00e3o do profissional, s\u00e3o a\u00e7\u00f5es que impactam positivamente na qualidade da Educa\u00e7\u00e3o no estado.<\/p>\n<p><strong><a href=\"http:\/\/jornal.iof.mg.gov.br\/xmlui\/handle\/123456789\/154208?paginaCorrente=06&amp;posicaoPagCorrente=154211&amp;linkBase=http%3A%2F%2Fjornal.iof.mg.gov.br%3A80%2Fxmlui%2Fhandle%2F123456789%2F&amp;totalPaginas=52&amp;paginaDestino=3&amp;indice=0\" target=\"_blank\">Clique aqui\u00a0e confira as nomea\u00e7\u00f5es desta quinta-feira-feira (5\/11).<\/a><\/strong><\/p>\n<p>Do total de 12.007 nomea\u00e7\u00f5es publicadas entre os meses de mar\u00e7o e novembro, a maior parte vai atuar na \u00e1rea pedag\u00f3gica \u2013 10.517 (85,9%), sendo 9.166 professores e 1.151 especialistas em Educa\u00e7\u00e3o B\u00e1sica. J\u00e1 para a \u00e1rea t\u00e9cnico-administrativa foram 1.690 nomeados para atuar nas escolas, no\u00a0 \u00f3rg\u00e3o central e nas 47 Superintend\u00eancias Regionais de Ensino.<\/p>\n<p><strong>Exames<\/strong><\/p>\n<p>Publicada a nomea\u00e7\u00e3o, o aprovado deve submeter-se a exame m\u00e9dico pr\u00e9-admissional, a ser realizado pela Superintend\u00eancia Central de Per\u00edcia M\u00e9dica e Sa\u00fade Ocupacional (SCPMSO) da\u00a0Secretaria de Estado de Planejamento e Gest\u00e3o (Seplag), nas datas e hor\u00e1rios informados.\u00a0<strong><a href=\"http:\/\/planejamento.mg.gov.br\/concursos-e-estagios\/concursos-publicos\/concurso-da-secretaria-de-estado-de-educacao-edital-seplag-see-n-01-2011\" target=\"_blank\">Clique aqui\u00a0para acessar<\/a><\/strong>.<\/p>\n","protected":false},"excerpt":{"rendered":"<p>Mais 1.499 profissionais, sendo 999 professores de Educa\u00e7\u00e3o B\u00e1sica e 500 profissionais para as \u00e1reas pedag\u00f3gicas e t\u00e9cnico-administrativas, foram nomeados pelo Governo do Estado, em lista publicada nesta quinta-feira (5\/11) no\u00a0Di\u00e1rio Oficial de Minas Gerais. Esse \u00e9 o oitavo conjunto de nomea\u00e7\u00f5es para a Educa\u00e7\u00e3o que ocorre neste ano.\u00a0Com isso, a pasta j\u00e1 soma 12.007 [&hellip;]<\/p>\n","protected":false},"author":4,"featured_media":58647,"comment_status":"open","ping_status":"closed","sticky":false,"template":"","format":"standard","meta":{"amp_status":"","footnotes":""},"categories":[40238,123],"tags":[65245,65248,65249,65246,65247],"class_list":["post-72215","post","type-post","status-publish","format-standard","has-post-thumbnail","hentry","category-educacao-2","category-gerais","tag-governo-de-minas-gerais-nomeia-mais-1-499-profissionais-para-a-educacao","tag-lista-de-nomeacoes-de-profissionais-para-a-educacao","tag-lista-de-profissionais-nomeados-para-a-educacao","tag-nomeacao-de-profissionais-para-a-educacao","tag-profissionais-nomeados-para-a-educacao"],"_links":{"self":[{"href":"https:\/\/aconteceunovale.com.br\/portal\/index.php?rest_route=\/wp\/v2\/posts\/72215","targetHints":{"allow":["GET"]}}],"collection":[{"href":"https:\/\/aconteceunovale.com.br\/portal\/index.php?rest_route=\/wp\/v2\/posts"}],"about":[{"href":"https:\/\/aconteceunovale.com.br\/portal\/index.php?rest_route=\/wp\/v2\/types\/post"}],"author":[{"embeddable":true,"href":"https:\/\/aconteceunovale.com.br\/portal\/index.php?rest_route=\/wp\/v2\/users\/4"}],"replies":[{"embeddable":true,"href":"https:\/\/aconteceunovale.com.br\/portal\/index.php?rest_route=%2Fwp%2Fv2%2Fcomments&post=72215"}],"version-history":[{"count":0,"href":"https:\/\/aconteceunovale.com.br\/portal\/index.php?rest_route=\/wp\/v2\/posts\/72215\/revisions"}],"wp:featuredmedia":[{"embeddable":true,"href":"https:\/\/aconteceunovale.com.br\/portal\/index.php?rest_route=\/wp\/v2\/media\/58647"}],"wp:attachment":[{"href":"https:\/\/aconteceunovale.com.br\/portal\/index.php?rest_route=%2Fwp%2Fv2%2Fmedia&parent=72215"}],"wp:term":[{"taxonomy":"category","embeddable":true,"href":"https:\/\/aconteceunovale.com.br\/portal\/index.php?rest_route=%2Fwp%2Fv2%2Fcategories&post=72215"},{"taxonomy":"post_tag","embeddable":true,"href":"https:\/\/aconteceunovale.com.br\/portal\/index.php?rest_route=%2Fwp%2Fv2%2Ftags&post=72215"}],"curies":[{"name":"wp","href":"https:\/\/api.w.org\/{rel}","templated":true}]}}