{"id":72207,"date":"2015-11-05T16:25:52","date_gmt":"2015-11-05T19:25:52","guid":{"rendered":"http:\/\/aconteceunovale.com.br\/portal\/?p=72207"},"modified":"2015-11-05T16:27:28","modified_gmt":"2015-11-05T19:27:28","slug":"homem-e-morto-apos-mal-entendido-sobre-receita-de-camarao-em-governador-valadares","status":"publish","type":"post","link":"https:\/\/aconteceunovale.com.br\/portal\/?p=72207","title":{"rendered":"Homem \u00e9 morto ap\u00f3s \u2018mal entendido\u2019 sobre receita de camar\u00e3o em Governador Valadares"},"content":{"rendered":"<p>Um homem de 51 anos foi assassinado durante uma briga nessa quarta-feira (04\/11\/2015), em Governador Valadares, no Vale do Rio Doce. A confus\u00e3o come\u00e7ou depois que o suspeito, de 59 anos, pensou que a v\u00edtima estivesse zombando dele. Segundo a Pol\u00edcia Militar (PM), o homem estava em uma rua conversando com amigos sobre a compra de um camar\u00e3o e teria dito que iria passar manteiga e gordura nas costas do crust\u00e1ceo. O suspeito ouviu o coment\u00e1rio e se sentiu ofendido.<\/p>\n<p>Em seguida, pegou uma faca e come\u00e7ou a discutir com a v\u00edtima. Segundo testemunhas, o homem tentou explicar o mal entendido e pediu desculpas, mas mesmo assim foi atingido por uma facada no abd\u00f4men e morreu no local. O Corpo de Carlos Ferreira Bessa foi encaminhado ao Instituto M\u00e9dico Legal. O suspeito fugiu de bicicleta e ainda n\u00e3o foi preso.<\/p>\n<p>Segundo familiares, a v\u00edtima morava h\u00e1 20 anos na \u00c1sia e estava na cidade h\u00e1 15 dias, para atualizar o visto internacional. A fam\u00edlia disse ainda que ele n\u00e3o tinha nenhuma rivalidade com o suspeito e n\u00e3o possu\u00eda inimizades. O caso ser\u00e1 investigado pela Pol\u00edcia Civil.<\/p>\n<p><em>(Fonte: G1 dos Vales)<\/em><\/p>\n","protected":false},"excerpt":{"rendered":"<p>Um homem de 51 anos foi assassinado durante uma briga nessa quarta-feira (04\/11\/2015), em Governador Valadares, no Vale do Rio Doce. A confus\u00e3o come\u00e7ou depois que o suspeito, de 59 anos, pensou que a v\u00edtima estivesse zombando dele. Segundo a Pol\u00edcia Militar (PM), o homem estava em uma rua conversando com amigos sobre a compra [&hellip;]<\/p>\n","protected":false},"author":4,"featured_media":72208,"comment_status":"open","ping_status":"closed","sticky":false,"template":"","format":"standard","meta":{"amp_status":"","footnotes":""},"categories":[121],"tags":[65236,65238,65240,65237,65239,247,65241,65243,65242],"class_list":["post-72207","post","type-post","status-publish","format-standard","has-post-thumbnail","hentry","category-leste","tag-briga-por-causa-de-camarao","tag-briga-por-causa-de-camarao-em-governador-valadares","tag-carlos-ferreira-bessa","tag-desentendimento-por-causa-de-camarao","tag-desentendimento-por-causa-de-camarao-em-governador-valadares","tag-governador-valadares","tag-homem-e-morto-apos-mal-entendido-sobre-receita-de-camarao-em-governador-valadares","tag-morte-de-morador-da-china-no-brasil","tag-morte-de-morador-do-japao-no-brasil"],"_links":{"self":[{"href":"https:\/\/aconteceunovale.com.br\/portal\/index.php?rest_route=\/wp\/v2\/posts\/72207","targetHints":{"allow":["GET"]}}],"collection":[{"href":"https:\/\/aconteceunovale.com.br\/portal\/index.php?rest_route=\/wp\/v2\/posts"}],"about":[{"href":"https:\/\/aconteceunovale.com.br\/portal\/index.php?rest_route=\/wp\/v2\/types\/post"}],"author":[{"embeddable":true,"href":"https:\/\/aconteceunovale.com.br\/portal\/index.php?rest_route=\/wp\/v2\/users\/4"}],"replies":[{"embeddable":true,"href":"https:\/\/aconteceunovale.com.br\/portal\/index.php?rest_route=%2Fwp%2Fv2%2Fcomments&post=72207"}],"version-history":[{"count":0,"href":"https:\/\/aconteceunovale.com.br\/portal\/index.php?rest_route=\/wp\/v2\/posts\/72207\/revisions"}],"wp:featuredmedia":[{"embeddable":true,"href":"https:\/\/aconteceunovale.com.br\/portal\/index.php?rest_route=\/wp\/v2\/media\/72208"}],"wp:attachment":[{"href":"https:\/\/aconteceunovale.com.br\/portal\/index.php?rest_route=%2Fwp%2Fv2%2Fmedia&parent=72207"}],"wp:term":[{"taxonomy":"category","embeddable":true,"href":"https:\/\/aconteceunovale.com.br\/portal\/index.php?rest_route=%2Fwp%2Fv2%2Fcategories&post=72207"},{"taxonomy":"post_tag","embeddable":true,"href":"https:\/\/aconteceunovale.com.br\/portal\/index.php?rest_route=%2Fwp%2Fv2%2Ftags&post=72207"}],"curies":[{"name":"wp","href":"https:\/\/api.w.org\/{rel}","templated":true}]}}