{"id":72195,"date":"2015-11-05T14:59:14","date_gmt":"2015-11-05T17:59:14","guid":{"rendered":"http:\/\/aconteceunovale.com.br\/portal\/?p=72195"},"modified":"2015-11-05T14:59:14","modified_gmt":"2015-11-05T17:59:14","slug":"populacao-de-chapada-do-norte-sofre-com-a-falta-de-agua","status":"publish","type":"post","link":"https:\/\/aconteceunovale.com.br\/portal\/?p=72195","title":{"rendered":"Popula\u00e7\u00e3o de Chapada do Norte sofre com a falta de \u00e1gua"},"content":{"rendered":"<p>A escassez de recursos h\u00eddricos \u00e9 um problema antigo e que sempre se intensifica em per\u00edodos longos de estiagem em Chapada do Norte, no Vale do Jequitinhonha. Segundo relatos de moradores, a cidade j\u00e1 est\u00e1 sem \u00e1gua nas torneiras h\u00e1 mais de quinze dias. V\u00e1rios deles utilizam as redes sociais para divulgar imagens da seca que castiga o munic\u00edpio. <\/p>\n<p>Nessa quarta-feira (04\/11), homens, mulheres e crian\u00e7as fizeram fila no Centro da cidade para encher recipientes de \u00e1gua que era distribu\u00edda por  um caminh\u00e3o pipa.<\/p>\n<p>Fotos divulgadas pelo professor Maur\u00edcio Costa no dia 02\/11 mostram que o Rio Capivari, que abastece as resid\u00eancias de Chapada do Norte, est\u00e1 completamente seco.<\/p>\n<p><img decoding=\"async\" src=\"http:\/\/aconteceunovale.com.br\/portal\/wp-content\/uploads\/2015\/11\/rio_capivari_seco_1.jpg\" alt=\"\" \/><\/p>\n<p><img decoding=\"async\" src=\"http:\/\/aconteceunovale.com.br\/portal\/wp-content\/uploads\/2015\/11\/rio_capivari_seco_2.jpg\" alt=\"\" \/><\/p>\n<p><img decoding=\"async\" src=\"http:\/\/aconteceunovale.com.br\/portal\/wp-content\/uploads\/2015\/11\/rio_capivari_seco_3.jpg\" alt=\"\" \/><\/p>\n<p><img decoding=\"async\" src=\"http:\/\/aconteceunovale.com.br\/portal\/wp-content\/uploads\/2015\/11\/rio_capivari_seco_4.jpg\" alt=\"\" \/><\/p>\n<p><img decoding=\"async\" src=\"http:\/\/aconteceunovale.com.br\/portal\/wp-content\/uploads\/2015\/11\/rio_capivari_seco_5.jpg\" alt=\"\" \/><\/p>\n<p><img decoding=\"async\" src=\"http:\/\/aconteceunovale.com.br\/portal\/wp-content\/uploads\/2015\/11\/rio_capivari_seco_6.jpg\" alt=\"\" \/><\/p>\n<p><img decoding=\"async\" src=\"http:\/\/aconteceunovale.com.br\/portal\/wp-content\/uploads\/2015\/11\/rio_capivari_seco_7.jpg\" alt=\"\" \/><\/p>\n<p><img decoding=\"async\" src=\"http:\/\/aconteceunovale.com.br\/portal\/wp-content\/uploads\/2015\/11\/rio_capivari_seco_8.jpg\" alt=\"\" \/><\/p>\n<p><img decoding=\"async\" src=\"http:\/\/aconteceunovale.com.br\/portal\/wp-content\/uploads\/2015\/11\/rio_capivari_seco_9.jpg\" alt=\"\" \/><em>(Fotos: Maur\u00edcio Costa)<\/em><\/p>\n","protected":false},"excerpt":{"rendered":"<p>A escassez de recursos h\u00eddricos \u00e9 um problema antigo e que sempre se intensifica em per\u00edodos longos de estiagem em Chapada do Norte, no Vale do Jequitinhonha. Segundo relatos de moradores, a cidade j\u00e1 est\u00e1 sem \u00e1gua nas torneiras h\u00e1 mais de quinze dias. V\u00e1rios deles utilizam as redes sociais para divulgar imagens da seca [&hellip;]<\/p>\n","protected":false},"author":4,"featured_media":72201,"comment_status":"open","ping_status":"closed","sticky":false,"template":"","format":"standard","meta":{"amp_status":"","footnotes":""},"categories":[120],"tags":[481,65235,65232,65234,65233,65231,65229,65230],"class_list":["post-72195","post","type-post","status-publish","format-standard","has-post-thumbnail","hentry","category-jequi","tag-chapada-do-norte","tag-desabastecimento-de-agua-em-chapada-do-norte","tag-escassez-de-agua-em-chapada-do-norte","tag-escassez-de-recursos-hidricos-em-chapada-do-norte","tag-estiagem-em-chapada-do-norte","tag-falta-de-agua-em-chapada-do-norte","tag-populacao-de-chapada-do-norte-sofre-com-a-falta-de-agua","tag-seca-em-chapada-do-norte"],"_links":{"self":[{"href":"https:\/\/aconteceunovale.com.br\/portal\/index.php?rest_route=\/wp\/v2\/posts\/72195","targetHints":{"allow":["GET"]}}],"collection":[{"href":"https:\/\/aconteceunovale.com.br\/portal\/index.php?rest_route=\/wp\/v2\/posts"}],"about":[{"href":"https:\/\/aconteceunovale.com.br\/portal\/index.php?rest_route=\/wp\/v2\/types\/post"}],"author":[{"embeddable":true,"href":"https:\/\/aconteceunovale.com.br\/portal\/index.php?rest_route=\/wp\/v2\/users\/4"}],"replies":[{"embeddable":true,"href":"https:\/\/aconteceunovale.com.br\/portal\/index.php?rest_route=%2Fwp%2Fv2%2Fcomments&post=72195"}],"version-history":[{"count":0,"href":"https:\/\/aconteceunovale.com.br\/portal\/index.php?rest_route=\/wp\/v2\/posts\/72195\/revisions"}],"wp:featuredmedia":[{"embeddable":true,"href":"https:\/\/aconteceunovale.com.br\/portal\/index.php?rest_route=\/wp\/v2\/media\/72201"}],"wp:attachment":[{"href":"https:\/\/aconteceunovale.com.br\/portal\/index.php?rest_route=%2Fwp%2Fv2%2Fmedia&parent=72195"}],"wp:term":[{"taxonomy":"category","embeddable":true,"href":"https:\/\/aconteceunovale.com.br\/portal\/index.php?rest_route=%2Fwp%2Fv2%2Fcategories&post=72195"},{"taxonomy":"post_tag","embeddable":true,"href":"https:\/\/aconteceunovale.com.br\/portal\/index.php?rest_route=%2Fwp%2Fv2%2Ftags&post=72195"}],"curies":[{"name":"wp","href":"https:\/\/api.w.org\/{rel}","templated":true}]}}