{"id":72182,"date":"2015-11-05T08:25:05","date_gmt":"2015-11-05T11:25:05","guid":{"rendered":"http:\/\/aconteceunovale.com.br\/portal\/?p=72182"},"modified":"2015-11-05T08:25:05","modified_gmt":"2015-11-05T11:25:05","slug":"quinta-feira-sera-ensolarada-e-com-temperaturas-elevadas-na-maior-parte-de-minas-gerais-2","status":"publish","type":"post","link":"https:\/\/aconteceunovale.com.br\/portal\/?p=72182","title":{"rendered":"Quinta-feira ser\u00e1 ensolarada e com temperaturas elevadas na maior parte de Minas Gerais"},"content":{"rendered":"<h4><strong><em>Previs\u00e3o do tempo para Minas Gerais, nesta quinta-feira, 5 de novembro. Parcialmente nublado a nublado, com pancadas de chuva no Tri\u00e2ngulo, Sul e Campo das Vertentes. Nas demais regi\u00f5es, predom\u00ednio do sol.<\/em><\/strong><\/h4>\n<p>Nesta quinta-feira (5\/11), a atua\u00e7\u00e3o de \u00e1reas de instabilidades sobre o continente intensifica a ocorr\u00eancia de pancadas de chuva sobre parte do Sudeste do pa\u00eds.<\/p>\n<p>No estado de Minas Gerais, o tempo fica parcialmente nublado a nublado, com pancadas de chuva no Tri\u00e2ngulo Mineiro, Sul, Campo das Vertentes e  Zona da Mata.<\/p>\n<p>Nas demais regi\u00f5es mineiras, o dia ser\u00e1 de sol entre poucas nuvens e as temperaturas diurnas ficam elevadas, favorecendo a queda dos \u00edndices de umidade relativa do ar.<\/p>\n<p>Na Regi\u00e3o Metropolitana de Belo Horizonte, o dia ser\u00e1 de predom\u00ednio de sol e umidade relativa do ar baixa \u00e0 tarde. Na capital mineira, a temperatura oscila entre 22\u00baC e 35\u00baC, e a umidade relativa do ar, \u00e0 tarde, em torno de 30%.<\/p>\n","protected":false},"excerpt":{"rendered":"<p>Previs\u00e3o do tempo para Minas Gerais, nesta quinta-feira, 5 de novembro. Parcialmente nublado a nublado, com pancadas de chuva no Tri\u00e2ngulo, Sul e Campo das Vertentes. Nas demais regi\u00f5es, predom\u00ednio do sol. Nesta quinta-feira (5\/11), a atua\u00e7\u00e3o de \u00e1reas de instabilidades sobre o continente intensifica a ocorr\u00eancia de pancadas de chuva sobre parte do Sudeste [&hellip;]<\/p>\n","protected":false},"author":4,"featured_media":69600,"comment_status":"open","ping_status":"closed","sticky":false,"template":"","format":"standard","meta":{"amp_status":"","footnotes":""},"categories":[123],"tags":[65198,37346,65199,1956,1839,65200,29257,59911],"class_list":["post-72182","post","type-post","status-publish","format-standard","has-post-thumbnail","hentry","category-gerais","tag-5-de-novembro","tag-nesta-quinta-feira","tag-nesta-quinta-feira-5-de-novembro","tag-previsao-do-tempo","tag-previsao-do-tempo-para-minas-gerais","tag-previsao-do-tempo-para-minas-gerais-5-de-novembro","tag-previsao-do-tempo-para-minas-gerais-nesta-quinta-feira","tag-quinta-feira-sera-ensolarada-e-com-temperaturas-elevadas-na-maior-parte-de-minas-gerais"],"_links":{"self":[{"href":"https:\/\/aconteceunovale.com.br\/portal\/index.php?rest_route=\/wp\/v2\/posts\/72182","targetHints":{"allow":["GET"]}}],"collection":[{"href":"https:\/\/aconteceunovale.com.br\/portal\/index.php?rest_route=\/wp\/v2\/posts"}],"about":[{"href":"https:\/\/aconteceunovale.com.br\/portal\/index.php?rest_route=\/wp\/v2\/types\/post"}],"author":[{"embeddable":true,"href":"https:\/\/aconteceunovale.com.br\/portal\/index.php?rest_route=\/wp\/v2\/users\/4"}],"replies":[{"embeddable":true,"href":"https:\/\/aconteceunovale.com.br\/portal\/index.php?rest_route=%2Fwp%2Fv2%2Fcomments&post=72182"}],"version-history":[{"count":0,"href":"https:\/\/aconteceunovale.com.br\/portal\/index.php?rest_route=\/wp\/v2\/posts\/72182\/revisions"}],"wp:featuredmedia":[{"embeddable":true,"href":"https:\/\/aconteceunovale.com.br\/portal\/index.php?rest_route=\/wp\/v2\/media\/69600"}],"wp:attachment":[{"href":"https:\/\/aconteceunovale.com.br\/portal\/index.php?rest_route=%2Fwp%2Fv2%2Fmedia&parent=72182"}],"wp:term":[{"taxonomy":"category","embeddable":true,"href":"https:\/\/aconteceunovale.com.br\/portal\/index.php?rest_route=%2Fwp%2Fv2%2Fcategories&post=72182"},{"taxonomy":"post_tag","embeddable":true,"href":"https:\/\/aconteceunovale.com.br\/portal\/index.php?rest_route=%2Fwp%2Fv2%2Ftags&post=72182"}],"curies":[{"name":"wp","href":"https:\/\/api.w.org\/{rel}","templated":true}]}}