{"id":72174,"date":"2015-11-04T22:06:19","date_gmt":"2015-11-05T01:06:19","guid":{"rendered":"http:\/\/aconteceunovale.com.br\/portal\/?p=72174"},"modified":"2015-11-05T16:40:49","modified_gmt":"2015-11-05T19:40:49","slug":"jovem-invade-capela-e-destroi-imagem-da-padroeira-de-taiobeiras","status":"publish","type":"post","link":"https:\/\/aconteceunovale.com.br\/portal\/?p=72174","title":{"rendered":"Jovem invade capela e destr\u00f3i imagem de Nossa Senhora de F\u00e1tima em Taiobeiras"},"content":{"rendered":"<p>Um rapaz de 24 anos, que estava internado em um hospital de Taiobeiras, conseguiu fugir, invadiu uma capela e destruiu uma imagem de Nossa Senhora de F\u00e1tima nesta quarta-feira (4\/11\/2015). O coordenador do Centro de Aten\u00e7\u00e3o Psicossocial (CAPS), Guilherme Miranda, afirma que o ele sofre de esquizofrenia e estava sendo tratado no CAPS, onde permanecia das 7h \u00e0s 17h. Depois deste hor\u00e1rio, era levado para os leitos destinados \u00e0 pacientes psiqui\u00e1tricos na unidade de sa\u00fade.<\/p>\n<p>A Pol\u00edcia Militar informou que foi acionada pelo vigilante do hospital, depois que o rapaz fugiu. Durante rastreamentos ele foi encontrado dentro da capela e j\u00e1 tinha destru\u00eddo a imagem. O p\u00e1roco Ivan Alckmin disse que na quinta-feira (29) o rapaz j\u00e1 havia tentado destruir a redoma que protege a santa.<\/p>\n<p>\u201cA popula\u00e7\u00e3o est\u00e1 chocada e consternada. Muitas pessoas choraram, a popula\u00e7\u00e3o tem uma devo\u00e7\u00e3o enorme por Nossa Senhora de F\u00e1tima. No primeiro dia que ele agiu, falei com a Pol\u00edcia Militar que ele n\u00e3o deveria ficar solto, que precisava de uma vigil\u00e2ncia constante\u201d, diz o p\u00e1roco.<\/p>\n<p>A capela foi constru\u00edda por causa da imagem. A santa foi levada de Portugal para Taiobeiras em 1955 por um religioso holand\u00eas e tinha 1,65 metros. O p\u00e1roco j\u00e1 entrou em contato com um restaurador em S\u00e3o Paulo, e enquanto a imagem passa pelo processo, a capela permanecer\u00e1 fechada.<\/p>\n<p>\u201cEsta atitude feriu a hist\u00f3ria da nossa cidade e a f\u00e9 do nosso povo. Nosso padroeiro \u00e9 S\u00e3o Sebasti\u00e3o, mas temos tamb\u00e9m a festa de Nossa Senhora de F\u00e1tima, que ir\u00e1 completar 60 anos. Nas comemora\u00e7\u00f5es h\u00e1 celebra\u00e7\u00f5es que re\u00fanem mais de oito mil pessoas\u201d, fala Valmira Ferreira dos Santos, que faz parte da Pastoral do D\u00edzimo, do Conselho Econ\u00f4mico e \u00e9 ministra da Eucaristia.<\/p>\n<p>Ap\u00f3s ser detido pela PM, o homem foi levado para o hospital novamente. O diretor da unidade de sa\u00fade disse que durante todo o per\u00edodo de interna\u00e7\u00e3o ele estava acompanhado da m\u00e3e. Ap\u00f3s cochilar, ela percebeu que o filho havia sa\u00eddo e chamou a seguran\u00e7a, que acionou a pol\u00edcia.<\/p>\n<p>Ainda de acordo com o diretor, antes de fugir, o rapaz tirou a pulseira de identifica\u00e7\u00e3o e o acesso venoso.<\/p>\n<p><img decoding=\"async\" src=\"http:\/\/aconteceunovale.com.br\/portal\/wp-content\/uploads\/2015\/11\/imagem_igreja_rpmg.jpg\" alt=\"\" \/><em>Jovem invade capela e destr\u00f3i imagem da padroeira de Taiobeiras &#8211; Foto: Folha Regional<\/em><br \/>\n<\/br><\/p>\n<p><em>(Fonte: G1 Grande Minas)<\/em><\/p>\n","protected":false},"excerpt":{"rendered":"<p>Um rapaz de 24 anos, que estava internado em um hospital de Taiobeiras, conseguiu fugir, invadiu uma capela e destruiu uma imagem de Nossa Senhora de F\u00e1tima nesta quarta-feira (4\/11\/2015). O coordenador do Centro de Aten\u00e7\u00e3o Psicossocial (CAPS), Guilherme Miranda, afirma que o ele sofre de esquizofrenia e estava sendo tratado no CAPS, onde permanecia [&hellip;]<\/p>\n","protected":false},"author":4,"featured_media":72175,"comment_status":"open","ping_status":"closed","sticky":false,"template":"","format":"standard","meta":{"amp_status":"","footnotes":""},"categories":[1236],"tags":[65188,65187,65185,65186,65184,65183,65182,65244,65189,421,419],"class_list":["post-72174","post","type-post","status-publish","format-standard","has-post-thumbnail","hentry","category-norte_de_minas","tag-ataque-em-capela-de-taiobeiras","tag-ataque-em-igreja-de-taiobeiras","tag-capela-de-taiobeiras","tag-destruicao-de-imagem-em-igreja-de-taiobeiras","tag-igreja-de-taiobeiras","tag-jovem-destroi-imagem-de-nossa-senhora-de-fatima-em-igreja-de-taiobeiras","tag-jovem-invade-capela-e-destroi-imagem-da-padroeira-de-taiobeiras","tag-jovem-invade-capela-e-destroi-imagem-de-nossa-senhora-de-fatima-em-taiobeiras","tag-padre-ivan-alckmin","tag-rio-pardo-de-minas","tag-taiobeiras"],"_links":{"self":[{"href":"https:\/\/aconteceunovale.com.br\/portal\/index.php?rest_route=\/wp\/v2\/posts\/72174","targetHints":{"allow":["GET"]}}],"collection":[{"href":"https:\/\/aconteceunovale.com.br\/portal\/index.php?rest_route=\/wp\/v2\/posts"}],"about":[{"href":"https:\/\/aconteceunovale.com.br\/portal\/index.php?rest_route=\/wp\/v2\/types\/post"}],"author":[{"embeddable":true,"href":"https:\/\/aconteceunovale.com.br\/portal\/index.php?rest_route=\/wp\/v2\/users\/4"}],"replies":[{"embeddable":true,"href":"https:\/\/aconteceunovale.com.br\/portal\/index.php?rest_route=%2Fwp%2Fv2%2Fcomments&post=72174"}],"version-history":[{"count":0,"href":"https:\/\/aconteceunovale.com.br\/portal\/index.php?rest_route=\/wp\/v2\/posts\/72174\/revisions"}],"wp:featuredmedia":[{"embeddable":true,"href":"https:\/\/aconteceunovale.com.br\/portal\/index.php?rest_route=\/wp\/v2\/media\/72175"}],"wp:attachment":[{"href":"https:\/\/aconteceunovale.com.br\/portal\/index.php?rest_route=%2Fwp%2Fv2%2Fmedia&parent=72174"}],"wp:term":[{"taxonomy":"category","embeddable":true,"href":"https:\/\/aconteceunovale.com.br\/portal\/index.php?rest_route=%2Fwp%2Fv2%2Fcategories&post=72174"},{"taxonomy":"post_tag","embeddable":true,"href":"https:\/\/aconteceunovale.com.br\/portal\/index.php?rest_route=%2Fwp%2Fv2%2Ftags&post=72174"}],"curies":[{"name":"wp","href":"https:\/\/api.w.org\/{rel}","templated":true}]}}