{"id":72164,"date":"2015-11-04T21:06:58","date_gmt":"2015-11-05T00:06:58","guid":{"rendered":"http:\/\/aconteceunovale.com.br\/portal\/?p=72164"},"modified":"2015-11-04T21:08:03","modified_gmt":"2015-11-05T00:08:03","slug":"idoso-de-79-anos-e-assassinado-no-municipio-de-carai","status":"publish","type":"post","link":"https:\/\/aconteceunovale.com.br\/portal\/?p=72164","title":{"rendered":"Idoso de 79 anos \u00e9 assassinado no munic\u00edpio de Cara\u00ed"},"content":{"rendered":"<p>Um idoso de 79 anos foi morto a tiros na noite dessa ter\u00e7a-feira, 03 de novembro, no C\u00f3rrego dos Vinh\u00e1ticos, zona rural de Cara\u00ed, no Vale do Jequitinhonha. Segundo a Pol\u00edcia Militar (PM), a v\u00edtima Gen\u00e9sio Gomes dos Santos foi alvejada por tr\u00eas disparos de arma de fogo e morreu no local.<\/p>\n<p>O corpo do idoso foi encontrado pr\u00f3ximo \u00e0 resid\u00eancia dele. A Pol\u00edcia informou que o crime pode ter sido cometido ap\u00f3s a v\u00edtima reagir a um assalto. O suspeito fugiu e ainda n\u00e3o foi preso. O corpo da v\u00edtima foi encaminhado ao Instituto M\u00e9dico Legal (IML) de Te\u00f3filo Otoni. (G1)<\/p>\n","protected":false},"excerpt":{"rendered":"<p>Um idoso de 79 anos foi morto a tiros na noite dessa ter\u00e7a-feira, 03 de novembro, no C\u00f3rrego dos Vinh\u00e1ticos, zona rural de Cara\u00ed, no Vale do Jequitinhonha. Segundo a Pol\u00edcia Militar (PM), a v\u00edtima Gen\u00e9sio Gomes dos Santos foi alvejada por tr\u00eas disparos de arma de fogo e morreu no local. O corpo do [&hellip;]<\/p>\n","protected":false},"author":4,"featured_media":71442,"comment_status":"open","ping_status":"closed","sticky":false,"template":"","format":"standard","meta":{"amp_status":"","footnotes":""},"categories":[120],"tags":[490,65169,65168],"class_list":["post-72164","post","type-post","status-publish","format-standard","has-post-thumbnail","hentry","category-jequi","tag-carai","tag-genesio-gomes-dos-santos","tag-idoso-de-79-anos-e-assassinado-no-municipio-de-carai"],"_links":{"self":[{"href":"https:\/\/aconteceunovale.com.br\/portal\/index.php?rest_route=\/wp\/v2\/posts\/72164","targetHints":{"allow":["GET"]}}],"collection":[{"href":"https:\/\/aconteceunovale.com.br\/portal\/index.php?rest_route=\/wp\/v2\/posts"}],"about":[{"href":"https:\/\/aconteceunovale.com.br\/portal\/index.php?rest_route=\/wp\/v2\/types\/post"}],"author":[{"embeddable":true,"href":"https:\/\/aconteceunovale.com.br\/portal\/index.php?rest_route=\/wp\/v2\/users\/4"}],"replies":[{"embeddable":true,"href":"https:\/\/aconteceunovale.com.br\/portal\/index.php?rest_route=%2Fwp%2Fv2%2Fcomments&post=72164"}],"version-history":[{"count":0,"href":"https:\/\/aconteceunovale.com.br\/portal\/index.php?rest_route=\/wp\/v2\/posts\/72164\/revisions"}],"wp:featuredmedia":[{"embeddable":true,"href":"https:\/\/aconteceunovale.com.br\/portal\/index.php?rest_route=\/wp\/v2\/media\/71442"}],"wp:attachment":[{"href":"https:\/\/aconteceunovale.com.br\/portal\/index.php?rest_route=%2Fwp%2Fv2%2Fmedia&parent=72164"}],"wp:term":[{"taxonomy":"category","embeddable":true,"href":"https:\/\/aconteceunovale.com.br\/portal\/index.php?rest_route=%2Fwp%2Fv2%2Fcategories&post=72164"},{"taxonomy":"post_tag","embeddable":true,"href":"https:\/\/aconteceunovale.com.br\/portal\/index.php?rest_route=%2Fwp%2Fv2%2Ftags&post=72164"}],"curies":[{"name":"wp","href":"https:\/\/api.w.org\/{rel}","templated":true}]}}