{"id":72161,"date":"2015-11-04T20:46:07","date_gmt":"2015-11-04T23:46:07","guid":{"rendered":"http:\/\/aconteceunovale.com.br\/portal\/?p=72161"},"modified":"2015-11-04T20:46:07","modified_gmt":"2015-11-04T23:46:07","slug":"por-medo-minha-vida-e-de-casa-para-o-trabalho-diz-jornalista-ameacado-de-morte-em-aracuai","status":"publish","type":"post","link":"https:\/\/aconteceunovale.com.br\/portal\/?p=72161","title":{"rendered":"&#8216;Por medo, minha vida \u00e9 de casa para o trabalho&#8217; diz jornalista amea\u00e7ado de morte em Ara\u00e7ua\u00ed"},"content":{"rendered":"<p>\u201cN\u00e3o tenho mais vida social, me afastei dos meus amigos. Por medo, minha vida \u00e9 de casa para o trabalho\u201d, assim o jornalista S\u00e9rgio Vasconcelos descreve a rotina dele. Ele conta que morava em Ara\u00e7ua\u00ed, no Vale do Jequitinhonha, e teve que mudar de cidade depois de sofrer v\u00e1rias amea\u00e7as e agress\u00f5es; o \u00faltimo epis\u00f3dio ocorreu no fim de outubro, em um bar.<\/p>\n<p>\u201cEstava em um bar quando um comerciante me agrediu com tapas e jogou uma cadeira em minha dire\u00e7\u00e3o, falou tamb\u00e9m que iria me matar. Sempre fui uma pessoa tranquila, profissional de bem, todos conhecem meu trabalho na cidade\u201d, fala.<\/p>\n<p>S\u00e9rgio, que \u00e9 o respons\u00e1vel pelo Gazeta de Ara\u00e7ua\u00ed, conta que o comerciante, de 31 anos, ficou insatisfeito com uma mat\u00e9ria publicada por ele no dia 13 de outubro. Na reportagem, conta que o comerciante atirou e amea\u00e7ou um rapaz de morte, depois que os dois se desentenderam. O jornalista destaca que n\u00e3o divulgou nomes e afirmou no texto que o empres\u00e1rio havia negado os fatos. A ocorr\u00eancia foi registrada pela Pol\u00edcia Militar da cidade.<\/p>\n<p>A PM confirmou que o comerciante tem mais de 30 registros, de 2010 at\u00e9 2015, por agress\u00e3o, amea\u00e7a, dire\u00e7\u00e3o perigosa, entre outros. O caso est\u00e1 sendo investigado pela Pol\u00edcia Civil. O jornalista e o empres\u00e1rio j\u00e1 foram ouvidos, e o inqu\u00e9rito deve ser encaminhado para a Justi\u00e7a at\u00e9 o fim desta semana, segundo a delegada de Pedra Azul, que est\u00e1 respondendo pela comarca de Ara\u00e7ua\u00ed.<\/p>\n<p>A Pol\u00edcia Civil de Ara\u00e7ua\u00ed tamb\u00e9m confirmou que o comerciante t\u00eam v\u00e1rios Termos Circunstanciados de Ocorr\u00eancia desde 2011, sendo tr\u00eas por amea\u00e7a, um por crime contra o patrim\u00f4nio, um por les\u00e3o corporal e amea\u00e7a, e, no m\u00eas de outubro, um por les\u00e3o corporal contra o jornalista.<\/p>\n<p>Kerison Lopes, presidente do Sindicato dos Jornalistas Profissionais de Minas Gerais, classificou a situa\u00e7\u00e3o como grave. Em nota divulgada no site, diz que o \u00f3rg\u00e3o est\u00e1 acompanhando o caso.<\/p>\n<p>A nota diz tamb\u00e9m que o Sindicato \u201csolicitou ao secret\u00e1rio de estado dos Direitos Humanos, Nilm\u00e1rio Miranda, e ao secret\u00e1rio adjunto de Defesa Social, Rodrigo de Melo Teixeira, provid\u00eancias para garantir a vida do jornalista S\u00e9rgio Vasconcelos.<\/p>\n<p><strong>Hist\u00f3rico de amea\u00e7as<\/strong><\/p>\n<p>S\u00e9rgio afirma ainda que esta n\u00e3o \u00e9 a primeira vez que \u00e9 v\u00edtima de amea\u00e7as, em virutde das reportagens publicadas por ele. H\u00e1 quatro anos, ele noticiou a pris\u00e3o do filho de um empres\u00e1rio por tr\u00e1fico de armas e drogas. Mais de 20 boletins de ocorr\u00eancia foram registrados por ele sobre este caso. <\/p>\n<p>\u201cEstou tomando provid\u00eancias legais, preciso de medida protetiva, n\u00e3o aguento mais as amea\u00e7as e as agress\u00f5es, chegou ao absurdo de rondarem a minha casa, de irem onde eu estou, de assediarem minha fam\u00edlia. Uma vez ele saiu do carro e eu tive que me esconder na casa de um amigo, porque achei que iria me matar\u201d, lembra.<\/p>\n<p><em>(Fonte: G1 Grande Minas)<\/em><\/p>\n","protected":false},"excerpt":{"rendered":"<p>\u201cN\u00e3o tenho mais vida social, me afastei dos meus amigos. Por medo, minha vida \u00e9 de casa para o trabalho\u201d, assim o jornalista S\u00e9rgio Vasconcelos descreve a rotina dele. Ele conta que morava em Ara\u00e7ua\u00ed, no Vale do Jequitinhonha, e teve que mudar de cidade depois de sofrer v\u00e1rias amea\u00e7as e agress\u00f5es; o \u00faltimo epis\u00f3dio [&hellip;]<\/p>\n","protected":false},"author":4,"featured_media":72162,"comment_status":"open","ping_status":"closed","sticky":false,"template":"","format":"standard","meta":{"amp_status":"","footnotes":""},"categories":[120],"tags":[186,64338,64329,10772,27032,28350,65167,65166,65165,65164,10416],"class_list":["post-72161","post","type-post","status-publish","format-standard","has-post-thumbnail","hentry","category-jequi","tag-aracuai","tag-gazeta-de-aracuai","tag-jornalista-ameacado-de-morte-em-aracuai","tag-jornalista-sergio-vasconcelos","tag-kerison-lopes","tag-nilmario-miranda","tag-providencias-para-garantir-a-vida-do-jornalista-sergio-vasconcelos","tag-rodrigo-de-melo-teixeira","tag-secretario-adjunto-de-defesa-social","tag-secretario-de-estado-dos-direitos-humanos","tag-sergio-vasconcelos"],"_links":{"self":[{"href":"https:\/\/aconteceunovale.com.br\/portal\/index.php?rest_route=\/wp\/v2\/posts\/72161","targetHints":{"allow":["GET"]}}],"collection":[{"href":"https:\/\/aconteceunovale.com.br\/portal\/index.php?rest_route=\/wp\/v2\/posts"}],"about":[{"href":"https:\/\/aconteceunovale.com.br\/portal\/index.php?rest_route=\/wp\/v2\/types\/post"}],"author":[{"embeddable":true,"href":"https:\/\/aconteceunovale.com.br\/portal\/index.php?rest_route=\/wp\/v2\/users\/4"}],"replies":[{"embeddable":true,"href":"https:\/\/aconteceunovale.com.br\/portal\/index.php?rest_route=%2Fwp%2Fv2%2Fcomments&post=72161"}],"version-history":[{"count":0,"href":"https:\/\/aconteceunovale.com.br\/portal\/index.php?rest_route=\/wp\/v2\/posts\/72161\/revisions"}],"wp:featuredmedia":[{"embeddable":true,"href":"https:\/\/aconteceunovale.com.br\/portal\/index.php?rest_route=\/wp\/v2\/media\/72162"}],"wp:attachment":[{"href":"https:\/\/aconteceunovale.com.br\/portal\/index.php?rest_route=%2Fwp%2Fv2%2Fmedia&parent=72161"}],"wp:term":[{"taxonomy":"category","embeddable":true,"href":"https:\/\/aconteceunovale.com.br\/portal\/index.php?rest_route=%2Fwp%2Fv2%2Fcategories&post=72161"},{"taxonomy":"post_tag","embeddable":true,"href":"https:\/\/aconteceunovale.com.br\/portal\/index.php?rest_route=%2Fwp%2Fv2%2Ftags&post=72161"}],"curies":[{"name":"wp","href":"https:\/\/api.w.org\/{rel}","templated":true}]}}