{"id":72158,"date":"2015-11-04T20:38:56","date_gmt":"2015-11-04T23:38:56","guid":{"rendered":"http:\/\/aconteceunovale.com.br\/portal\/?p=72158"},"modified":"2015-11-04T20:38:56","modified_gmt":"2015-11-04T23:38:56","slug":"tse-confirma-cassacao-do-prefeito-e-vice-de-frei-inocencio","status":"publish","type":"post","link":"https:\/\/aconteceunovale.com.br\/portal\/?p=72158","title":{"rendered":"TSE confirma cassa\u00e7\u00e3o do prefeito e vice de Frei Inoc\u00eancio"},"content":{"rendered":"<p>Por unanimidade, os ministros do Tribunal Superior Eleitoral (TSE) decidiram manter a cassa\u00e7\u00e3o e a declara\u00e7\u00e3o de inelegibilidade do prefeito de Frei Inoc\u00eancio (MG), Carlos Vin\u00edcio de Carvalho (PR), e de seu vice, Erotides Ara\u00fajo de Oliveira (PMDB), por abuso de poder pol\u00edtico e econ\u00f4mico. No entanto, o Plen\u00e1rio afastou a configura\u00e7\u00e3o de conduta vedada e a respectiva multa prevista na Lei das Elei\u00e7\u00f5es (Lei 9.504\/97).<\/p>\n<p>O Tribunal Regional Eleitoral de Minas Gerais (TRE-MG) cassou o mandato dos pol\u00edticos reconhecendo as pr\u00e1ticas de abuso de poder e conduta vedada. De acordo com o regional, houve a distribui\u00e7\u00e3o de cirurgias eletivas, aux\u00edlios financeiros e exames a eleitores mediante a entrega de cheques da prefeitura, sem pr\u00e9via autoriza\u00e7\u00e3o legislativa ou programa social institu\u00eddo; consulta m\u00e9dicas realizadas pessoalmente pelo investigado; al\u00e9m da contrata\u00e7\u00e3o tempor\u00e1ria em massa.<\/p>\n<p>O relator do caso, ministro Henrique Neves, disse que n\u00e3o ficou clara a comprova\u00e7\u00e3o da observ\u00e2ncia dos requisitos m\u00ednimos para entrega de cheques aos eleitores. \u201cAverigou-se que o Poder Executivo distribu\u00eda cheques de diversos valores sem nenhum tipo de controle ou exig\u00eancia de presta\u00e7\u00e3o de contas, ou checagem da finalidade social pretendida. A pr\u00e1tica atingiu elevado n\u00famero de eleitores e ocorreu no ano eleitoral, desde mar\u00e7o de 2012\u201d.<\/p>\n<p>Sobre as contrata\u00e7\u00f5es tempor\u00e1rias, Henrique Neves afirmou que mesmo que tenham ocorrido antes do prazo de 3 meses de anteced\u00eancia do pleito, tal alega\u00e7\u00e3o n\u00e3o exclui a possibilidade de exame da ilicitude para configura\u00e7\u00e3o do abuso de poder, especialmente porque se registrou que n\u00e3o havia prova de que as contrata\u00e7\u00f5es ocorreram por motivo relevante ou urgente. \u201cDiante do quadro, o abuso ficou configurado em raz\u00e3o da contrata\u00e7\u00e3o sem concurso p\u00fablico de 248 servidores tempor\u00e1rios em um munic\u00edpio com 7.051 eleitores, no per\u00edodo eleitoral\u201d, pontuou.<\/p>\n<p>Ao afastar a san\u00e7\u00e3o por conduta vedada, o ministro afirmou que o tratamento fora de domicilio n\u00e3o caracteriza em si programa social. Isso porque, segundo o relator da a\u00e7\u00e3o, a modalidade de presta\u00e7\u00e3o de sa\u00fade \u00e9 direito de todos e dever do Estado, conforme previsto na Constitui\u00e7\u00e3o Federal.<\/p>\n<p>\u201cO n\u00e3o enquadramento do procedimento de tratamento fora de domic\u00edlio como conduta vedada n\u00e3o impede que os fatos registrados no ac\u00f3rd\u00e3o regional sejam examinados sob o \u00e2ngulo do abuso de poder, especialmente porque esse tipo de irregularidade pode ocorrer em rela\u00e7\u00e3o a qualquer servi\u00e7o prestado pelo Estado quando sua finalidade maior \u00e9 desviada\u201d, concluiu.<\/p>\n<p><img decoding=\"async\" src=\"http:\/\/aconteceunovale.com.br\/portal\/wp-content\/uploads\/2015\/11\/frei_inocencio_mg.jpg\" alt=\"\" \/><em>Vista de Frei Inoc\u00eancio &#8211; Foto: Site da Prefeitura de Frei Inoc\u00eancio \/ Divulga\u00e7\u00e3o<\/em><br \/>\n<\/br><\/p>\n<p><em>(Fonte: TSE \/ TRE-MG)<\/em><\/p>\n","protected":false},"excerpt":{"rendered":"<p>Por unanimidade, os ministros do Tribunal Superior Eleitoral (TSE) decidiram manter a cassa\u00e7\u00e3o e a declara\u00e7\u00e3o de inelegibilidade do prefeito de Frei Inoc\u00eancio (MG), Carlos Vin\u00edcio de Carvalho (PR), e de seu vice, Erotides Ara\u00fajo de Oliveira (PMDB), por abuso de poder pol\u00edtico e econ\u00f4mico. No entanto, o Plen\u00e1rio afastou a configura\u00e7\u00e3o de conduta vedada [&hellip;]<\/p>\n","protected":false},"author":4,"featured_media":72159,"comment_status":"open","ping_status":"closed","sticky":false,"template":"","format":"standard","meta":{"amp_status":"","footnotes":""},"categories":[121],"tags":[65162,65160,65163,290,65159,65161],"class_list":["post-72158","post","type-post","status-publish","format-standard","has-post-thumbnail","hentry","category-leste","tag-carlos-vinicio-de-carvalho","tag-cassacao-do-prefeito-de-frei-inocencio","tag-erotides-araujo-de-oliveira","tag-frei-inocencio","tag-tse-confirma-cassacao-de-prefeito-e-vice-de-frei-inocencio","tag-tse-confirma-cassacao-do-prefeito-e-vice-de-frei-inocencio"],"_links":{"self":[{"href":"https:\/\/aconteceunovale.com.br\/portal\/index.php?rest_route=\/wp\/v2\/posts\/72158","targetHints":{"allow":["GET"]}}],"collection":[{"href":"https:\/\/aconteceunovale.com.br\/portal\/index.php?rest_route=\/wp\/v2\/posts"}],"about":[{"href":"https:\/\/aconteceunovale.com.br\/portal\/index.php?rest_route=\/wp\/v2\/types\/post"}],"author":[{"embeddable":true,"href":"https:\/\/aconteceunovale.com.br\/portal\/index.php?rest_route=\/wp\/v2\/users\/4"}],"replies":[{"embeddable":true,"href":"https:\/\/aconteceunovale.com.br\/portal\/index.php?rest_route=%2Fwp%2Fv2%2Fcomments&post=72158"}],"version-history":[{"count":0,"href":"https:\/\/aconteceunovale.com.br\/portal\/index.php?rest_route=\/wp\/v2\/posts\/72158\/revisions"}],"wp:featuredmedia":[{"embeddable":true,"href":"https:\/\/aconteceunovale.com.br\/portal\/index.php?rest_route=\/wp\/v2\/media\/72159"}],"wp:attachment":[{"href":"https:\/\/aconteceunovale.com.br\/portal\/index.php?rest_route=%2Fwp%2Fv2%2Fmedia&parent=72158"}],"wp:term":[{"taxonomy":"category","embeddable":true,"href":"https:\/\/aconteceunovale.com.br\/portal\/index.php?rest_route=%2Fwp%2Fv2%2Fcategories&post=72158"},{"taxonomy":"post_tag","embeddable":true,"href":"https:\/\/aconteceunovale.com.br\/portal\/index.php?rest_route=%2Fwp%2Fv2%2Ftags&post=72158"}],"curies":[{"name":"wp","href":"https:\/\/api.w.org\/{rel}","templated":true}]}}