{"id":72142,"date":"2015-11-04T19:42:22","date_gmt":"2015-11-04T22:42:22","guid":{"rendered":"http:\/\/aconteceunovale.com.br\/portal\/?p=72142"},"modified":"2015-11-04T19:42:57","modified_gmt":"2015-11-04T22:42:57","slug":"em-tempo-de-crise-o-bom-e-comprar-barato-2","status":"publish","type":"post","link":"https:\/\/aconteceunovale.com.br\/portal\/?p=72142","title":{"rendered":"Em tempos de crise, o bom \u00e9 comprar barato!"},"content":{"rendered":"<p>A Prefeitura de Aricanduva, atrav\u00e9s da Secretaria de Assist\u00eancia Social e Organizadores de S\u00e3o Paulo, realizaram nos dias 30 e 31 de Outubro e 01 e 02 de novembro a t\u00e3o conhecida e famosa Feira Itinerante da Madrugada do Br\u00e1s, de S\u00e3o Paulo. <\/p>\n<p>Cerca de 100 barracas foram montadas na Pra\u00e7a da Igreja Matriz. O com\u00e9rcio da capital \u00e9 bem conhecido pela variedade e pre\u00e7o das mercadorias oferecidas. A feira, em Aricanduva, permaneceu aberta das 8h \u00e0s 22h, para que tanto a popula\u00e7\u00e3o como lojistas n\u00e3o precisem se deslocar at\u00e9 a capital paulista para efetuar suas compras. <\/p>\n<p>\u201cTivemos aqui, com essa feira a oportunidade de oferecer produtos para nossa popula\u00e7\u00e3o. O evento serviu de refer\u00eancia at\u00e9 mesmo para outros comerciantes da regi\u00e3o que muitas vezes se deslocam at\u00e9 S\u00e3o Paulo para comprar os produtos e revender em suas lojas. A feira j\u00e1 foi realizada em outras cidades do Estado, e aqui em Aricanduva foi um sucesso\u201d, afirmou o Prefeita Arlete (PPS).<\/p>\n<p>A feira atraiu cerca de 5 mil pessoas de todas as cidades da regi\u00e3o que, al\u00e9m de se beneficiarem com os pre\u00e7os baixos, aqueceram o com\u00e9rcio de bebidas e alimenta\u00e7\u00e3o da cidade que estavam preparados para este evento de grande porte no munic\u00edpio.<\/p>\n<p>\u201cFoi uma grande oportunidade para a popula\u00e7\u00e3o em geral em renovar seu guarda roupas, adquirindo produtos como roupas, cal\u00e7ados, bijuterias, acess\u00f3rios, bolsas, que s\u00e3o comercializados na conhecida feira da madrugada do bairro do Br\u00e1s em S\u00e3o Paulo\u201d, comentou a secret\u00e1ria de Assist\u00eancia Social C\u00e1ssia.<\/p>\n<p><img decoding=\"async\" src=\"http:\/\/aconteceunovale.com.br\/portal\/wp-content\/uploads\/2015\/11\/feira_do_bras_aricanduva_3.jpg\" alt=\"\" \/><\/p>\n<p><img decoding=\"async\" src=\"http:\/\/aconteceunovale.com.br\/portal\/wp-content\/uploads\/2015\/11\/feira_do_bras_aricanduva_2.jpg\" alt=\"\" \/><\/p>\n<p><img decoding=\"async\" src=\"http:\/\/aconteceunovale.com.br\/portal\/wp-content\/uploads\/2015\/11\/feira_do_bras_aricanduva_1.jpg\" alt=\"\" \/><\/p>\n<h4><strong>Pr\u00f3xima Feira na regi\u00e3o<\/strong><\/h4>\n<p>No per\u00edodo de 6 a 8 de novembro, a cidade de Coluna, no Vale do Rio Doce, receber\u00e1 a Grande Feira do Br\u00e1s.<\/p>\n<p><img decoding=\"async\" src=\"http:\/\/aconteceunovale.com.br\/portal\/wp-content\/uploads\/2015\/11\/feira_do_bras_aricanduva_4.jpg\" alt=\"\" \/><\/p>\n","protected":false},"excerpt":{"rendered":"<p>A Prefeitura de Aricanduva, atrav\u00e9s da Secretaria de Assist\u00eancia Social e Organizadores de S\u00e3o Paulo, realizaram nos dias 30 e 31 de Outubro e 01 e 02 de novembro a t\u00e3o conhecida e famosa Feira Itinerante da Madrugada do Br\u00e1s, de S\u00e3o Paulo. Cerca de 100 barracas foram montadas na Pra\u00e7a da Igreja Matriz. O [&hellip;]<\/p>\n","protected":false},"author":4,"featured_media":72136,"comment_status":"open","ping_status":"closed","sticky":false,"template":"","format":"standard","meta":{"amp_status":"","footnotes":""},"categories":[120],"tags":[551,281,65139,65140,65137,65138,65142,65136,65141],"class_list":["post-72142","post","type-post","status-publish","format-standard","has-post-thumbnail","hentry","category-jequi","tag-aricanduva","tag-coluna","tag-feira-do-bras-em-aricanduva","tag-feira-do-bras-em-coluna","tag-feira-itinerante-da-madrugada-do-bras","tag-feira-itinerante-da-madrugada-do-bras-em-aricanduva","tag-feira-itinerante-da-madrugada-do-bras-em-coluna","tag-feira-itinerante-do-bras-em-aricanduva","tag-feira-itinerante-do-bras-em-coluna"],"_links":{"self":[{"href":"https:\/\/aconteceunovale.com.br\/portal\/index.php?rest_route=\/wp\/v2\/posts\/72142","targetHints":{"allow":["GET"]}}],"collection":[{"href":"https:\/\/aconteceunovale.com.br\/portal\/index.php?rest_route=\/wp\/v2\/posts"}],"about":[{"href":"https:\/\/aconteceunovale.com.br\/portal\/index.php?rest_route=\/wp\/v2\/types\/post"}],"author":[{"embeddable":true,"href":"https:\/\/aconteceunovale.com.br\/portal\/index.php?rest_route=\/wp\/v2\/users\/4"}],"replies":[{"embeddable":true,"href":"https:\/\/aconteceunovale.com.br\/portal\/index.php?rest_route=%2Fwp%2Fv2%2Fcomments&post=72142"}],"version-history":[{"count":0,"href":"https:\/\/aconteceunovale.com.br\/portal\/index.php?rest_route=\/wp\/v2\/posts\/72142\/revisions"}],"wp:featuredmedia":[{"embeddable":true,"href":"https:\/\/aconteceunovale.com.br\/portal\/index.php?rest_route=\/wp\/v2\/media\/72136"}],"wp:attachment":[{"href":"https:\/\/aconteceunovale.com.br\/portal\/index.php?rest_route=%2Fwp%2Fv2%2Fmedia&parent=72142"}],"wp:term":[{"taxonomy":"category","embeddable":true,"href":"https:\/\/aconteceunovale.com.br\/portal\/index.php?rest_route=%2Fwp%2Fv2%2Fcategories&post=72142"},{"taxonomy":"post_tag","embeddable":true,"href":"https:\/\/aconteceunovale.com.br\/portal\/index.php?rest_route=%2Fwp%2Fv2%2Ftags&post=72142"}],"curies":[{"name":"wp","href":"https:\/\/api.w.org\/{rel}","templated":true}]}}