{"id":72123,"date":"2015-11-04T12:43:44","date_gmt":"2015-11-04T15:43:44","guid":{"rendered":"http:\/\/aconteceunovale.com.br\/portal\/?p=72123"},"modified":"2015-11-04T12:43:44","modified_gmt":"2015-11-04T15:43:44","slug":"municipio-do-vale-do-jequitinhonha-esta-sem-prefeitura-ha-dois-anos","status":"publish","type":"post","link":"https:\/\/aconteceunovale.com.br\/portal\/?p=72123","title":{"rendered":"Munic\u00edpio do Vale do Jequitinhonha est\u00e1 \u2018sem\u2019 prefeitura h\u00e1 dois anos"},"content":{"rendered":"<p>Uma cidade que tem prefeito, mas n\u00e3o tem prefeitura. Essa \u00e9 a realidade de Monte Formoso, munic\u00edpio com cerca de 5.000 habitantes, localizado no Vale do Jequitinhonha. O prefeito Dr. Afonso (PV), que tamb\u00e9m \u00e9 m\u00e9dico, h\u00e1 dois anos transformou o im\u00f3vel da prefeitura em um dep\u00f3sito de materiais escolares e hospitalares e come\u00e7ou a despachar, conforme interlocutores do Executivo, no posto de sa\u00fade da cidade. As secretarias, que eram alocadas na sede, foram transferidas para im\u00f3veis espalhados pelo munic\u00edpio.<\/p>\n<p>Segundo Bau (PPS), presidente da C\u00e2mara de Monte Formoso, desde 2013, os vereadores enviaram 20 requerimentos para a prefeitura pedindo que Dr. Afonso explicasse sobre as transfer\u00eancias das secretarias do pr\u00e9dio. No entanto, nenhum deles foi atendido. \u201cEle n\u00e3o respondeu nada e faz o que quer na cidade. Enquanto isso, a popula\u00e7\u00e3o sofre e tem que aguentar calada, j\u00e1 que ele, praticamente, \u00e9 o \u00fanico m\u00e9dico que atende no posto de sa\u00fade, mesmo tendo m\u00e9dicos cubanos\u201d, contou, afirmando que as pessoas t\u00eam medo de repres\u00e1lias.<\/p>\n<p>Em conversa com o , o prefeito Dr. Afonso se mostrou incomodado ao responder por que descentralizou as secretarias e disse que, por comandar Monte Formoso, ele sabe o que \u00e9 melhor para a cidade. \u201cTudo em um local s\u00f3 n\u00e3o tem condi\u00e7\u00e3o. \u00c9 muito tumulto, e a viabilidade \u00e9 nula. E a popula\u00e7\u00e3o n\u00e3o fica confusa com a descentraliza\u00e7\u00e3o das secretarias, cada um sabe exatamente onde fica cada \u00f3rg\u00e3o\u201d, disse ao Blog Aparte do Jornal O Tempo.<\/p>\n<p>Em rela\u00e7\u00e3o aos requerimentos, o prefeito afirmou que n\u00e3o \u00e9 obrigado a responder. \u201cN\u00e3o sou obrigado a responder a requerimento da C\u00e2mara. Mas, se tivesse recebido algum sobre a transfer\u00eancia do pr\u00e9dio, eu responderia\u201d, garantiu.<\/p>\n<p>Dr. Afonso ainda explicou como \u00e9 a rotina dele. \u201cO gabinete do prefeito e a tesouraria est\u00e3o em outro im\u00f3vel da cidade, n\u00e3o no posto de sa\u00fade. Ent\u00e3o, de manh\u00e3 eu atendo a popula\u00e7\u00e3o, que \u00e9 muito carente, no posto; depois vou at\u00e9 a zona rural para fazer mais atendimentos; e, por volta das 15h, vou para o gabinete. Mas eu ou\u00e7o as reclama\u00e7\u00f5es da popula\u00e7\u00e3o sobre a cidade \u00e9 no posto de sa\u00fade e nas consultas\u201d, disse.<\/p>\n<p>O prefeito tamb\u00e9m nega que tenha \u201cbarrado\u201d as consultas dos m\u00e9dicos cubanos. \u201cTemos dois m\u00e9dicos cubanos, mas ainda est\u00e3o se adaptando. Por isso, eles ficam com os atendimentos mais simples\u201d, diz.<\/p>\n<p>Ao ser questionado por que n\u00e3o \u00e9 poss\u00edvel falar com a prefeitura por telefone, j\u00e1 que o \u00fanico n\u00famero dispon\u00edvel cai no antigo im\u00f3vel, ele disse que a prefeitura agora s\u00f3 responde por e-mail para economizar. O que pode causar estranheza na popula\u00e7\u00e3o, j\u00e1 que nem mesmo site a prefeitura possui e ningu\u00e9m atende no hoje dep\u00f3sito, que n\u00e3o teve a linha desativada. Mesmo que Dr. Afonso garanta o contr\u00e1rio.<\/p>\n<p><img decoding=\"async\" src=\"http:\/\/aconteceunovale.com.br\/portal\/wp-content\/uploads\/2015\/11\/prefeitura_de_monte_formoso.jpg\" alt=\"\" \/><em>H\u00e1 dois anos, a Prefeitura de Monte Formoso n\u00e3o tem mais sede. Cada secretaria foi transferida para um local da cidade, e o prefeito, Dr. Afonso (PV), que tamb\u00e9m \u00e9 m\u00e9dico, atende a popula\u00e7\u00e3o no posto de sa\u00fade do munic\u00edpio &#8211; Foto: Jo\u00e3o da Silva \/ Divulga\u00e7\u00e3o<\/em><br \/>\n<\/br><\/p>\n<p><em>(Fonte: Blog Aparte do Jornal O Tempo)<\/em><\/p>\n","protected":false},"excerpt":{"rendered":"<p>Uma cidade que tem prefeito, mas n\u00e3o tem prefeitura. Essa \u00e9 a realidade de Monte Formoso, munic\u00edpio com cerca de 5.000 habitantes, localizado no Vale do Jequitinhonha. O prefeito Dr. Afonso (PV), que tamb\u00e9m \u00e9 m\u00e9dico, h\u00e1 dois anos transformou o im\u00f3vel da prefeitura em um dep\u00f3sito de materiais escolares e hospitalares e come\u00e7ou a [&hellip;]<\/p>\n","protected":false},"author":4,"featured_media":72124,"comment_status":"open","ping_status":"closed","sticky":false,"template":"","format":"standard","meta":{"amp_status":"","footnotes":""},"categories":[120],"tags":[1444,65106,65107,1018,65110,410,65108,65109,65105,65111,65112,65113],"class_list":["post-72123","post","type-post","status-publish","format-standard","has-post-thumbnail","hentry","category-jequi","tag-bau","tag-cidade-que-nao-tem-prefeitura","tag-cidade-sem-prefeitura","tag-destaque","tag-dr-afonso","tag-monte-formoso","tag-monte-formoso-nao-tem-prefeitura","tag-monte-formoso-sem-prefeitura","tag-municipio-do-vale-do-jequitinhonha-esta-sem-prefeitura-ha-dois-anos","tag-prefeito-de-monte-formoso","tag-prefeitura-de-monte-formoso","tag-presidente-da-camara-de-monte-formoso"],"_links":{"self":[{"href":"https:\/\/aconteceunovale.com.br\/portal\/index.php?rest_route=\/wp\/v2\/posts\/72123","targetHints":{"allow":["GET"]}}],"collection":[{"href":"https:\/\/aconteceunovale.com.br\/portal\/index.php?rest_route=\/wp\/v2\/posts"}],"about":[{"href":"https:\/\/aconteceunovale.com.br\/portal\/index.php?rest_route=\/wp\/v2\/types\/post"}],"author":[{"embeddable":true,"href":"https:\/\/aconteceunovale.com.br\/portal\/index.php?rest_route=\/wp\/v2\/users\/4"}],"replies":[{"embeddable":true,"href":"https:\/\/aconteceunovale.com.br\/portal\/index.php?rest_route=%2Fwp%2Fv2%2Fcomments&post=72123"}],"version-history":[{"count":0,"href":"https:\/\/aconteceunovale.com.br\/portal\/index.php?rest_route=\/wp\/v2\/posts\/72123\/revisions"}],"wp:featuredmedia":[{"embeddable":true,"href":"https:\/\/aconteceunovale.com.br\/portal\/index.php?rest_route=\/wp\/v2\/media\/72124"}],"wp:attachment":[{"href":"https:\/\/aconteceunovale.com.br\/portal\/index.php?rest_route=%2Fwp%2Fv2%2Fmedia&parent=72123"}],"wp:term":[{"taxonomy":"category","embeddable":true,"href":"https:\/\/aconteceunovale.com.br\/portal\/index.php?rest_route=%2Fwp%2Fv2%2Fcategories&post=72123"},{"taxonomy":"post_tag","embeddable":true,"href":"https:\/\/aconteceunovale.com.br\/portal\/index.php?rest_route=%2Fwp%2Fv2%2Ftags&post=72123"}],"curies":[{"name":"wp","href":"https:\/\/api.w.org\/{rel}","templated":true}]}}