{"id":72120,"date":"2015-11-04T12:12:17","date_gmt":"2015-11-04T15:12:17","guid":{"rendered":"http:\/\/aconteceunovale.com.br\/portal\/?p=72120"},"modified":"2015-11-04T13:18:58","modified_gmt":"2015-11-04T16:18:58","slug":"festa-do-peao-de-virginopolis-tera-show-com-padre-alessandro-campos-e-locucao-de-marco-brasil-2","status":"publish","type":"post","link":"https:\/\/aconteceunovale.com.br\/portal\/?p=72120","title":{"rendered":"Festa do Pe\u00e3o de Virgin\u00f3polis ter\u00e1 show com Padre Alessandro Campos e locu\u00e7\u00e3o de Marco Brasil"},"content":{"rendered":"<p>No per\u00edodo de 11 a 13 de dezembro de 2015, a cidade de Virgin\u00f3polis, na regi\u00e3o do Vale do Rio Doce, ser\u00e1 palco da 2\u00aa Festa do Pe\u00e3o. O evento organizado pela Diamante Promo\u00e7\u00f5es ser\u00e1 realizado na \u00c1rea de Camping e contar\u00e1 com uma mega estrutura de rodeio, al\u00e9m de shows e a locu\u00e7\u00e3o de um dos principais nomes das festas do pe\u00e3o do pa\u00eds, o locutor Marco Brasil.<\/p>\n<p>O destaque do evento \u00e9 apresenta\u00e7\u00e3o do Padre Alessandro Campos. Criado no interior de S\u00e3o Paulo e f\u00e3 incondicional da m\u00fasica raiz, Padre Alessandro \u00e9 o novo fen\u00f4meno da m\u00fasica sertaneja e leva o evangelho \u00e0s pessoas de maneira alegre e inovadora. Atualmente, o Padre faz parte do cast de uma das maiores gravadoras do Brasil, a Som Livre, e lan\u00e7ou o segundo CD chamado &#8220;O que \u00e9 que eu sou sem Jesus\u201d, que j\u00e1 vendeu mais de um milh\u00e3o de c\u00f3pias. <\/p>\n<p><img decoding=\"async\" src=\"http:\/\/aconteceunovale.com.br\/portal\/wp-content\/uploads\/2015\/11\/festa_peao_vgp_2.jpg\" alt=\"\" \/><em>Padre Alessandro Campos ser\u00e1 a atra\u00e7\u00e3o principal do evento &#8211; Foto: Divulga\u00e7\u00e3o<\/em><br \/>\n<\/br><\/p>\n<p>A programa\u00e7\u00e3o da 2\u00aa Festa do Pe\u00e3o de Virgin\u00f3polis tamb\u00e9m contar\u00e1 com as apresenta\u00e7\u00f5es das duplas sertanejas Luiz Henrique &#038; Marcos Viola e Marconi &#038; Diego e da banda Circuito.<\/p>\n<p>A Diamante promo\u00e7\u00f5es preparou pre\u00e7os especiais para caravanas. Os interessados poder\u00e3o entrar em contato atrav\u00e9s do telefone <strong>(33) 3416-2439<\/strong>.<\/p>\n<p><img decoding=\"async\" src=\"http:\/\/aconteceunovale.com.br\/portal\/wp-content\/uploads\/2015\/11\/festa_peao_vgp_1.jpg\" alt=\"\" \/><em>Cartaz do evento &#8211; Foto: Divulga\u00e7\u00e3o \/ Diamante Promo\u00e7\u00f5es<\/em><br \/>\n<\/br><\/p>\n<h4><strong>Programa\u00e7\u00e3o completa:<\/strong><\/h4>\n<p><strong>11\/12\/2015 (Sexta-feira):<\/strong><\/p>\n<p>&#8211; Rodeio com Marco Brasil<br \/>\n&#8211; Show Luiz Henrique &#038; Marcos Viola<\/p>\n<p><strong>12\/12\/2015 (S\u00e1bado):<\/strong><\/p>\n<p>&#8211; Rodeio<br \/>\n&#8211; Show Padre Alessandro Campos<br \/>\n&#8211; Banda Circuito<\/p>\n<p><strong>13\/12\/2015 (Domingo):<\/strong><\/p>\n<p>&#8211; Rodeio<br \/>\n&#8211; Marconi &#038; Diego<\/p>\n","protected":false},"excerpt":{"rendered":"<p>No per\u00edodo de 11 a 13 de dezembro de 2015, a cidade de Virgin\u00f3polis, na regi\u00e3o do Vale do Rio Doce, ser\u00e1 palco da 2\u00aa Festa do Pe\u00e3o. O evento organizado pela Diamante Promo\u00e7\u00f5es ser\u00e1 realizado na \u00c1rea de Camping e contar\u00e1 com uma mega estrutura de rodeio, al\u00e9m de shows e a locu\u00e7\u00e3o de [&hellip;]<\/p>\n","protected":false},"author":4,"featured_media":72116,"comment_status":"open","ping_status":"closed","sticky":false,"template":"","format":"standard","meta":{"amp_status":"","footnotes":""},"categories":[125,121],"tags":[65094,65102,65103,65100,1018,65095,65090,65088,65089,65104,65098,65096,65097,65099,65092,65091,65093,65101,332],"class_list":["post-72120","post","type-post","status-publish","format-standard","has-post-thumbnail","hentry","category-noticias","category-leste","tag-2a-festa-do-peao-de-virginopolis","tag-agenda-festa-do-peao-de-virginopolis","tag-atracoes-da-festa-do-peao-de-virginopolis","tag-banda-circuito","tag-destaque","tag-diamante-promocoes","tag-festa-do-peao-de-virginopolis","tag-festa-do-peao-de-virginopolis-tera-show-com-padre-alessandro-campos","tag-festa-do-peao-de-virginopolis-tera-show-com-padre-alessandro-campos-e-locucao-de-marco-brasil","tag-ingressos-para-a-festa-do-peao-de-virginopolis","tag-luiz-henrique-marcos-viola","tag-marco-brasil-em-virginolis","tag-marco-brasil-na-festa-do-peao-de-virginopolis","tag-marconi-diego","tag-padre-alessandro-campos-em-virginopolis","tag-padre-alessandro-campos-na-festa-do-peao-de-virginopolis","tag-segunda-festa-do-peao-de-virginopolis","tag-shows-festa-do-peao-de-virginopolis","tag-virginopolis"],"_links":{"self":[{"href":"https:\/\/aconteceunovale.com.br\/portal\/index.php?rest_route=\/wp\/v2\/posts\/72120","targetHints":{"allow":["GET"]}}],"collection":[{"href":"https:\/\/aconteceunovale.com.br\/portal\/index.php?rest_route=\/wp\/v2\/posts"}],"about":[{"href":"https:\/\/aconteceunovale.com.br\/portal\/index.php?rest_route=\/wp\/v2\/types\/post"}],"author":[{"embeddable":true,"href":"https:\/\/aconteceunovale.com.br\/portal\/index.php?rest_route=\/wp\/v2\/users\/4"}],"replies":[{"embeddable":true,"href":"https:\/\/aconteceunovale.com.br\/portal\/index.php?rest_route=%2Fwp%2Fv2%2Fcomments&post=72120"}],"version-history":[{"count":0,"href":"https:\/\/aconteceunovale.com.br\/portal\/index.php?rest_route=\/wp\/v2\/posts\/72120\/revisions"}],"wp:featuredmedia":[{"embeddable":true,"href":"https:\/\/aconteceunovale.com.br\/portal\/index.php?rest_route=\/wp\/v2\/media\/72116"}],"wp:attachment":[{"href":"https:\/\/aconteceunovale.com.br\/portal\/index.php?rest_route=%2Fwp%2Fv2%2Fmedia&parent=72120"}],"wp:term":[{"taxonomy":"category","embeddable":true,"href":"https:\/\/aconteceunovale.com.br\/portal\/index.php?rest_route=%2Fwp%2Fv2%2Fcategories&post=72120"},{"taxonomy":"post_tag","embeddable":true,"href":"https:\/\/aconteceunovale.com.br\/portal\/index.php?rest_route=%2Fwp%2Fv2%2Ftags&post=72120"}],"curies":[{"name":"wp","href":"https:\/\/api.w.org\/{rel}","templated":true}]}}