{"id":72111,"date":"2015-11-04T07:55:44","date_gmt":"2015-11-04T10:55:44","guid":{"rendered":"http:\/\/aconteceunovale.com.br\/portal\/?p=72111"},"modified":"2015-11-04T07:55:44","modified_gmt":"2015-11-04T10:55:44","slug":"plantao-do-samu-no-norte-de-minas-gerais-03-de-novembro-de-2015","status":"publish","type":"post","link":"https:\/\/aconteceunovale.com.br\/portal\/?p=72111","title":{"rendered":"Plant\u00e3o do Samu no Norte de Minas Gerais, 03 de novembro de 2015"},"content":{"rendered":"<h4><strong><em>Ter\u00e7a-feira, 03 de novembro de 2015<\/em><\/strong><\/h4>\n<p>As unidades do SAMU realizaram na ter\u00e7a-feira, 03\/11, em Montes Claros, 53 atendimentos, sendo 35 casos cl\u00ednicos; 01 ferimento por ama de fogo; 01 v\u00edtima de agress\u00e3o f\u00edsica; 5 pessoas feridas em acidente de tr\u00e2nsito.<\/p>\n<p>A unidade do SAMU foi acionada \u00e0s 19h25 para atendimento a um homem de 45 anos que ficou ferido ao colidir de moto contra um carro no bairro Planalto. Ele conduzia a moto e se queixava de cervicalgia e dor no tornozelo direito.<\/p>\n<p>\u00c0s 18h50, unidades do SAMU de Montes Claros e Cora\u00e7\u00e3o de Jesus foram empenhadas em atendimento a v\u00edtimas de um capotamento de ve\u00edculo (Fiat Uno) ocorrido na MG-251, sa\u00edda de S\u00e3o Jo\u00e3o da Lagoa, sentido Cora\u00e7\u00e3o de Jesus. Tr\u00eas pessoas ficaram feridas e foram encaminhadas ao hospital de Cora\u00e7\u00e3o de Jesus.<\/p>\n<p>\u00c0s 7h40, um homem de 27 anos foi ferido por arma de fogo no bairro Independ\u00eancia. Jhon Rafael Santos Ruas foi atingido por v\u00e1rios disparos no pesco\u00e7o, dorso e abd\u00f4men e n\u00e3o resistiu aos ferimentos, indo a \u00f3bito no local.<\/p>\n<p>Por volta das 17h30, a unidade do Samu foi acionada para atendimento a uma mulher de 37 anos que sofreu agress\u00e3o f\u00edsica no bairro Morrinhos. Ela relata ter se envolvido em uma briga familiar e apresentava arranh\u00f5es e hematomas na regi\u00e3o escapular.<\/p>\n<p>\u00c0s 15h30, uma mulher de 31 anos caiu de moto no bairro Jaragu\u00e1 II e apresentava escoria\u00e7\u00f5es com sangramento.<\/p>\n<p><img decoding=\"async\" src=\"http:\/\/aconteceunovale.com.br\/portal\/wp-content\/uploads\/2015\/11\/acidentes_nm.jpg\" alt=\"\" \/><em>Uma pessoa morreu e nove ficou feridas em acidente na MG-122 &#8211; Foto: Reprodu\u00e7\u00e3o \/ WhatsApp<\/em><br \/>\n<\/br><\/p>\n<p>Uma pessoa morreu e nove ficaram feridas em um acidente ocorrido por volta das 18h, na MG-122, cerca de 10 quil\u00f4metros depois de Jana\u00faba sentido Montes Claros. Um caminh\u00e3o, com identifica\u00e7\u00e3o da Cemig, estourou um pneu e o motorista perdeu o controle da dire\u00e7\u00e3o, colidindo contra uma arvore e o ve\u00edculo pegou fogo. No ve\u00edculo estavam 11 oper\u00e1rios de uma empresa de Jana\u00faba (Esec) que prestava servi\u00e7o para a Cemig. Jos\u00e9 Pedro da Silva, 35 anos, v\u00edtima em \u00f3bito, ficou preso \u00e0s ferragens, e as outras nove vitimas foram ejetadas do ve\u00edculo e todas sofreram m\u00faltiplos ferimentos, algumas inclusive inalaram grande quantidade de fuma\u00e7a. Elas foram socorridas pelas unidades do Samu e do Corpo de Bombeiros de Jana\u00faba e encaminhadas para o hospital regional de Jana\u00faba para avalia\u00e7\u00e3o e, se necess\u00e1rio, ser\u00e3o transferidas para Montes Claros. A 11\u00aa v\u00edtima nada sofreu.<\/p>\n<p>Em todas as ocorr\u00eancias os feridos receberam os primeiros atendimentos no local e foram encaminhados ao hospital para avalia\u00e7\u00e3o. (Jer\u00fasia Arruda)<\/p>\n","protected":false},"excerpt":{"rendered":"<p>Ter\u00e7a-feira, 03 de novembro de 2015 As unidades do SAMU realizaram na ter\u00e7a-feira, 03\/11, em Montes Claros, 53 atendimentos, sendo 35 casos cl\u00ednicos; 01 ferimento por ama de fogo; 01 v\u00edtima de agress\u00e3o f\u00edsica; 5 pessoas feridas em acidente de tr\u00e2nsito. A unidade do SAMU foi acionada \u00e0s 19h25 para atendimento a um homem de [&hellip;]<\/p>\n","protected":false},"author":4,"featured_media":72112,"comment_status":"open","ping_status":"closed","sticky":false,"template":"","format":"standard","meta":{"amp_status":"","footnotes":""},"categories":[1236],"tags":[65086,206036,210,24659,24089,18898,18108,65087,18629,21139,4040],"class_list":["post-72111","post","type-post","status-publish","format-standard","has-post-thumbnail","hentry","category-norte_de_minas","tag-03-de-novembro-de-2015","tag-jerusia-arruda","tag-montes-claros","tag-plantao-do-samu-de-montes-claros","tag-plantao-do-samu-do-norte-de-minas","tag-plantao-do-samu-macro-norte","tag-plantao-do-samu-no-norte-de-minas-gerais","tag-plantao-do-samu-no-norte-de-minas-gerais-03-de-novembro-de-2015","tag-samu-de-montes-claros","tag-samu-do-norte-de-minas","tag-samu-macro-norte"],"_links":{"self":[{"href":"https:\/\/aconteceunovale.com.br\/portal\/index.php?rest_route=\/wp\/v2\/posts\/72111","targetHints":{"allow":["GET"]}}],"collection":[{"href":"https:\/\/aconteceunovale.com.br\/portal\/index.php?rest_route=\/wp\/v2\/posts"}],"about":[{"href":"https:\/\/aconteceunovale.com.br\/portal\/index.php?rest_route=\/wp\/v2\/types\/post"}],"author":[{"embeddable":true,"href":"https:\/\/aconteceunovale.com.br\/portal\/index.php?rest_route=\/wp\/v2\/users\/4"}],"replies":[{"embeddable":true,"href":"https:\/\/aconteceunovale.com.br\/portal\/index.php?rest_route=%2Fwp%2Fv2%2Fcomments&post=72111"}],"version-history":[{"count":0,"href":"https:\/\/aconteceunovale.com.br\/portal\/index.php?rest_route=\/wp\/v2\/posts\/72111\/revisions"}],"wp:featuredmedia":[{"embeddable":true,"href":"https:\/\/aconteceunovale.com.br\/portal\/index.php?rest_route=\/wp\/v2\/media\/72112"}],"wp:attachment":[{"href":"https:\/\/aconteceunovale.com.br\/portal\/index.php?rest_route=%2Fwp%2Fv2%2Fmedia&parent=72111"}],"wp:term":[{"taxonomy":"category","embeddable":true,"href":"https:\/\/aconteceunovale.com.br\/portal\/index.php?rest_route=%2Fwp%2Fv2%2Fcategories&post=72111"},{"taxonomy":"post_tag","embeddable":true,"href":"https:\/\/aconteceunovale.com.br\/portal\/index.php?rest_route=%2Fwp%2Fv2%2Ftags&post=72111"}],"curies":[{"name":"wp","href":"https:\/\/api.w.org\/{rel}","templated":true}]}}