{"id":72109,"date":"2015-11-04T07:47:39","date_gmt":"2015-11-04T10:47:39","guid":{"rendered":"http:\/\/aconteceunovale.com.br\/portal\/?p=72109"},"modified":"2015-11-04T07:47:39","modified_gmt":"2015-11-04T10:47:39","slug":"previsao-do-tempo-para-minas-gerais-nesta-quarta-feira-4-de-novembro","status":"publish","type":"post","link":"https:\/\/aconteceunovale.com.br\/portal\/?p=72109","title":{"rendered":"Previs\u00e3o do tempo para Minas Gerais, nesta quarta-feira, 4 de novembro"},"content":{"rendered":"<h4><strong><em>Previs\u00e3o do tempo para Minas Gerais, nesta quarta-feira, 4 de novembro. Parcialmente nublado, com pancadas de chuva no Tri\u00e2ngulo, Sul, Campo das Vertentes e Zona da Mata. Demais \u00e1reas, sol entre nuvens.<\/em><\/strong><\/h4>\n<p>Nesta quarta-feira (4\/11), a atua\u00e7\u00e3o de \u00e1reas de instabilidades sobre o continente intensifica a ocorr\u00eancia de pancadas de chuva sobre parte do Sudeste do pa\u00eds.<\/p>\n<p>No estado de Minas Gerais, o tempo deve ficar parcialmente nublado, com pancadas de chuva e trovoadas isoladas no Tri\u00e2ngulo Mineiro, Sul, Campo das Vertentes e  Zona da Mata. Nas demais regi\u00f5es mineiras, o dia ser\u00e1 de sol entre nuvens.<\/p>\n<p>Na capital,  o dia ser\u00e1 de c\u00e9u parcialmente nublado, com possibilidade de chuva isolada. A temperatura deve variar entre 19\u00baC e 32\u00baC e a umidade relativa do ar \u00e0 tarde, por volta de 35%.<\/p>\n","protected":false},"excerpt":{"rendered":"<p>Previs\u00e3o do tempo para Minas Gerais, nesta quarta-feira, 4 de novembro. Parcialmente nublado, com pancadas de chuva no Tri\u00e2ngulo, Sul, Campo das Vertentes e Zona da Mata. Demais \u00e1reas, sol entre nuvens. Nesta quarta-feira (4\/11), a atua\u00e7\u00e3o de \u00e1reas de instabilidades sobre o continente intensifica a ocorr\u00eancia de pancadas de chuva sobre parte do Sudeste [&hellip;]<\/p>\n","protected":false},"author":4,"featured_media":70243,"comment_status":"open","ping_status":"closed","sticky":false,"template":"","format":"standard","meta":{"amp_status":"","footnotes":""},"categories":[123],"tags":[65082,47774,65083,1956,1839,65084,29094,65085],"class_list":["post-72109","post","type-post","status-publish","format-standard","has-post-thumbnail","hentry","category-gerais","tag-4-de-novembro","tag-nesta-quarta-feira","tag-nesta-quarta-feira-4-de-novembro","tag-previsao-do-tempo","tag-previsao-do-tempo-para-minas-gerais","tag-previsao-do-tempo-para-minas-gerais-4-de-novembro","tag-previsao-do-tempo-para-minas-gerais-nesta-quarta-feira","tag-previsao-do-tempo-para-minas-gerais-nesta-quarta-feira-4-de-novembro"],"_links":{"self":[{"href":"https:\/\/aconteceunovale.com.br\/portal\/index.php?rest_route=\/wp\/v2\/posts\/72109","targetHints":{"allow":["GET"]}}],"collection":[{"href":"https:\/\/aconteceunovale.com.br\/portal\/index.php?rest_route=\/wp\/v2\/posts"}],"about":[{"href":"https:\/\/aconteceunovale.com.br\/portal\/index.php?rest_route=\/wp\/v2\/types\/post"}],"author":[{"embeddable":true,"href":"https:\/\/aconteceunovale.com.br\/portal\/index.php?rest_route=\/wp\/v2\/users\/4"}],"replies":[{"embeddable":true,"href":"https:\/\/aconteceunovale.com.br\/portal\/index.php?rest_route=%2Fwp%2Fv2%2Fcomments&post=72109"}],"version-history":[{"count":0,"href":"https:\/\/aconteceunovale.com.br\/portal\/index.php?rest_route=\/wp\/v2\/posts\/72109\/revisions"}],"wp:featuredmedia":[{"embeddable":true,"href":"https:\/\/aconteceunovale.com.br\/portal\/index.php?rest_route=\/wp\/v2\/media\/70243"}],"wp:attachment":[{"href":"https:\/\/aconteceunovale.com.br\/portal\/index.php?rest_route=%2Fwp%2Fv2%2Fmedia&parent=72109"}],"wp:term":[{"taxonomy":"category","embeddable":true,"href":"https:\/\/aconteceunovale.com.br\/portal\/index.php?rest_route=%2Fwp%2Fv2%2Fcategories&post=72109"},{"taxonomy":"post_tag","embeddable":true,"href":"https:\/\/aconteceunovale.com.br\/portal\/index.php?rest_route=%2Fwp%2Fv2%2Ftags&post=72109"}],"curies":[{"name":"wp","href":"https:\/\/api.w.org\/{rel}","templated":true}]}}