{"id":72090,"date":"2015-11-03T20:23:20","date_gmt":"2015-11-03T23:23:20","guid":{"rendered":"http:\/\/aconteceunovale.com.br\/portal\/?p=72090"},"modified":"2015-11-03T20:23:20","modified_gmt":"2015-11-03T23:23:20","slug":"seca-provoca-racionamento-de-agua-em-montes-claros","status":"publish","type":"post","link":"https:\/\/aconteceunovale.com.br\/portal\/?p=72090","title":{"rendered":"Seca provoca racionamento de \u00e1gua em Montes Claros"},"content":{"rendered":"<p>A estiagem prolongada provoca a restri\u00e7\u00e3o do uso da \u00e1gua em mais uma cidade mineira. A Copasa iniciou o racionamento de \u00e1gua em Montes Claros, Regi\u00e3o Norte de Minas, de 384 mil habitantes, quinta maior cidade do estado. A medida foi tomada devido \u00e0 redu\u00e7\u00e3o do volume da barragem do Rio Juramento (Sistema Verde Grande), que responde por 70% do abastecimento do munic\u00edpio. Nesta ter\u00e7a-feira, o n\u00edvel do reservat\u00f3rio diminuiu para 23%, o mais baixo da hist\u00f3ria. Tamb\u00e9m \u00e9 a primeira vez na hist\u00f3ria que, oficialmente, \u00e9 adotado o racionamento de \u00e1gua na cidade.<\/p>\n<p>Em nota, a Copasa informa que o \u201crod\u00edzio\u201d foi iniciado como medida emergencial \u201cpara garantir o fornecimento de \u00e1gua aos moradores durante o per\u00edodo cr\u00edtico.&#8221; A companhia tamb\u00e9m informa que realiza a perfura\u00e7\u00e3o de po\u00e7os profundos e montou um servi\u00e7o de atendimento de caminh\u00f5es?pipa, \u201cquando necess\u00e1rio\u201d.<\/p>\n<p>Para a implanta\u00e7\u00e3o do racionamento pelo sistema de rod\u00edzio, a cidade foi dividida em quatro regi\u00f5es, com a interrup\u00e7\u00e3o do abastecimento em determinadas \u00e1reas do munic\u00edpio durante um per\u00edodo do dia. A Copasa garante que mesmo com o racionamento, nenhum bairro ficar\u00e1 sem receber \u00e1gua por mais de 24 horas. <\/p>\n<p>Nesta ter\u00e7a-feira, o fornecimento de \u00e1gua foi suspenso nos bairros de duas regi\u00f5es da cidade no hor\u00e1rio das 9 \u00e0s 19 horas, na regi\u00e3o 1: S\u00e3o Jos\u00e9, Alto S\u00e3o Jo\u00e3o, Vila Regina, Renascen\u00e7a, Vila Exposi\u00e7\u00e3o, Alice Maia, parte do Centro, Vila An\u00e1lia, Santo Ant\u00f4nio (1 e 2), Jardim Ol\u00edmpico, Santos Reis, Amazonas, Jardim Brasil, Vila S\u00e3o Francisco de Assis, Vila Antonio Narciso, Nossa Senhora Aparecida,Vila \u00c1urea, Santa Eug\u00eania, Eldorado, Vila Castelo Branco, Jardim Alvorada, Sumar\u00e9 Doutor Ant\u00f4nio Pimenta, Nossa Senhora de F\u00e1tima, Delfino Magalh\u00e3es, Vila Telma, Vila Sion, Conjunto Jos\u00e9 Carlos de Lima, Grande Independ\u00eancia e adjac\u00eancias, Monte Carmelo, Jardim S\u00e3o Geraldo II, Mangues, Condom\u00ednio Gran Royalle Pir\u00e2mide e Residencial Sul Ip\u00ea, al\u00e9m dos conjuntos habitacionais Hava\u00ed, Tancredo Neves, Santa Cec\u00edlia, Hava\u00ed e Floresta. <\/p>\n<p>Tamb\u00e9m foi interrompido o abastecimento na regi\u00e3o 4, nos bairros Vila An\u00e1lia, Belvedere, Novo Delfino, Vila Sion, Alto da Boa Vista, Jardim Brasil, Amazonas, Doutor Jo\u00e3o Alves, Maria C\u00e2ndida, Conjunto Cristo Rey e Residencial Sul Ip\u00ea.<\/p>\n<p><img decoding=\"async\" src=\"http:\/\/aconteceunovale.com.br\/portal\/wp-content\/uploads\/2015\/11\/barragem_juramento.jpg\" alt=\"\" \/><em>Medida foi tomada devido \u00e0 redu\u00e7\u00e3o do volume da barragem do Rio Juramento, que responde por 70% do abastecimento de Montes Claros (Foto: Geraldo Humberto \/ Inter TV Grande Minas)<\/em><br \/>\n<\/br><\/p>\n<p><em>(Fonte: Estado de Minas)<\/em><\/p>\n","protected":false},"excerpt":{"rendered":"<p>A estiagem prolongada provoca a restri\u00e7\u00e3o do uso da \u00e1gua em mais uma cidade mineira. A Copasa iniciou o racionamento de \u00e1gua em Montes Claros, Regi\u00e3o Norte de Minas, de 384 mil habitantes, quinta maior cidade do estado. A medida foi tomada devido \u00e0 redu\u00e7\u00e3o do volume da barragem do Rio Juramento (Sistema Verde Grande), [&hellip;]<\/p>\n","protected":false},"author":4,"featured_media":72052,"comment_status":"open","ping_status":"closed","sticky":false,"template":"","format":"standard","meta":{"amp_status":"","footnotes":""},"categories":[1236],"tags":[65009,60874,60876,210,65006,65008,60875,65005,62302,65007],"class_list":["post-72090","post","type-post","status-publish","format-standard","has-post-thumbnail","hentry","category-norte_de_minas","tag-abastecimento-de-agua-em-montes-claros","tag-estiagem-em-montes-claros","tag-falta-de-chuva-em-montes-claros","tag-montes-claros","tag-racionamento-de-agua-em-montes-claros","tag-rodizio-em-montes-claros","tag-seca-em-montes-claros","tag-seca-provoca-racionamento-de-agua-em-montes-claros","tag-sistema-verde-grande","tag-volume-da-barragem-do-rio-juramento"],"yoast_head":"<!-- This site is optimized with the Yoast SEO plugin v28.3 - https:\/\/yoast.com\/product\/yoast-seo-wordpress\/ -->\n<title>Seca provoca racionamento de \u00e1gua em Montes Claros - Aconteceu no Vale<\/title>\n<meta name=\"robots\" content=\"index, follow, max-snippet:-1, max-image-preview:large, max-video-preview:-1\" \/>\n<link rel=\"canonical\" href=\"https:\/\/aconteceunovale.com.br\/portal\/?p=72090\" \/>\n<meta property=\"og:locale\" content=\"pt_BR\" \/>\n<meta property=\"og:type\" content=\"article\" \/>\n<meta property=\"og:title\" content=\"Seca provoca racionamento de \u00e1gua em Montes Claros - Aconteceu no Vale\" \/>\n<meta property=\"og:description\" content=\"A estiagem prolongada provoca a restri\u00e7\u00e3o do uso da \u00e1gua em mais uma cidade mineira. A Copasa iniciou o racionamento de \u00e1gua em Montes Claros, Regi\u00e3o Norte de Minas, de 384 mil habitantes, quinta maior cidade do estado. A medida foi tomada devido \u00e0 redu\u00e7\u00e3o do volume da barragem do Rio Juramento (Sistema Verde Grande), [&hellip;]\" \/>\n<meta property=\"og:url\" content=\"https:\/\/aconteceunovale.com.br\/portal\/?p=72090\" \/>\n<meta property=\"og:site_name\" content=\"Aconteceu no Vale\" \/>\n<meta property=\"article:publisher\" content=\"https:\/\/www.facebook.com\/aconteceunovale\/\" \/>\n<meta property=\"article:published_time\" content=\"2015-11-03T23:23:20+00:00\" \/>\n<meta property=\"og:image\" content=\"https:\/\/aconteceunovale.com.br\/portal\/wp-content\/uploads\/2015\/11\/barragem_juramento.jpg\" \/>\n\t<meta property=\"og:image:width\" content=\"678\" \/>\n\t<meta property=\"og:image:height\" content=\"355\" \/>\n\t<meta property=\"og:image:type\" content=\"image\/jpeg\" \/>\n<meta name=\"author\" content=\"Reda\u00e7\u00e3o Aconteceu no Vale\" \/>\n<meta name=\"twitter:card\" content=\"summary_large_image\" \/>\n<meta name=\"twitter:creator\" content=\"@noticiadosvales\" \/>\n<meta name=\"twitter:site\" content=\"@noticiadosvales\" \/>\n<meta name=\"twitter:label1\" content=\"Escrito por\" \/>\n\t<meta name=\"twitter:data1\" content=\"Reda\u00e7\u00e3o Aconteceu no Vale\" \/>\n\t<meta name=\"twitter:label2\" content=\"Est. tempo de leitura\" \/>\n\t<meta name=\"twitter:data2\" content=\"2 minutos\" \/>\n<script type=\"application\/ld+json\" class=\"yoast-schema-graph\">{\"@context\":\"https:\\\/\\\/schema.org\",\"@graph\":[{\"@type\":\"Article\",\"@id\":\"https:\\\/\\\/aconteceunovale.com.br\\\/portal\\\/?p=72090#article\",\"isPartOf\":{\"@id\":\"https:\\\/\\\/aconteceunovale.com.br\\\/portal\\\/?p=72090\"},\"author\":{\"name\":\"Reda\u00e7\u00e3o Aconteceu no Vale\",\"@id\":\"https:\\\/\\\/aconteceunovale.com.br\\\/portal\\\/#\\\/schema\\\/person\\\/7d2f26d1483f8a63de73da1ee0754d35\"},\"headline\":\"Seca provoca racionamento de \u00e1gua em Montes Claros\",\"datePublished\":\"2015-11-03T23:23:20+00:00\",\"mainEntityOfPage\":{\"@id\":\"https:\\\/\\\/aconteceunovale.com.br\\\/portal\\\/?p=72090\"},\"wordCount\":433,\"commentCount\":0,\"image\":{\"@id\":\"https:\\\/\\\/aconteceunovale.com.br\\\/portal\\\/?p=72090#primaryimage\"},\"thumbnailUrl\":\"https:\\\/\\\/aconteceunovale.com.br\\\/portal\\\/wp-content\\\/uploads\\\/2015\\\/11\\\/barragem_juramento.jpg\",\"keywords\":[\"abastecimento de \u00e1gua em montes claros\",\"estiagem em montes claros\",\"falta de chuva em montes claros\",\"Montes Claros\",\"racionamento de \u00e1gua em Montes Claros\",\"rod\u00edzio em montes claros\",\"seca em montes claros\",\"Seca provoca racionamento de \u00e1gua em Montes Claros\",\"sistema Verde Grande\",\"volume da barragem do Rio Juramento\"],\"articleSection\":[\"Norte de Minas\"],\"inLanguage\":\"pt-BR\",\"potentialAction\":[{\"@type\":\"CommentAction\",\"name\":\"Comment\",\"target\":[\"https:\\\/\\\/aconteceunovale.com.br\\\/portal\\\/?p=72090#respond\"]}]},{\"@type\":\"WebPage\",\"@id\":\"https:\\\/\\\/aconteceunovale.com.br\\\/portal\\\/?p=72090\",\"url\":\"https:\\\/\\\/aconteceunovale.com.br\\\/portal\\\/?p=72090\",\"name\":\"Seca provoca racionamento de \u00e1gua em Montes Claros - Aconteceu no Vale\",\"isPartOf\":{\"@id\":\"https:\\\/\\\/aconteceunovale.com.br\\\/portal\\\/#website\"},\"primaryImageOfPage\":{\"@id\":\"https:\\\/\\\/aconteceunovale.com.br\\\/portal\\\/?p=72090#primaryimage\"},\"image\":{\"@id\":\"https:\\\/\\\/aconteceunovale.com.br\\\/portal\\\/?p=72090#primaryimage\"},\"thumbnailUrl\":\"https:\\\/\\\/aconteceunovale.com.br\\\/portal\\\/wp-content\\\/uploads\\\/2015\\\/11\\\/barragem_juramento.jpg\",\"datePublished\":\"2015-11-03T23:23:20+00:00\",\"author\":{\"@id\":\"https:\\\/\\\/aconteceunovale.com.br\\\/portal\\\/#\\\/schema\\\/person\\\/7d2f26d1483f8a63de73da1ee0754d35\"},\"breadcrumb\":{\"@id\":\"https:\\\/\\\/aconteceunovale.com.br\\\/portal\\\/?p=72090#breadcrumb\"},\"inLanguage\":\"pt-BR\",\"potentialAction\":[{\"@type\":\"ReadAction\",\"target\":[\"https:\\\/\\\/aconteceunovale.com.br\\\/portal\\\/?p=72090\"]}]},{\"@type\":\"ImageObject\",\"inLanguage\":\"pt-BR\",\"@id\":\"https:\\\/\\\/aconteceunovale.com.br\\\/portal\\\/?p=72090#primaryimage\",\"url\":\"https:\\\/\\\/aconteceunovale.com.br\\\/portal\\\/wp-content\\\/uploads\\\/2015\\\/11\\\/barragem_juramento.jpg\",\"contentUrl\":\"https:\\\/\\\/aconteceunovale.com.br\\\/portal\\\/wp-content\\\/uploads\\\/2015\\\/11\\\/barragem_juramento.jpg\",\"width\":678,\"height\":355},{\"@type\":\"BreadcrumbList\",\"@id\":\"https:\\\/\\\/aconteceunovale.com.br\\\/portal\\\/?p=72090#breadcrumb\",\"itemListElement\":[{\"@type\":\"ListItem\",\"position\":1,\"name\":\"In\u00edcio\",\"item\":\"https:\\\/\\\/aconteceunovale.com.br\\\/portal\\\/\"},{\"@type\":\"ListItem\",\"position\":2,\"name\":\"Seca provoca racionamento de \u00e1gua em Montes Claros\"}]},{\"@type\":\"WebSite\",\"@id\":\"https:\\\/\\\/aconteceunovale.com.br\\\/portal\\\/#website\",\"url\":\"https:\\\/\\\/aconteceunovale.com.br\\\/portal\\\/\",\"name\":\"Aconteceu no Vale\",\"description\":\"Portal de Not\u00edcias\",\"potentialAction\":[{\"@type\":\"SearchAction\",\"target\":{\"@type\":\"EntryPoint\",\"urlTemplate\":\"https:\\\/\\\/aconteceunovale.com.br\\\/portal\\\/?s={search_term_string}\"},\"query-input\":{\"@type\":\"PropertyValueSpecification\",\"valueRequired\":true,\"valueName\":\"search_term_string\"}}],\"inLanguage\":\"pt-BR\"},{\"@type\":\"Person\",\"@id\":\"https:\\\/\\\/aconteceunovale.com.br\\\/portal\\\/#\\\/schema\\\/person\\\/7d2f26d1483f8a63de73da1ee0754d35\",\"name\":\"Reda\u00e7\u00e3o Aconteceu no Vale\",\"description\":\"Equipe de reportagem do Aconteceu no Vale, portal de not\u00edcias do Vale do Jequitinhonha, em Minas Gerais. Cobrimos as 51 cidades do Vale desde 2013. Sugest\u00f5es de pauta e pedidos de corre\u00e7\u00e3o: contato@aconteceunovale.com.br\",\"url\":\"https:\\\/\\\/aconteceunovale.com.br\\\/portal\\\/?author=4\"}]}<\/script>\n<!-- \/ Yoast SEO plugin. -->","yoast_head_json":{"title":"Seca provoca racionamento de \u00e1gua em Montes Claros - Aconteceu no Vale","robots":{"index":"index","follow":"follow","max-snippet":"max-snippet:-1","max-image-preview":"max-image-preview:large","max-video-preview":"max-video-preview:-1"},"canonical":"https:\/\/aconteceunovale.com.br\/portal\/?p=72090","og_locale":"pt_BR","og_type":"article","og_title":"Seca provoca racionamento de \u00e1gua em Montes Claros - Aconteceu no Vale","og_description":"A estiagem prolongada provoca a restri\u00e7\u00e3o do uso da \u00e1gua em mais uma cidade mineira. A Copasa iniciou o racionamento de \u00e1gua em Montes Claros, Regi\u00e3o Norte de Minas, de 384 mil habitantes, quinta maior cidade do estado. A medida foi tomada devido \u00e0 redu\u00e7\u00e3o do volume da barragem do Rio Juramento (Sistema Verde Grande), [&hellip;]","og_url":"https:\/\/aconteceunovale.com.br\/portal\/?p=72090","og_site_name":"Aconteceu no Vale","article_publisher":"https:\/\/www.facebook.com\/aconteceunovale\/","article_published_time":"2015-11-03T23:23:20+00:00","og_image":[{"width":678,"height":355,"url":"https:\/\/aconteceunovale.com.br\/portal\/wp-content\/uploads\/2015\/11\/barragem_juramento.jpg","type":"image\/jpeg"}],"author":"Reda\u00e7\u00e3o Aconteceu no Vale","twitter_card":"summary_large_image","twitter_creator":"@noticiadosvales","twitter_site":"@noticiadosvales","twitter_misc":{"Escrito por":"Reda\u00e7\u00e3o Aconteceu no Vale","Est. tempo de leitura":"2 minutos"},"schema":{"@context":"https:\/\/schema.org","@graph":[{"@type":"Article","@id":"https:\/\/aconteceunovale.com.br\/portal\/?p=72090#article","isPartOf":{"@id":"https:\/\/aconteceunovale.com.br\/portal\/?p=72090"},"author":{"name":"Reda\u00e7\u00e3o Aconteceu no Vale","@id":"https:\/\/aconteceunovale.com.br\/portal\/#\/schema\/person\/7d2f26d1483f8a63de73da1ee0754d35"},"headline":"Seca provoca racionamento de \u00e1gua em Montes Claros","datePublished":"2015-11-03T23:23:20+00:00","mainEntityOfPage":{"@id":"https:\/\/aconteceunovale.com.br\/portal\/?p=72090"},"wordCount":433,"commentCount":0,"image":{"@id":"https:\/\/aconteceunovale.com.br\/portal\/?p=72090#primaryimage"},"thumbnailUrl":"https:\/\/aconteceunovale.com.br\/portal\/wp-content\/uploads\/2015\/11\/barragem_juramento.jpg","keywords":["abastecimento de \u00e1gua em montes claros","estiagem em montes claros","falta de chuva em montes claros","Montes Claros","racionamento de \u00e1gua em Montes Claros","rod\u00edzio em montes claros","seca em montes claros","Seca provoca racionamento de \u00e1gua em Montes Claros","sistema Verde Grande","volume da barragem do Rio Juramento"],"articleSection":["Norte de Minas"],"inLanguage":"pt-BR","potentialAction":[{"@type":"CommentAction","name":"Comment","target":["https:\/\/aconteceunovale.com.br\/portal\/?p=72090#respond"]}]},{"@type":"WebPage","@id":"https:\/\/aconteceunovale.com.br\/portal\/?p=72090","url":"https:\/\/aconteceunovale.com.br\/portal\/?p=72090","name":"Seca provoca racionamento de \u00e1gua em Montes Claros - Aconteceu no Vale","isPartOf":{"@id":"https:\/\/aconteceunovale.com.br\/portal\/#website"},"primaryImageOfPage":{"@id":"https:\/\/aconteceunovale.com.br\/portal\/?p=72090#primaryimage"},"image":{"@id":"https:\/\/aconteceunovale.com.br\/portal\/?p=72090#primaryimage"},"thumbnailUrl":"https:\/\/aconteceunovale.com.br\/portal\/wp-content\/uploads\/2015\/11\/barragem_juramento.jpg","datePublished":"2015-11-03T23:23:20+00:00","author":{"@id":"https:\/\/aconteceunovale.com.br\/portal\/#\/schema\/person\/7d2f26d1483f8a63de73da1ee0754d35"},"breadcrumb":{"@id":"https:\/\/aconteceunovale.com.br\/portal\/?p=72090#breadcrumb"},"inLanguage":"pt-BR","potentialAction":[{"@type":"ReadAction","target":["https:\/\/aconteceunovale.com.br\/portal\/?p=72090"]}]},{"@type":"ImageObject","inLanguage":"pt-BR","@id":"https:\/\/aconteceunovale.com.br\/portal\/?p=72090#primaryimage","url":"https:\/\/aconteceunovale.com.br\/portal\/wp-content\/uploads\/2015\/11\/barragem_juramento.jpg","contentUrl":"https:\/\/aconteceunovale.com.br\/portal\/wp-content\/uploads\/2015\/11\/barragem_juramento.jpg","width":678,"height":355},{"@type":"BreadcrumbList","@id":"https:\/\/aconteceunovale.com.br\/portal\/?p=72090#breadcrumb","itemListElement":[{"@type":"ListItem","position":1,"name":"In\u00edcio","item":"https:\/\/aconteceunovale.com.br\/portal\/"},{"@type":"ListItem","position":2,"name":"Seca provoca racionamento de \u00e1gua em Montes Claros"}]},{"@type":"WebSite","@id":"https:\/\/aconteceunovale.com.br\/portal\/#website","url":"https:\/\/aconteceunovale.com.br\/portal\/","name":"Aconteceu no Vale","description":"Portal de Not\u00edcias","potentialAction":[{"@type":"SearchAction","target":{"@type":"EntryPoint","urlTemplate":"https:\/\/aconteceunovale.com.br\/portal\/?s={search_term_string}"},"query-input":{"@type":"PropertyValueSpecification","valueRequired":true,"valueName":"search_term_string"}}],"inLanguage":"pt-BR"},{"@type":"Person","@id":"https:\/\/aconteceunovale.com.br\/portal\/#\/schema\/person\/7d2f26d1483f8a63de73da1ee0754d35","name":"Reda\u00e7\u00e3o Aconteceu no Vale","description":"Equipe de reportagem do Aconteceu no Vale, portal de not\u00edcias do Vale do Jequitinhonha, em Minas Gerais. Cobrimos as 51 cidades do Vale desde 2013. Sugest\u00f5es de pauta e pedidos de corre\u00e7\u00e3o: contato@aconteceunovale.com.br","url":"https:\/\/aconteceunovale.com.br\/portal\/?author=4"}]}},"_links":{"self":[{"href":"https:\/\/aconteceunovale.com.br\/portal\/index.php?rest_route=\/wp\/v2\/posts\/72090","targetHints":{"allow":["GET"]}}],"collection":[{"href":"https:\/\/aconteceunovale.com.br\/portal\/index.php?rest_route=\/wp\/v2\/posts"}],"about":[{"href":"https:\/\/aconteceunovale.com.br\/portal\/index.php?rest_route=\/wp\/v2\/types\/post"}],"author":[{"embeddable":true,"href":"https:\/\/aconteceunovale.com.br\/portal\/index.php?rest_route=\/wp\/v2\/users\/4"}],"replies":[{"embeddable":true,"href":"https:\/\/aconteceunovale.com.br\/portal\/index.php?rest_route=%2Fwp%2Fv2%2Fcomments&post=72090"}],"version-history":[{"count":0,"href":"https:\/\/aconteceunovale.com.br\/portal\/index.php?rest_route=\/wp\/v2\/posts\/72090\/revisions"}],"wp:featuredmedia":[{"embeddable":true,"href":"https:\/\/aconteceunovale.com.br\/portal\/index.php?rest_route=\/wp\/v2\/media\/72052"}],"wp:attachment":[{"href":"https:\/\/aconteceunovale.com.br\/portal\/index.php?rest_route=%2Fwp%2Fv2%2Fmedia&parent=72090"}],"wp:term":[{"taxonomy":"category","embeddable":true,"href":"https:\/\/aconteceunovale.com.br\/portal\/index.php?rest_route=%2Fwp%2Fv2%2Fcategories&post=72090"},{"taxonomy":"post_tag","embeddable":true,"href":"https:\/\/aconteceunovale.com.br\/portal\/index.php?rest_route=%2Fwp%2Fv2%2Ftags&post=72090"}],"curies":[{"name":"wp","href":"https:\/\/api.w.org\/{rel}","templated":true}]}}