{"id":72086,"date":"2015-11-03T20:08:11","date_gmt":"2015-11-03T23:08:11","guid":{"rendered":"http:\/\/aconteceunovale.com.br\/portal\/?p=72086"},"modified":"2015-11-07T19:16:39","modified_gmt":"2015-11-07T22:16:39","slug":"funcionario-de-fabrica-de-calcados-e-prensado-por-maquina-em-montes-claros","status":"publish","type":"post","link":"https:\/\/aconteceunovale.com.br\/portal\/?p=72086","title":{"rendered":"Funcion\u00e1rio de f\u00e1brica de cal\u00e7ados \u00e9 prensado por m\u00e1quina em Montes Claros"},"content":{"rendered":"<p>Est\u00e1 internado em estado grave na Santa Casa de Montes Claros, no Norte de Minas, o funcion\u00e1rio de uma f\u00e1brica de cal\u00e7ados que foi prensado por uma m\u00e1quina no fim da madrugada desta ter\u00e7a-feira (3\/11\/2015). O acidente aconteceu no Distrito Industrial da cidade. <\/p>\n<p>De acordo com o Servi\u00e7o de Atendimento M\u00f3vel de Urg\u00eancia (Samu), o homem de 29 anos foi tentar tirar um objeto preso no equipamento. Ele entrou na m\u00e1quina, ainda em funcionamento, e foi prensado. Ele teve politraumatismo.<\/p>\n<p>Uma equipe do Corpo de Bombeiros foi a primeira a chegar ao local e acionou o Samu para levar a v\u00edtima ao hospital. Segundo a assessoria de imprensa da Santa Casa, ele respira com ajuda de aparelhos. <\/p>\n<p>Por meio de nota, a Alpargatas S.A informou que lamenta o acidente, cujas causas est\u00e3o sendo apuradas. Leia na \u00edntegra:<\/p>\n<p><em>A Alpargatas S.A. lamenta o acidente e est\u00e1 prestando toda assist\u00eancia necess\u00e1ria ao empregado e seus familiares. Al\u00e9m disso, a empresa ressalta que seus equipamentos possuem dispositivos de prote\u00e7\u00e3o e que todos os empregados da f\u00e1brica sempre fazem uso dos equipamentos individuais de seguran\u00e7a. A companhia est\u00e1 investigando as causas do ocorrido.<\/p>\n<p>Ainda segundo a assessoria de imprensa da empresa, a f\u00e1brica est\u00e1 operando normalmente e que somente o equipamento onde o acidente ocorreu est\u00e1 parado e isolado.<\/em><\/p>\n<p><strong>V\u00edtima n\u00e3o resistiu aos ferimentos<\/strong><\/p>\n<p>Morreu na quinta-feira (5\/11) o funcion\u00e1rio da Alpargatas que ficou preso em uma prensa. A assessoria da Santa Casa de Montes Claros confirmou que a v\u00edtima teve uma parada cardiorrespirat\u00f3ria.<\/p>\n<p><img decoding=\"async\" src=\"http:\/\/aconteceunovale.com.br\/portal\/wp-content\/uploads\/2015\/11\/acidente_alpargatas_moc.jpg\" alt=\"\" \/><em>Acidente aconteceu na f\u00e1brica da Alpargatas &#8211; Foto: Mauro Miranda Ferreira \/ Record Minas<\/em><br \/>\n<\/br><\/p>\n<p><em>(Fonte: Estado de Minas \/ G1 Grande Minas)<\/em><\/p>\n","protected":false},"excerpt":{"rendered":"<p>Est\u00e1 internado em estado grave na Santa Casa de Montes Claros, no Norte de Minas, o funcion\u00e1rio de uma f\u00e1brica de cal\u00e7ados que foi prensado por uma m\u00e1quina no fim da madrugada desta ter\u00e7a-feira (3\/11\/2015). O acidente aconteceu no Distrito Industrial da cidade. De acordo com o Servi\u00e7o de Atendimento M\u00f3vel de Urg\u00eancia (Samu), o [&hellip;]<\/p>\n","protected":false},"author":4,"featured_media":72087,"comment_status":"open","ping_status":"closed","sticky":false,"template":"","format":"standard","meta":{"amp_status":"","footnotes":""},"categories":[1236],"tags":[65003,65002,6295,65001,65004],"class_list":["post-72086","post","type-post","status-publish","format-standard","has-post-thumbnail","hentry","category-norte_de_minas","tag-acidente-em-fabrica-da-alpargatas-em-montes-claros","tag-alpargatas","tag-fabrica-da-alpargatas-em-montes-claros","tag-funcionario-de-fabrica-de-calcados-e-prensado-por-maquina-em-montes-claros","tag-prensado-em-maquina-na-fabrica-da-alpargatas-de-montes-claros"],"yoast_head":"<!-- This site is optimized with the Yoast SEO plugin v28.3 - https:\/\/yoast.com\/product\/yoast-seo-wordpress\/ -->\n<title>Funcion\u00e1rio de f\u00e1brica de cal\u00e7ados \u00e9 prensado por m\u00e1quina em Montes Claros - Aconteceu no Vale<\/title>\n<meta name=\"robots\" content=\"index, follow, max-snippet:-1, max-image-preview:large, max-video-preview:-1\" \/>\n<link rel=\"canonical\" href=\"https:\/\/aconteceunovale.com.br\/portal\/?p=72086\" \/>\n<meta property=\"og:locale\" content=\"pt_BR\" \/>\n<meta property=\"og:type\" content=\"article\" \/>\n<meta property=\"og:title\" content=\"Funcion\u00e1rio de f\u00e1brica de cal\u00e7ados \u00e9 prensado por m\u00e1quina em Montes Claros - Aconteceu no Vale\" \/>\n<meta property=\"og:description\" content=\"Est\u00e1 internado em estado grave na Santa Casa de Montes Claros, no Norte de Minas, o funcion\u00e1rio de uma f\u00e1brica de cal\u00e7ados que foi prensado por uma m\u00e1quina no fim da madrugada desta ter\u00e7a-feira (3\/11\/2015). O acidente aconteceu no Distrito Industrial da cidade. De acordo com o Servi\u00e7o de Atendimento M\u00f3vel de Urg\u00eancia (Samu), o [&hellip;]\" \/>\n<meta property=\"og:url\" content=\"https:\/\/aconteceunovale.com.br\/portal\/?p=72086\" \/>\n<meta property=\"og:site_name\" content=\"Aconteceu no Vale\" \/>\n<meta property=\"article:publisher\" content=\"https:\/\/www.facebook.com\/aconteceunovale\/\" \/>\n<meta property=\"article:published_time\" content=\"2015-11-03T23:08:11+00:00\" \/>\n<meta property=\"article:modified_time\" content=\"2015-11-07T22:16:39+00:00\" \/>\n<meta property=\"og:image\" content=\"https:\/\/aconteceunovale.com.br\/portal\/wp-content\/uploads\/2015\/11\/acidente_alpargatas_moc.jpg\" \/>\n\t<meta property=\"og:image:width\" content=\"678\" \/>\n\t<meta property=\"og:image:height\" content=\"381\" \/>\n\t<meta property=\"og:image:type\" content=\"image\/jpeg\" \/>\n<meta name=\"author\" content=\"Reda\u00e7\u00e3o Aconteceu no Vale\" \/>\n<meta name=\"twitter:card\" content=\"summary_large_image\" \/>\n<meta name=\"twitter:creator\" content=\"@noticiadosvales\" \/>\n<meta name=\"twitter:site\" content=\"@noticiadosvales\" \/>\n<meta name=\"twitter:label1\" content=\"Escrito por\" \/>\n\t<meta name=\"twitter:data1\" content=\"Reda\u00e7\u00e3o Aconteceu no Vale\" \/>\n\t<meta name=\"twitter:label2\" content=\"Est. tempo de leitura\" \/>\n\t<meta name=\"twitter:data2\" content=\"1 minuto\" \/>\n<script type=\"application\/ld+json\" class=\"yoast-schema-graph\">{\"@context\":\"https:\\\/\\\/schema.org\",\"@graph\":[{\"@type\":\"Article\",\"@id\":\"https:\\\/\\\/aconteceunovale.com.br\\\/portal\\\/?p=72086#article\",\"isPartOf\":{\"@id\":\"https:\\\/\\\/aconteceunovale.com.br\\\/portal\\\/?p=72086\"},\"author\":{\"name\":\"Reda\u00e7\u00e3o Aconteceu no Vale\",\"@id\":\"https:\\\/\\\/aconteceunovale.com.br\\\/portal\\\/#\\\/schema\\\/person\\\/7d2f26d1483f8a63de73da1ee0754d35\"},\"headline\":\"Funcion\u00e1rio de f\u00e1brica de cal\u00e7ados \u00e9 prensado por m\u00e1quina em Montes Claros\",\"datePublished\":\"2015-11-03T23:08:11+00:00\",\"dateModified\":\"2015-11-07T22:16:39+00:00\",\"mainEntityOfPage\":{\"@id\":\"https:\\\/\\\/aconteceunovale.com.br\\\/portal\\\/?p=72086\"},\"wordCount\":308,\"commentCount\":0,\"image\":{\"@id\":\"https:\\\/\\\/aconteceunovale.com.br\\\/portal\\\/?p=72086#primaryimage\"},\"thumbnailUrl\":\"https:\\\/\\\/aconteceunovale.com.br\\\/portal\\\/wp-content\\\/uploads\\\/2015\\\/11\\\/acidente_alpargatas_moc.jpg\",\"keywords\":[\"Acidente em f\u00e1brica da Alpargatas em montes claros\",\"Alpargatas\",\"F\u00e1brica da Alpargatas em Montes Claros\",\"Funcion\u00e1rio de f\u00e1brica de cal\u00e7ados \u00e9 prensado por m\u00e1quina em Montes Claros\",\"prensado em m\u00e1quina na f\u00e1brica da Alpargatas de montes claros\"],\"articleSection\":[\"Norte de Minas\"],\"inLanguage\":\"pt-BR\",\"potentialAction\":[{\"@type\":\"CommentAction\",\"name\":\"Comment\",\"target\":[\"https:\\\/\\\/aconteceunovale.com.br\\\/portal\\\/?p=72086#respond\"]}]},{\"@type\":\"WebPage\",\"@id\":\"https:\\\/\\\/aconteceunovale.com.br\\\/portal\\\/?p=72086\",\"url\":\"https:\\\/\\\/aconteceunovale.com.br\\\/portal\\\/?p=72086\",\"name\":\"Funcion\u00e1rio de f\u00e1brica de cal\u00e7ados \u00e9 prensado por m\u00e1quina em Montes Claros - Aconteceu no Vale\",\"isPartOf\":{\"@id\":\"https:\\\/\\\/aconteceunovale.com.br\\\/portal\\\/#website\"},\"primaryImageOfPage\":{\"@id\":\"https:\\\/\\\/aconteceunovale.com.br\\\/portal\\\/?p=72086#primaryimage\"},\"image\":{\"@id\":\"https:\\\/\\\/aconteceunovale.com.br\\\/portal\\\/?p=72086#primaryimage\"},\"thumbnailUrl\":\"https:\\\/\\\/aconteceunovale.com.br\\\/portal\\\/wp-content\\\/uploads\\\/2015\\\/11\\\/acidente_alpargatas_moc.jpg\",\"datePublished\":\"2015-11-03T23:08:11+00:00\",\"dateModified\":\"2015-11-07T22:16:39+00:00\",\"author\":{\"@id\":\"https:\\\/\\\/aconteceunovale.com.br\\\/portal\\\/#\\\/schema\\\/person\\\/7d2f26d1483f8a63de73da1ee0754d35\"},\"breadcrumb\":{\"@id\":\"https:\\\/\\\/aconteceunovale.com.br\\\/portal\\\/?p=72086#breadcrumb\"},\"inLanguage\":\"pt-BR\",\"potentialAction\":[{\"@type\":\"ReadAction\",\"target\":[\"https:\\\/\\\/aconteceunovale.com.br\\\/portal\\\/?p=72086\"]}]},{\"@type\":\"ImageObject\",\"inLanguage\":\"pt-BR\",\"@id\":\"https:\\\/\\\/aconteceunovale.com.br\\\/portal\\\/?p=72086#primaryimage\",\"url\":\"https:\\\/\\\/aconteceunovale.com.br\\\/portal\\\/wp-content\\\/uploads\\\/2015\\\/11\\\/acidente_alpargatas_moc.jpg\",\"contentUrl\":\"https:\\\/\\\/aconteceunovale.com.br\\\/portal\\\/wp-content\\\/uploads\\\/2015\\\/11\\\/acidente_alpargatas_moc.jpg\",\"width\":678,\"height\":381},{\"@type\":\"BreadcrumbList\",\"@id\":\"https:\\\/\\\/aconteceunovale.com.br\\\/portal\\\/?p=72086#breadcrumb\",\"itemListElement\":[{\"@type\":\"ListItem\",\"position\":1,\"name\":\"In\u00edcio\",\"item\":\"https:\\\/\\\/aconteceunovale.com.br\\\/portal\\\/\"},{\"@type\":\"ListItem\",\"position\":2,\"name\":\"Funcion\u00e1rio de f\u00e1brica de cal\u00e7ados \u00e9 prensado por m\u00e1quina em Montes Claros\"}]},{\"@type\":\"WebSite\",\"@id\":\"https:\\\/\\\/aconteceunovale.com.br\\\/portal\\\/#website\",\"url\":\"https:\\\/\\\/aconteceunovale.com.br\\\/portal\\\/\",\"name\":\"Aconteceu no Vale\",\"description\":\"Portal de Not\u00edcias\",\"potentialAction\":[{\"@type\":\"SearchAction\",\"target\":{\"@type\":\"EntryPoint\",\"urlTemplate\":\"https:\\\/\\\/aconteceunovale.com.br\\\/portal\\\/?s={search_term_string}\"},\"query-input\":{\"@type\":\"PropertyValueSpecification\",\"valueRequired\":true,\"valueName\":\"search_term_string\"}}],\"inLanguage\":\"pt-BR\"},{\"@type\":\"Person\",\"@id\":\"https:\\\/\\\/aconteceunovale.com.br\\\/portal\\\/#\\\/schema\\\/person\\\/7d2f26d1483f8a63de73da1ee0754d35\",\"name\":\"Reda\u00e7\u00e3o Aconteceu no Vale\",\"description\":\"Equipe de reportagem do Aconteceu no Vale, portal de not\u00edcias do Vale do Jequitinhonha, em Minas Gerais. Cobrimos as 51 cidades do Vale desde 2013. Sugest\u00f5es de pauta e pedidos de corre\u00e7\u00e3o: contato@aconteceunovale.com.br\",\"url\":\"https:\\\/\\\/aconteceunovale.com.br\\\/portal\\\/?author=4\"}]}<\/script>\n<!-- \/ Yoast SEO plugin. -->","yoast_head_json":{"title":"Funcion\u00e1rio de f\u00e1brica de cal\u00e7ados \u00e9 prensado por m\u00e1quina em Montes Claros - Aconteceu no Vale","robots":{"index":"index","follow":"follow","max-snippet":"max-snippet:-1","max-image-preview":"max-image-preview:large","max-video-preview":"max-video-preview:-1"},"canonical":"https:\/\/aconteceunovale.com.br\/portal\/?p=72086","og_locale":"pt_BR","og_type":"article","og_title":"Funcion\u00e1rio de f\u00e1brica de cal\u00e7ados \u00e9 prensado por m\u00e1quina em Montes Claros - Aconteceu no Vale","og_description":"Est\u00e1 internado em estado grave na Santa Casa de Montes Claros, no Norte de Minas, o funcion\u00e1rio de uma f\u00e1brica de cal\u00e7ados que foi prensado por uma m\u00e1quina no fim da madrugada desta ter\u00e7a-feira (3\/11\/2015). O acidente aconteceu no Distrito Industrial da cidade. De acordo com o Servi\u00e7o de Atendimento M\u00f3vel de Urg\u00eancia (Samu), o [&hellip;]","og_url":"https:\/\/aconteceunovale.com.br\/portal\/?p=72086","og_site_name":"Aconteceu no Vale","article_publisher":"https:\/\/www.facebook.com\/aconteceunovale\/","article_published_time":"2015-11-03T23:08:11+00:00","article_modified_time":"2015-11-07T22:16:39+00:00","og_image":[{"width":678,"height":381,"url":"https:\/\/aconteceunovale.com.br\/portal\/wp-content\/uploads\/2015\/11\/acidente_alpargatas_moc.jpg","type":"image\/jpeg"}],"author":"Reda\u00e7\u00e3o Aconteceu no Vale","twitter_card":"summary_large_image","twitter_creator":"@noticiadosvales","twitter_site":"@noticiadosvales","twitter_misc":{"Escrito por":"Reda\u00e7\u00e3o Aconteceu no Vale","Est. tempo de leitura":"1 minuto"},"schema":{"@context":"https:\/\/schema.org","@graph":[{"@type":"Article","@id":"https:\/\/aconteceunovale.com.br\/portal\/?p=72086#article","isPartOf":{"@id":"https:\/\/aconteceunovale.com.br\/portal\/?p=72086"},"author":{"name":"Reda\u00e7\u00e3o Aconteceu no Vale","@id":"https:\/\/aconteceunovale.com.br\/portal\/#\/schema\/person\/7d2f26d1483f8a63de73da1ee0754d35"},"headline":"Funcion\u00e1rio de f\u00e1brica de cal\u00e7ados \u00e9 prensado por m\u00e1quina em Montes Claros","datePublished":"2015-11-03T23:08:11+00:00","dateModified":"2015-11-07T22:16:39+00:00","mainEntityOfPage":{"@id":"https:\/\/aconteceunovale.com.br\/portal\/?p=72086"},"wordCount":308,"commentCount":0,"image":{"@id":"https:\/\/aconteceunovale.com.br\/portal\/?p=72086#primaryimage"},"thumbnailUrl":"https:\/\/aconteceunovale.com.br\/portal\/wp-content\/uploads\/2015\/11\/acidente_alpargatas_moc.jpg","keywords":["Acidente em f\u00e1brica da Alpargatas em montes claros","Alpargatas","F\u00e1brica da Alpargatas em Montes Claros","Funcion\u00e1rio de f\u00e1brica de cal\u00e7ados \u00e9 prensado por m\u00e1quina em Montes Claros","prensado em m\u00e1quina na f\u00e1brica da Alpargatas de montes claros"],"articleSection":["Norte de Minas"],"inLanguage":"pt-BR","potentialAction":[{"@type":"CommentAction","name":"Comment","target":["https:\/\/aconteceunovale.com.br\/portal\/?p=72086#respond"]}]},{"@type":"WebPage","@id":"https:\/\/aconteceunovale.com.br\/portal\/?p=72086","url":"https:\/\/aconteceunovale.com.br\/portal\/?p=72086","name":"Funcion\u00e1rio de f\u00e1brica de cal\u00e7ados \u00e9 prensado por m\u00e1quina em Montes Claros - Aconteceu no Vale","isPartOf":{"@id":"https:\/\/aconteceunovale.com.br\/portal\/#website"},"primaryImageOfPage":{"@id":"https:\/\/aconteceunovale.com.br\/portal\/?p=72086#primaryimage"},"image":{"@id":"https:\/\/aconteceunovale.com.br\/portal\/?p=72086#primaryimage"},"thumbnailUrl":"https:\/\/aconteceunovale.com.br\/portal\/wp-content\/uploads\/2015\/11\/acidente_alpargatas_moc.jpg","datePublished":"2015-11-03T23:08:11+00:00","dateModified":"2015-11-07T22:16:39+00:00","author":{"@id":"https:\/\/aconteceunovale.com.br\/portal\/#\/schema\/person\/7d2f26d1483f8a63de73da1ee0754d35"},"breadcrumb":{"@id":"https:\/\/aconteceunovale.com.br\/portal\/?p=72086#breadcrumb"},"inLanguage":"pt-BR","potentialAction":[{"@type":"ReadAction","target":["https:\/\/aconteceunovale.com.br\/portal\/?p=72086"]}]},{"@type":"ImageObject","inLanguage":"pt-BR","@id":"https:\/\/aconteceunovale.com.br\/portal\/?p=72086#primaryimage","url":"https:\/\/aconteceunovale.com.br\/portal\/wp-content\/uploads\/2015\/11\/acidente_alpargatas_moc.jpg","contentUrl":"https:\/\/aconteceunovale.com.br\/portal\/wp-content\/uploads\/2015\/11\/acidente_alpargatas_moc.jpg","width":678,"height":381},{"@type":"BreadcrumbList","@id":"https:\/\/aconteceunovale.com.br\/portal\/?p=72086#breadcrumb","itemListElement":[{"@type":"ListItem","position":1,"name":"In\u00edcio","item":"https:\/\/aconteceunovale.com.br\/portal\/"},{"@type":"ListItem","position":2,"name":"Funcion\u00e1rio de f\u00e1brica de cal\u00e7ados \u00e9 prensado por m\u00e1quina em Montes Claros"}]},{"@type":"WebSite","@id":"https:\/\/aconteceunovale.com.br\/portal\/#website","url":"https:\/\/aconteceunovale.com.br\/portal\/","name":"Aconteceu no Vale","description":"Portal de Not\u00edcias","potentialAction":[{"@type":"SearchAction","target":{"@type":"EntryPoint","urlTemplate":"https:\/\/aconteceunovale.com.br\/portal\/?s={search_term_string}"},"query-input":{"@type":"PropertyValueSpecification","valueRequired":true,"valueName":"search_term_string"}}],"inLanguage":"pt-BR"},{"@type":"Person","@id":"https:\/\/aconteceunovale.com.br\/portal\/#\/schema\/person\/7d2f26d1483f8a63de73da1ee0754d35","name":"Reda\u00e7\u00e3o Aconteceu no Vale","description":"Equipe de reportagem do Aconteceu no Vale, portal de not\u00edcias do Vale do Jequitinhonha, em Minas Gerais. Cobrimos as 51 cidades do Vale desde 2013. Sugest\u00f5es de pauta e pedidos de corre\u00e7\u00e3o: contato@aconteceunovale.com.br","url":"https:\/\/aconteceunovale.com.br\/portal\/?author=4"}]}},"_links":{"self":[{"href":"https:\/\/aconteceunovale.com.br\/portal\/index.php?rest_route=\/wp\/v2\/posts\/72086","targetHints":{"allow":["GET"]}}],"collection":[{"href":"https:\/\/aconteceunovale.com.br\/portal\/index.php?rest_route=\/wp\/v2\/posts"}],"about":[{"href":"https:\/\/aconteceunovale.com.br\/portal\/index.php?rest_route=\/wp\/v2\/types\/post"}],"author":[{"embeddable":true,"href":"https:\/\/aconteceunovale.com.br\/portal\/index.php?rest_route=\/wp\/v2\/users\/4"}],"replies":[{"embeddable":true,"href":"https:\/\/aconteceunovale.com.br\/portal\/index.php?rest_route=%2Fwp%2Fv2%2Fcomments&post=72086"}],"version-history":[{"count":0,"href":"https:\/\/aconteceunovale.com.br\/portal\/index.php?rest_route=\/wp\/v2\/posts\/72086\/revisions"}],"wp:featuredmedia":[{"embeddable":true,"href":"https:\/\/aconteceunovale.com.br\/portal\/index.php?rest_route=\/wp\/v2\/media\/72087"}],"wp:attachment":[{"href":"https:\/\/aconteceunovale.com.br\/portal\/index.php?rest_route=%2Fwp%2Fv2%2Fmedia&parent=72086"}],"wp:term":[{"taxonomy":"category","embeddable":true,"href":"https:\/\/aconteceunovale.com.br\/portal\/index.php?rest_route=%2Fwp%2Fv2%2Fcategories&post=72086"},{"taxonomy":"post_tag","embeddable":true,"href":"https:\/\/aconteceunovale.com.br\/portal\/index.php?rest_route=%2Fwp%2Fv2%2Ftags&post=72086"}],"curies":[{"name":"wp","href":"https:\/\/api.w.org\/{rel}","templated":true}]}}