{"id":72081,"date":"2015-11-03T17:00:30","date_gmt":"2015-11-03T20:00:30","guid":{"rendered":"http:\/\/aconteceunovale.com.br\/portal\/?p=72081"},"modified":"2015-11-03T17:00:30","modified_gmt":"2015-11-03T20:00:30","slug":"acidente-entre-moto-e-ambulancia-deixa-um-morto-e-dois-feridos-na-br-458-no-leste-de-minas-2","status":"publish","type":"post","link":"https:\/\/aconteceunovale.com.br\/portal\/?p=72081","title":{"rendered":"Acidente entre moto e ambul\u00e2ncia deixa um morto e dois feridos na BR-458, no Leste de Minas"},"content":{"rendered":"<p>Um motociclista de 28 anos morreu e duas pessoas ficaram feridas em um acidente no final da manh\u00e3 desta ter\u00e7a-feira, 3 de novembro, na altura do quil\u00f4metro 132 da BR-458, no trevo que acesso a Ipaba (MG). Segundo informa\u00e7\u00f5es da Pol\u00edcia Militar Rodovi\u00e1ria, o motociclista seguia de Caratinga para Tim\u00f3teo e bateu na lateral de uma ambul\u00e2ncia da Prefeitura Municipal de Ipaba. Guilherme Marques de Faria morreu no local.<\/p>\n<p>&#8220;Pelo que apuramos at\u00e9 o momento o motorista da ambul\u00e2ncia vinha de Ipatinga e quando foi entrar no trevo de Ipaba, a moto bateu no ve\u00edculo. N\u00e3o sabemos ainda se o motorista sinalizou a entrada ou n\u00e3o\u201d, explicou o Sargento da PMR, Vanderlei Elias.<\/p>\n<p>A passageira da motocicleta, que \u00e9 esposa do piloto, foi encaminhada com ferimentos graves para a Unidade de Pronto Atendimento de Ipatinga. O motorista da ambul\u00e2ncia teve um corte na cabe\u00e7a e tamb\u00e9m foi encaminhado ao hospital.<\/p>\n<p>&#8220;O trevo \u00e9 um local muito perigoso. A maioria dos motoristas que vem de Ipatinga deveria parar no acostamento, sinalizar e convergir, mas infelizmente n\u00e3o \u00e9 isso que acontece. S\u00e3o esses pequenos atos que geram acidentes de grandes propor\u00e7\u00f5es&#8221;, disse o Sargento Vanderlei Elias.<\/p>\n<p><img decoding=\"async\" src=\"http:\/\/aconteceunovale.com.br\/portal\/wp-content\/uploads\/2015\/11\/acidente_ipaba_ambulancia.jpg\" alt=\"\" \/><em>O condutor da moto, Guilherme Marques de Faria (destaque), morreu no local (Foto: TV Super Canal)<\/em><br \/>\n<\/br><\/p>\n<p><em>(Fonte: G1 dos Vales)<\/em><\/p>\n","protected":false},"excerpt":{"rendered":"<p>Um motociclista de 28 anos morreu e duas pessoas ficaram feridas em um acidente no final da manh\u00e3 desta ter\u00e7a-feira, 3 de novembro, na altura do quil\u00f4metro 132 da BR-458, no trevo que acesso a Ipaba (MG). Segundo informa\u00e7\u00f5es da Pol\u00edcia Militar Rodovi\u00e1ria, o motociclista seguia de Caratinga para Tim\u00f3teo e bateu na lateral de [&hellip;]<\/p>\n","protected":false},"author":4,"featured_media":72078,"comment_status":"open","ping_status":"closed","sticky":false,"template":"","format":"standard","meta":{"amp_status":"","footnotes":""},"categories":[121],"tags":[64992,64988,64987,64994,64995,50739,64991,237,64989,2234,201,64990,64993,1105],"class_list":["post-72081","post","type-post","status-publish","format-standard","has-post-thumbnail","hentry","category-leste","tag-acidente-com-ambulancia-da-prefeitura-municipal-de-ipaba","tag-acidente-com-motociclista-que-seguia-de-caratinga-para-timoteo","tag-acidente-em-ipaba","tag-acidente-entre-moto-e-ambulancia-deixa-um-morto-e-dois-feridos-na-br-458","tag-acidente-entre-moto-e-ambulancia-deixa-um-morto-e-dois-feridos-no-leste-de-minas","tag-acidente-na-br-458","tag-ambulancia-da-prefeitura-municipal-de-ipaba","tag-caratinga","tag-guilherme-marques-de-faria","tag-ipaba","tag-ipatinga","tag-janeiva-oliveira-rodrigues","tag-nelin-rodrigues-de-souza","tag-timoteo"],"yoast_head":"<!-- This site is optimized with the Yoast SEO plugin v28.3 - https:\/\/yoast.com\/product\/yoast-seo-wordpress\/ -->\n<title>Acidente entre moto e ambul\u00e2ncia deixa um morto e dois feridos na BR-458, no Leste de Minas - Aconteceu no Vale<\/title>\n<meta name=\"robots\" content=\"index, follow, max-snippet:-1, max-image-preview:large, max-video-preview:-1\" \/>\n<link rel=\"canonical\" href=\"https:\/\/aconteceunovale.com.br\/portal\/?p=72081\" \/>\n<meta property=\"og:locale\" content=\"pt_BR\" \/>\n<meta property=\"og:type\" content=\"article\" \/>\n<meta property=\"og:title\" content=\"Acidente entre moto e ambul\u00e2ncia deixa um morto e dois feridos na BR-458, no Leste de Minas - Aconteceu no Vale\" \/>\n<meta property=\"og:description\" content=\"Um motociclista de 28 anos morreu e duas pessoas ficaram feridas em um acidente no final da manh\u00e3 desta ter\u00e7a-feira, 3 de novembro, na altura do quil\u00f4metro 132 da BR-458, no trevo que acesso a Ipaba (MG). Segundo informa\u00e7\u00f5es da Pol\u00edcia Militar Rodovi\u00e1ria, o motociclista seguia de Caratinga para Tim\u00f3teo e bateu na lateral de [&hellip;]\" \/>\n<meta property=\"og:url\" content=\"https:\/\/aconteceunovale.com.br\/portal\/?p=72081\" \/>\n<meta property=\"og:site_name\" content=\"Aconteceu no Vale\" \/>\n<meta property=\"article:publisher\" content=\"https:\/\/www.facebook.com\/aconteceunovale\/\" \/>\n<meta property=\"article:published_time\" content=\"2015-11-03T20:00:30+00:00\" \/>\n<meta property=\"og:image\" content=\"https:\/\/aconteceunovale.com.br\/portal\/wp-content\/uploads\/2015\/11\/acidente_ipaba_ambulancia.jpg\" \/>\n\t<meta property=\"og:image:width\" content=\"678\" \/>\n\t<meta property=\"og:image:height\" content=\"380\" \/>\n\t<meta property=\"og:image:type\" content=\"image\/jpeg\" \/>\n<meta name=\"author\" content=\"Reda\u00e7\u00e3o Aconteceu no Vale\" \/>\n<meta name=\"twitter:card\" content=\"summary_large_image\" \/>\n<meta name=\"twitter:creator\" content=\"@noticiadosvales\" \/>\n<meta name=\"twitter:site\" content=\"@noticiadosvales\" \/>\n<meta name=\"twitter:label1\" content=\"Escrito por\" \/>\n\t<meta name=\"twitter:data1\" content=\"Reda\u00e7\u00e3o Aconteceu no Vale\" \/>\n\t<meta name=\"twitter:label2\" content=\"Est. tempo de leitura\" \/>\n\t<meta name=\"twitter:data2\" content=\"1 minuto\" \/>\n<script type=\"application\/ld+json\" class=\"yoast-schema-graph\">{\"@context\":\"https:\\\/\\\/schema.org\",\"@graph\":[{\"@type\":\"Article\",\"@id\":\"https:\\\/\\\/aconteceunovale.com.br\\\/portal\\\/?p=72081#article\",\"isPartOf\":{\"@id\":\"https:\\\/\\\/aconteceunovale.com.br\\\/portal\\\/?p=72081\"},\"author\":{\"name\":\"Reda\u00e7\u00e3o Aconteceu no Vale\",\"@id\":\"https:\\\/\\\/aconteceunovale.com.br\\\/portal\\\/#\\\/schema\\\/person\\\/7d2f26d1483f8a63de73da1ee0754d35\"},\"headline\":\"Acidente entre moto e ambul\u00e2ncia deixa um morto e dois feridos na BR-458, no Leste de Minas\",\"datePublished\":\"2015-11-03T20:00:30+00:00\",\"mainEntityOfPage\":{\"@id\":\"https:\\\/\\\/aconteceunovale.com.br\\\/portal\\\/?p=72081\"},\"wordCount\":243,\"commentCount\":0,\"image\":{\"@id\":\"https:\\\/\\\/aconteceunovale.com.br\\\/portal\\\/?p=72081#primaryimage\"},\"thumbnailUrl\":\"https:\\\/\\\/aconteceunovale.com.br\\\/portal\\\/wp-content\\\/uploads\\\/2015\\\/11\\\/acidente_ipaba_ambulancia.jpg\",\"keywords\":[\"Acidente com ambul\u00e2ncia da Prefeitura Municipal de Ipaba\",\"acidente com motociclista que seguia de caratinga para tim\u00f3teo\",\"acidente em ipaba\",\"Acidente entre moto e ambul\u00e2ncia deixa um morto e dois feridos na BR-458\",\"Acidente entre moto e ambul\u00e2ncia deixa um morto e dois feridos no Leste de Minas\",\"Acidente na BR-458\",\"ambul\u00e2ncia da Prefeitura Municipal de Ipaba\",\"Caratinga\",\"Guilherme Marques de Faria\",\"Ipaba\",\"Ipatinga\",\"Janeiva Oliveira Rodrigues\",\"Nelin Rodrigues de Souza\",\"Tim\u00f3teo\"],\"articleSection\":[\"Leste de Minas\"],\"inLanguage\":\"pt-BR\",\"potentialAction\":[{\"@type\":\"CommentAction\",\"name\":\"Comment\",\"target\":[\"https:\\\/\\\/aconteceunovale.com.br\\\/portal\\\/?p=72081#respond\"]}]},{\"@type\":\"WebPage\",\"@id\":\"https:\\\/\\\/aconteceunovale.com.br\\\/portal\\\/?p=72081\",\"url\":\"https:\\\/\\\/aconteceunovale.com.br\\\/portal\\\/?p=72081\",\"name\":\"Acidente entre moto e ambul\u00e2ncia deixa um morto e dois feridos na BR-458, no Leste de Minas - Aconteceu no Vale\",\"isPartOf\":{\"@id\":\"https:\\\/\\\/aconteceunovale.com.br\\\/portal\\\/#website\"},\"primaryImageOfPage\":{\"@id\":\"https:\\\/\\\/aconteceunovale.com.br\\\/portal\\\/?p=72081#primaryimage\"},\"image\":{\"@id\":\"https:\\\/\\\/aconteceunovale.com.br\\\/portal\\\/?p=72081#primaryimage\"},\"thumbnailUrl\":\"https:\\\/\\\/aconteceunovale.com.br\\\/portal\\\/wp-content\\\/uploads\\\/2015\\\/11\\\/acidente_ipaba_ambulancia.jpg\",\"datePublished\":\"2015-11-03T20:00:30+00:00\",\"author\":{\"@id\":\"https:\\\/\\\/aconteceunovale.com.br\\\/portal\\\/#\\\/schema\\\/person\\\/7d2f26d1483f8a63de73da1ee0754d35\"},\"breadcrumb\":{\"@id\":\"https:\\\/\\\/aconteceunovale.com.br\\\/portal\\\/?p=72081#breadcrumb\"},\"inLanguage\":\"pt-BR\",\"potentialAction\":[{\"@type\":\"ReadAction\",\"target\":[\"https:\\\/\\\/aconteceunovale.com.br\\\/portal\\\/?p=72081\"]}]},{\"@type\":\"ImageObject\",\"inLanguage\":\"pt-BR\",\"@id\":\"https:\\\/\\\/aconteceunovale.com.br\\\/portal\\\/?p=72081#primaryimage\",\"url\":\"https:\\\/\\\/aconteceunovale.com.br\\\/portal\\\/wp-content\\\/uploads\\\/2015\\\/11\\\/acidente_ipaba_ambulancia.jpg\",\"contentUrl\":\"https:\\\/\\\/aconteceunovale.com.br\\\/portal\\\/wp-content\\\/uploads\\\/2015\\\/11\\\/acidente_ipaba_ambulancia.jpg\",\"width\":678,\"height\":380},{\"@type\":\"BreadcrumbList\",\"@id\":\"https:\\\/\\\/aconteceunovale.com.br\\\/portal\\\/?p=72081#breadcrumb\",\"itemListElement\":[{\"@type\":\"ListItem\",\"position\":1,\"name\":\"In\u00edcio\",\"item\":\"https:\\\/\\\/aconteceunovale.com.br\\\/portal\\\/\"},{\"@type\":\"ListItem\",\"position\":2,\"name\":\"Acidente entre moto e ambul\u00e2ncia deixa um morto e dois feridos na BR-458, no Leste de Minas\"}]},{\"@type\":\"WebSite\",\"@id\":\"https:\\\/\\\/aconteceunovale.com.br\\\/portal\\\/#website\",\"url\":\"https:\\\/\\\/aconteceunovale.com.br\\\/portal\\\/\",\"name\":\"Aconteceu no Vale\",\"description\":\"Portal de Not\u00edcias\",\"potentialAction\":[{\"@type\":\"SearchAction\",\"target\":{\"@type\":\"EntryPoint\",\"urlTemplate\":\"https:\\\/\\\/aconteceunovale.com.br\\\/portal\\\/?s={search_term_string}\"},\"query-input\":{\"@type\":\"PropertyValueSpecification\",\"valueRequired\":true,\"valueName\":\"search_term_string\"}}],\"inLanguage\":\"pt-BR\"},{\"@type\":\"Person\",\"@id\":\"https:\\\/\\\/aconteceunovale.com.br\\\/portal\\\/#\\\/schema\\\/person\\\/7d2f26d1483f8a63de73da1ee0754d35\",\"name\":\"Reda\u00e7\u00e3o Aconteceu no Vale\",\"description\":\"Equipe de reportagem do Aconteceu no Vale, portal de not\u00edcias do Vale do Jequitinhonha, em Minas Gerais. Cobrimos as 51 cidades do Vale desde 2013. Sugest\u00f5es de pauta e pedidos de corre\u00e7\u00e3o: contato@aconteceunovale.com.br\",\"url\":\"https:\\\/\\\/aconteceunovale.com.br\\\/portal\\\/?author=4\"}]}<\/script>\n<!-- \/ Yoast SEO plugin. -->","yoast_head_json":{"title":"Acidente entre moto e ambul\u00e2ncia deixa um morto e dois feridos na BR-458, no Leste de Minas - Aconteceu no Vale","robots":{"index":"index","follow":"follow","max-snippet":"max-snippet:-1","max-image-preview":"max-image-preview:large","max-video-preview":"max-video-preview:-1"},"canonical":"https:\/\/aconteceunovale.com.br\/portal\/?p=72081","og_locale":"pt_BR","og_type":"article","og_title":"Acidente entre moto e ambul\u00e2ncia deixa um morto e dois feridos na BR-458, no Leste de Minas - Aconteceu no Vale","og_description":"Um motociclista de 28 anos morreu e duas pessoas ficaram feridas em um acidente no final da manh\u00e3 desta ter\u00e7a-feira, 3 de novembro, na altura do quil\u00f4metro 132 da BR-458, no trevo que acesso a Ipaba (MG). Segundo informa\u00e7\u00f5es da Pol\u00edcia Militar Rodovi\u00e1ria, o motociclista seguia de Caratinga para Tim\u00f3teo e bateu na lateral de [&hellip;]","og_url":"https:\/\/aconteceunovale.com.br\/portal\/?p=72081","og_site_name":"Aconteceu no Vale","article_publisher":"https:\/\/www.facebook.com\/aconteceunovale\/","article_published_time":"2015-11-03T20:00:30+00:00","og_image":[{"width":678,"height":380,"url":"https:\/\/aconteceunovale.com.br\/portal\/wp-content\/uploads\/2015\/11\/acidente_ipaba_ambulancia.jpg","type":"image\/jpeg"}],"author":"Reda\u00e7\u00e3o Aconteceu no Vale","twitter_card":"summary_large_image","twitter_creator":"@noticiadosvales","twitter_site":"@noticiadosvales","twitter_misc":{"Escrito por":"Reda\u00e7\u00e3o Aconteceu no Vale","Est. tempo de leitura":"1 minuto"},"schema":{"@context":"https:\/\/schema.org","@graph":[{"@type":"Article","@id":"https:\/\/aconteceunovale.com.br\/portal\/?p=72081#article","isPartOf":{"@id":"https:\/\/aconteceunovale.com.br\/portal\/?p=72081"},"author":{"name":"Reda\u00e7\u00e3o Aconteceu no Vale","@id":"https:\/\/aconteceunovale.com.br\/portal\/#\/schema\/person\/7d2f26d1483f8a63de73da1ee0754d35"},"headline":"Acidente entre moto e ambul\u00e2ncia deixa um morto e dois feridos na BR-458, no Leste de Minas","datePublished":"2015-11-03T20:00:30+00:00","mainEntityOfPage":{"@id":"https:\/\/aconteceunovale.com.br\/portal\/?p=72081"},"wordCount":243,"commentCount":0,"image":{"@id":"https:\/\/aconteceunovale.com.br\/portal\/?p=72081#primaryimage"},"thumbnailUrl":"https:\/\/aconteceunovale.com.br\/portal\/wp-content\/uploads\/2015\/11\/acidente_ipaba_ambulancia.jpg","keywords":["Acidente com ambul\u00e2ncia da Prefeitura Municipal de Ipaba","acidente com motociclista que seguia de caratinga para tim\u00f3teo","acidente em ipaba","Acidente entre moto e ambul\u00e2ncia deixa um morto e dois feridos na BR-458","Acidente entre moto e ambul\u00e2ncia deixa um morto e dois feridos no Leste de Minas","Acidente na BR-458","ambul\u00e2ncia da Prefeitura Municipal de Ipaba","Caratinga","Guilherme Marques de Faria","Ipaba","Ipatinga","Janeiva Oliveira Rodrigues","Nelin Rodrigues de Souza","Tim\u00f3teo"],"articleSection":["Leste de Minas"],"inLanguage":"pt-BR","potentialAction":[{"@type":"CommentAction","name":"Comment","target":["https:\/\/aconteceunovale.com.br\/portal\/?p=72081#respond"]}]},{"@type":"WebPage","@id":"https:\/\/aconteceunovale.com.br\/portal\/?p=72081","url":"https:\/\/aconteceunovale.com.br\/portal\/?p=72081","name":"Acidente entre moto e ambul\u00e2ncia deixa um morto e dois feridos na BR-458, no Leste de Minas - Aconteceu no Vale","isPartOf":{"@id":"https:\/\/aconteceunovale.com.br\/portal\/#website"},"primaryImageOfPage":{"@id":"https:\/\/aconteceunovale.com.br\/portal\/?p=72081#primaryimage"},"image":{"@id":"https:\/\/aconteceunovale.com.br\/portal\/?p=72081#primaryimage"},"thumbnailUrl":"https:\/\/aconteceunovale.com.br\/portal\/wp-content\/uploads\/2015\/11\/acidente_ipaba_ambulancia.jpg","datePublished":"2015-11-03T20:00:30+00:00","author":{"@id":"https:\/\/aconteceunovale.com.br\/portal\/#\/schema\/person\/7d2f26d1483f8a63de73da1ee0754d35"},"breadcrumb":{"@id":"https:\/\/aconteceunovale.com.br\/portal\/?p=72081#breadcrumb"},"inLanguage":"pt-BR","potentialAction":[{"@type":"ReadAction","target":["https:\/\/aconteceunovale.com.br\/portal\/?p=72081"]}]},{"@type":"ImageObject","inLanguage":"pt-BR","@id":"https:\/\/aconteceunovale.com.br\/portal\/?p=72081#primaryimage","url":"https:\/\/aconteceunovale.com.br\/portal\/wp-content\/uploads\/2015\/11\/acidente_ipaba_ambulancia.jpg","contentUrl":"https:\/\/aconteceunovale.com.br\/portal\/wp-content\/uploads\/2015\/11\/acidente_ipaba_ambulancia.jpg","width":678,"height":380},{"@type":"BreadcrumbList","@id":"https:\/\/aconteceunovale.com.br\/portal\/?p=72081#breadcrumb","itemListElement":[{"@type":"ListItem","position":1,"name":"In\u00edcio","item":"https:\/\/aconteceunovale.com.br\/portal\/"},{"@type":"ListItem","position":2,"name":"Acidente entre moto e ambul\u00e2ncia deixa um morto e dois feridos na BR-458, no Leste de Minas"}]},{"@type":"WebSite","@id":"https:\/\/aconteceunovale.com.br\/portal\/#website","url":"https:\/\/aconteceunovale.com.br\/portal\/","name":"Aconteceu no Vale","description":"Portal de Not\u00edcias","potentialAction":[{"@type":"SearchAction","target":{"@type":"EntryPoint","urlTemplate":"https:\/\/aconteceunovale.com.br\/portal\/?s={search_term_string}"},"query-input":{"@type":"PropertyValueSpecification","valueRequired":true,"valueName":"search_term_string"}}],"inLanguage":"pt-BR"},{"@type":"Person","@id":"https:\/\/aconteceunovale.com.br\/portal\/#\/schema\/person\/7d2f26d1483f8a63de73da1ee0754d35","name":"Reda\u00e7\u00e3o Aconteceu no Vale","description":"Equipe de reportagem do Aconteceu no Vale, portal de not\u00edcias do Vale do Jequitinhonha, em Minas Gerais. Cobrimos as 51 cidades do Vale desde 2013. Sugest\u00f5es de pauta e pedidos de corre\u00e7\u00e3o: contato@aconteceunovale.com.br","url":"https:\/\/aconteceunovale.com.br\/portal\/?author=4"}]}},"_links":{"self":[{"href":"https:\/\/aconteceunovale.com.br\/portal\/index.php?rest_route=\/wp\/v2\/posts\/72081","targetHints":{"allow":["GET"]}}],"collection":[{"href":"https:\/\/aconteceunovale.com.br\/portal\/index.php?rest_route=\/wp\/v2\/posts"}],"about":[{"href":"https:\/\/aconteceunovale.com.br\/portal\/index.php?rest_route=\/wp\/v2\/types\/post"}],"author":[{"embeddable":true,"href":"https:\/\/aconteceunovale.com.br\/portal\/index.php?rest_route=\/wp\/v2\/users\/4"}],"replies":[{"embeddable":true,"href":"https:\/\/aconteceunovale.com.br\/portal\/index.php?rest_route=%2Fwp%2Fv2%2Fcomments&post=72081"}],"version-history":[{"count":0,"href":"https:\/\/aconteceunovale.com.br\/portal\/index.php?rest_route=\/wp\/v2\/posts\/72081\/revisions"}],"wp:featuredmedia":[{"embeddable":true,"href":"https:\/\/aconteceunovale.com.br\/portal\/index.php?rest_route=\/wp\/v2\/media\/72078"}],"wp:attachment":[{"href":"https:\/\/aconteceunovale.com.br\/portal\/index.php?rest_route=%2Fwp%2Fv2%2Fmedia&parent=72081"}],"wp:term":[{"taxonomy":"category","embeddable":true,"href":"https:\/\/aconteceunovale.com.br\/portal\/index.php?rest_route=%2Fwp%2Fv2%2Fcategories&post=72081"},{"taxonomy":"post_tag","embeddable":true,"href":"https:\/\/aconteceunovale.com.br\/portal\/index.php?rest_route=%2Fwp%2Fv2%2Ftags&post=72081"}],"curies":[{"name":"wp","href":"https:\/\/api.w.org\/{rel}","templated":true}]}}