{"id":72075,"date":"2015-11-03T16:34:22","date_gmt":"2015-11-03T19:34:22","guid":{"rendered":"http:\/\/aconteceunovale.com.br\/portal\/?p=72075"},"modified":"2015-11-03T16:34:22","modified_gmt":"2015-11-03T19:34:22","slug":"vale-abre-inscricoes-para-programa-de-estagio","status":"publish","type":"post","link":"https:\/\/aconteceunovale.com.br\/portal\/?p=72075","title":{"rendered":"Vale abre inscri\u00e7\u00f5es para Programa de Est\u00e1gio"},"content":{"rendered":"<p>A Vale abriu inscri\u00e7\u00f5es para o Programa de Est\u00e1gio nesta ter\u00e7a-feira, 3 de novembro. H\u00e1 vagas para estudantes do ensino t\u00e9cnico e superior nos estados de Minas Gerais, Rio de Janeiro, Esp\u00edrito Santo, Maranh\u00e3o, Par\u00e1, Bahia e Mato Grosso do Sul. As inscri\u00e7\u00f5es podem ser feitas at\u00e9 15 de novembro pelo site <strong><a href=\"http:\/\/www.vale.com\/oportunidades\" target=\"_blank\">www.vale.com\/oportunidades<\/a><\/strong>.<\/p>\n<p>Esta edi\u00e7\u00e3o traz uma novidade: para as vagas de ensino superior ser\u00e3o aceitas inscri\u00e7\u00f5es de candidatos nos tr\u00eas \u00faltimos anos de curso, ou seja, com formatura prevista entre dezembro de 2016 e dezembro de 2018.<\/p>\n<p>Para os candidatos de n\u00edvel t\u00e9cnico, a exig\u00eancia \u00e9 que tenham formatura prevista at\u00e9 dezembro de 2017 ou que sejam formados na parte te\u00f3rica, desde que n\u00e3o tenham cumprido a carga hor\u00e1ria de est\u00e1gio obrigat\u00f3rio e ainda estejam matriculados na institui\u00e7\u00e3o de ensino.<\/p>\n<p>Ser\u00e3o aceitas inscri\u00e7\u00f5es para universit\u00e1rios de todos os cursos, entre eles Engenharia, Administra\u00e7\u00e3o de Empresas, Economia, Ci\u00eancias Cont\u00e1beis e Ci\u00eancias da Computa\u00e7\u00e3o. Tamb\u00e9m ter\u00e3o a oportunidade de se inscrever estudantes de n\u00edvel t\u00e9cnico de mais de 20 cursos, como Metalurgia, Mec\u00e2nica, El\u00e9trica, Eletrot\u00e9cnica, Eletromec\u00e2nica, Minera\u00e7\u00e3o e Seguran\u00e7a do Trabalho. A lista completa de cursos de n\u00edvel t\u00e9cnico est\u00e1 dispon\u00edvel no site.<\/p>\n<p>Os selecionados iniciar\u00e3o o est\u00e1gio a partir de fevereiro de 2016 e receber\u00e3o bolsa-aux\u00edlio mensal de at\u00e9 R$ 1.118 (os valores variam dependendo do curso, t\u00e9cnico ou superior, e da carga hor\u00e1ria), assist\u00eancia m\u00e9dica e seguro de vida. Nas unidades onde a empresa n\u00e3o oferece transporte e restaurante, os estagi\u00e1rios tamb\u00e9m receber\u00e3o vale-transporte e vale-refei\u00e7\u00e3o. A carga hor\u00e1ria do est\u00e1gio varia entre quatro e seis horas, dependendo das atividades a serem desenvolvidas.<\/p>\n<p>O processo seletivo \u00e9 composto das seguintes etapas: inscri\u00e7\u00e3o e an\u00e1lise curricular, prova online, din\u00e2mica de grupo, painel com gestores ou entrevistas e exames m\u00e9dicos.<\/p>\n","protected":false},"excerpt":{"rendered":"<p>A Vale abriu inscri\u00e7\u00f5es para o Programa de Est\u00e1gio nesta ter\u00e7a-feira, 3 de novembro. H\u00e1 vagas para estudantes do ensino t\u00e9cnico e superior nos estados de Minas Gerais, Rio de Janeiro, Esp\u00edrito Santo, Maranh\u00e3o, Par\u00e1, Bahia e Mato Grosso do Sul. As inscri\u00e7\u00f5es podem ser feitas at\u00e9 15 de novembro pelo site www.vale.com\/oportunidades. Esta edi\u00e7\u00e3o [&hellip;]<\/p>\n","protected":false},"author":4,"featured_media":13948,"comment_status":"open","ping_status":"closed","sticky":false,"template":"","format":"standard","meta":{"amp_status":"","footnotes":""},"categories":[40237,40236,123],"tags":[64982,64979,64978,6006,64983,64981,6007,64986,64985,64980,64984],"class_list":["post-72075","post","type-post","status-publish","format-standard","has-post-thumbnail","hentry","category-concursos","category-empregos-2","category-gerais","tag-edital-do-estagio-da-vale","tag-emprego-na-vale","tag-estagio-da-vale","tag-estagio-na-vale","tag-inscrever-no-estagio-da-vale","tag-inscricao-no-estagio-da-vale","tag-programa-de-estagio-da-vale","tag-programa-estagio-da-vale-2016","tag-programa-estagio-vale-2016","tag-trabalho-na-vale","tag-vale-abre-inscricoes-para-programa-de-estagio"],"yoast_head":"<!-- This site is optimized with the Yoast SEO plugin v28.3 - https:\/\/yoast.com\/product\/yoast-seo-wordpress\/ -->\n<title>Vale abre inscri\u00e7\u00f5es para Programa de Est\u00e1gio - Aconteceu no Vale<\/title>\n<meta name=\"robots\" content=\"index, follow, max-snippet:-1, max-image-preview:large, max-video-preview:-1\" \/>\n<link rel=\"canonical\" href=\"https:\/\/aconteceunovale.com.br\/portal\/?p=72075\" \/>\n<meta property=\"og:locale\" content=\"pt_BR\" \/>\n<meta property=\"og:type\" content=\"article\" \/>\n<meta property=\"og:title\" content=\"Vale abre inscri\u00e7\u00f5es para Programa de Est\u00e1gio - Aconteceu no Vale\" \/>\n<meta property=\"og:description\" content=\"A Vale abriu inscri\u00e7\u00f5es para o Programa de Est\u00e1gio nesta ter\u00e7a-feira, 3 de novembro. H\u00e1 vagas para estudantes do ensino t\u00e9cnico e superior nos estados de Minas Gerais, Rio de Janeiro, Esp\u00edrito Santo, Maranh\u00e3o, Par\u00e1, Bahia e Mato Grosso do Sul. As inscri\u00e7\u00f5es podem ser feitas at\u00e9 15 de novembro pelo site www.vale.com\/oportunidades. Esta edi\u00e7\u00e3o [&hellip;]\" \/>\n<meta property=\"og:url\" content=\"https:\/\/aconteceunovale.com.br\/portal\/?p=72075\" \/>\n<meta property=\"og:site_name\" content=\"Aconteceu no Vale\" \/>\n<meta property=\"article:publisher\" content=\"https:\/\/www.facebook.com\/aconteceunovale\/\" \/>\n<meta property=\"article:published_time\" content=\"2015-11-03T19:34:22+00:00\" \/>\n<meta property=\"og:image\" content=\"https:\/\/aconteceunovale.com.br\/portal\/wp-content\/uploads\/2013\/11\/estagio.jpg\" \/>\n\t<meta property=\"og:image:width\" content=\"640\" \/>\n\t<meta property=\"og:image:height\" content=\"427\" \/>\n\t<meta property=\"og:image:type\" content=\"image\/jpeg\" \/>\n<meta name=\"author\" content=\"Reda\u00e7\u00e3o Aconteceu no Vale\" \/>\n<meta name=\"twitter:card\" content=\"summary_large_image\" \/>\n<meta name=\"twitter:creator\" content=\"@noticiadosvales\" \/>\n<meta name=\"twitter:site\" content=\"@noticiadosvales\" \/>\n<meta name=\"twitter:label1\" content=\"Escrito por\" \/>\n\t<meta name=\"twitter:data1\" content=\"Reda\u00e7\u00e3o Aconteceu no Vale\" \/>\n\t<meta name=\"twitter:label2\" content=\"Est. tempo de leitura\" \/>\n\t<meta name=\"twitter:data2\" content=\"2 minutos\" \/>\n<script type=\"application\/ld+json\" class=\"yoast-schema-graph\">{\"@context\":\"https:\\\/\\\/schema.org\",\"@graph\":[{\"@type\":\"Article\",\"@id\":\"https:\\\/\\\/aconteceunovale.com.br\\\/portal\\\/?p=72075#article\",\"isPartOf\":{\"@id\":\"https:\\\/\\\/aconteceunovale.com.br\\\/portal\\\/?p=72075\"},\"author\":{\"name\":\"Reda\u00e7\u00e3o Aconteceu no Vale\",\"@id\":\"https:\\\/\\\/aconteceunovale.com.br\\\/portal\\\/#\\\/schema\\\/person\\\/7d2f26d1483f8a63de73da1ee0754d35\"},\"headline\":\"Vale abre inscri\u00e7\u00f5es para Programa de Est\u00e1gio\",\"datePublished\":\"2015-11-03T19:34:22+00:00\",\"mainEntityOfPage\":{\"@id\":\"https:\\\/\\\/aconteceunovale.com.br\\\/portal\\\/?p=72075\"},\"wordCount\":351,\"commentCount\":0,\"image\":{\"@id\":\"https:\\\/\\\/aconteceunovale.com.br\\\/portal\\\/?p=72075#primaryimage\"},\"thumbnailUrl\":\"https:\\\/\\\/aconteceunovale.com.br\\\/portal\\\/wp-content\\\/uploads\\\/2013\\\/11\\\/estagio.jpg\",\"keywords\":[\"edital do est\u00e1gio da vale\",\"Emprego na Vale\",\"Est\u00e1gio da Vale\",\"Est\u00e1gio na Vale\",\"inscrever no est\u00e1gio da vale\",\"inscri\u00e7\u00e3o no est\u00e1gio da vale\",\"Programa de est\u00e1gio da Vale\",\"programa est\u00e1gio da vale 2016\",\"programa est\u00e1gio vale 2016\",\"trabalho na Vale\",\"Vale abre inscri\u00e7\u00f5es para Programa de Est\u00e1gio\"],\"articleSection\":[\"Concursos\",\"Empregos\",\"Minas Gerais\"],\"inLanguage\":\"pt-BR\",\"potentialAction\":[{\"@type\":\"CommentAction\",\"name\":\"Comment\",\"target\":[\"https:\\\/\\\/aconteceunovale.com.br\\\/portal\\\/?p=72075#respond\"]}]},{\"@type\":\"WebPage\",\"@id\":\"https:\\\/\\\/aconteceunovale.com.br\\\/portal\\\/?p=72075\",\"url\":\"https:\\\/\\\/aconteceunovale.com.br\\\/portal\\\/?p=72075\",\"name\":\"Vale abre inscri\u00e7\u00f5es para Programa de Est\u00e1gio - Aconteceu no Vale\",\"isPartOf\":{\"@id\":\"https:\\\/\\\/aconteceunovale.com.br\\\/portal\\\/#website\"},\"primaryImageOfPage\":{\"@id\":\"https:\\\/\\\/aconteceunovale.com.br\\\/portal\\\/?p=72075#primaryimage\"},\"image\":{\"@id\":\"https:\\\/\\\/aconteceunovale.com.br\\\/portal\\\/?p=72075#primaryimage\"},\"thumbnailUrl\":\"https:\\\/\\\/aconteceunovale.com.br\\\/portal\\\/wp-content\\\/uploads\\\/2013\\\/11\\\/estagio.jpg\",\"datePublished\":\"2015-11-03T19:34:22+00:00\",\"author\":{\"@id\":\"https:\\\/\\\/aconteceunovale.com.br\\\/portal\\\/#\\\/schema\\\/person\\\/7d2f26d1483f8a63de73da1ee0754d35\"},\"breadcrumb\":{\"@id\":\"https:\\\/\\\/aconteceunovale.com.br\\\/portal\\\/?p=72075#breadcrumb\"},\"inLanguage\":\"pt-BR\",\"potentialAction\":[{\"@type\":\"ReadAction\",\"target\":[\"https:\\\/\\\/aconteceunovale.com.br\\\/portal\\\/?p=72075\"]}]},{\"@type\":\"ImageObject\",\"inLanguage\":\"pt-BR\",\"@id\":\"https:\\\/\\\/aconteceunovale.com.br\\\/portal\\\/?p=72075#primaryimage\",\"url\":\"https:\\\/\\\/aconteceunovale.com.br\\\/portal\\\/wp-content\\\/uploads\\\/2013\\\/11\\\/estagio.jpg\",\"contentUrl\":\"https:\\\/\\\/aconteceunovale.com.br\\\/portal\\\/wp-content\\\/uploads\\\/2013\\\/11\\\/estagio.jpg\",\"width\":640,\"height\":427},{\"@type\":\"BreadcrumbList\",\"@id\":\"https:\\\/\\\/aconteceunovale.com.br\\\/portal\\\/?p=72075#breadcrumb\",\"itemListElement\":[{\"@type\":\"ListItem\",\"position\":1,\"name\":\"In\u00edcio\",\"item\":\"https:\\\/\\\/aconteceunovale.com.br\\\/portal\\\/\"},{\"@type\":\"ListItem\",\"position\":2,\"name\":\"Vale abre inscri\u00e7\u00f5es para Programa de Est\u00e1gio\"}]},{\"@type\":\"WebSite\",\"@id\":\"https:\\\/\\\/aconteceunovale.com.br\\\/portal\\\/#website\",\"url\":\"https:\\\/\\\/aconteceunovale.com.br\\\/portal\\\/\",\"name\":\"Aconteceu no Vale\",\"description\":\"Portal de Not\u00edcias\",\"potentialAction\":[{\"@type\":\"SearchAction\",\"target\":{\"@type\":\"EntryPoint\",\"urlTemplate\":\"https:\\\/\\\/aconteceunovale.com.br\\\/portal\\\/?s={search_term_string}\"},\"query-input\":{\"@type\":\"PropertyValueSpecification\",\"valueRequired\":true,\"valueName\":\"search_term_string\"}}],\"inLanguage\":\"pt-BR\"},{\"@type\":\"Person\",\"@id\":\"https:\\\/\\\/aconteceunovale.com.br\\\/portal\\\/#\\\/schema\\\/person\\\/7d2f26d1483f8a63de73da1ee0754d35\",\"name\":\"Reda\u00e7\u00e3o Aconteceu no Vale\",\"description\":\"Equipe de reportagem do Aconteceu no Vale, portal de not\u00edcias do Vale do Jequitinhonha, em Minas Gerais. Cobrimos as 51 cidades do Vale desde 2013. Sugest\u00f5es de pauta e pedidos de corre\u00e7\u00e3o: contato@aconteceunovale.com.br\",\"url\":\"https:\\\/\\\/aconteceunovale.com.br\\\/portal\\\/?author=4\"}]}<\/script>\n<!-- \/ Yoast SEO plugin. -->","yoast_head_json":{"title":"Vale abre inscri\u00e7\u00f5es para Programa de Est\u00e1gio - Aconteceu no Vale","robots":{"index":"index","follow":"follow","max-snippet":"max-snippet:-1","max-image-preview":"max-image-preview:large","max-video-preview":"max-video-preview:-1"},"canonical":"https:\/\/aconteceunovale.com.br\/portal\/?p=72075","og_locale":"pt_BR","og_type":"article","og_title":"Vale abre inscri\u00e7\u00f5es para Programa de Est\u00e1gio - Aconteceu no Vale","og_description":"A Vale abriu inscri\u00e7\u00f5es para o Programa de Est\u00e1gio nesta ter\u00e7a-feira, 3 de novembro. H\u00e1 vagas para estudantes do ensino t\u00e9cnico e superior nos estados de Minas Gerais, Rio de Janeiro, Esp\u00edrito Santo, Maranh\u00e3o, Par\u00e1, Bahia e Mato Grosso do Sul. As inscri\u00e7\u00f5es podem ser feitas at\u00e9 15 de novembro pelo site www.vale.com\/oportunidades. Esta edi\u00e7\u00e3o [&hellip;]","og_url":"https:\/\/aconteceunovale.com.br\/portal\/?p=72075","og_site_name":"Aconteceu no Vale","article_publisher":"https:\/\/www.facebook.com\/aconteceunovale\/","article_published_time":"2015-11-03T19:34:22+00:00","og_image":[{"width":640,"height":427,"url":"https:\/\/aconteceunovale.com.br\/portal\/wp-content\/uploads\/2013\/11\/estagio.jpg","type":"image\/jpeg"}],"author":"Reda\u00e7\u00e3o Aconteceu no Vale","twitter_card":"summary_large_image","twitter_creator":"@noticiadosvales","twitter_site":"@noticiadosvales","twitter_misc":{"Escrito por":"Reda\u00e7\u00e3o Aconteceu no Vale","Est. tempo de leitura":"2 minutos"},"schema":{"@context":"https:\/\/schema.org","@graph":[{"@type":"Article","@id":"https:\/\/aconteceunovale.com.br\/portal\/?p=72075#article","isPartOf":{"@id":"https:\/\/aconteceunovale.com.br\/portal\/?p=72075"},"author":{"name":"Reda\u00e7\u00e3o Aconteceu no Vale","@id":"https:\/\/aconteceunovale.com.br\/portal\/#\/schema\/person\/7d2f26d1483f8a63de73da1ee0754d35"},"headline":"Vale abre inscri\u00e7\u00f5es para Programa de Est\u00e1gio","datePublished":"2015-11-03T19:34:22+00:00","mainEntityOfPage":{"@id":"https:\/\/aconteceunovale.com.br\/portal\/?p=72075"},"wordCount":351,"commentCount":0,"image":{"@id":"https:\/\/aconteceunovale.com.br\/portal\/?p=72075#primaryimage"},"thumbnailUrl":"https:\/\/aconteceunovale.com.br\/portal\/wp-content\/uploads\/2013\/11\/estagio.jpg","keywords":["edital do est\u00e1gio da vale","Emprego na Vale","Est\u00e1gio da Vale","Est\u00e1gio na Vale","inscrever no est\u00e1gio da vale","inscri\u00e7\u00e3o no est\u00e1gio da vale","Programa de est\u00e1gio da Vale","programa est\u00e1gio da vale 2016","programa est\u00e1gio vale 2016","trabalho na Vale","Vale abre inscri\u00e7\u00f5es para Programa de Est\u00e1gio"],"articleSection":["Concursos","Empregos","Minas Gerais"],"inLanguage":"pt-BR","potentialAction":[{"@type":"CommentAction","name":"Comment","target":["https:\/\/aconteceunovale.com.br\/portal\/?p=72075#respond"]}]},{"@type":"WebPage","@id":"https:\/\/aconteceunovale.com.br\/portal\/?p=72075","url":"https:\/\/aconteceunovale.com.br\/portal\/?p=72075","name":"Vale abre inscri\u00e7\u00f5es para Programa de Est\u00e1gio - Aconteceu no Vale","isPartOf":{"@id":"https:\/\/aconteceunovale.com.br\/portal\/#website"},"primaryImageOfPage":{"@id":"https:\/\/aconteceunovale.com.br\/portal\/?p=72075#primaryimage"},"image":{"@id":"https:\/\/aconteceunovale.com.br\/portal\/?p=72075#primaryimage"},"thumbnailUrl":"https:\/\/aconteceunovale.com.br\/portal\/wp-content\/uploads\/2013\/11\/estagio.jpg","datePublished":"2015-11-03T19:34:22+00:00","author":{"@id":"https:\/\/aconteceunovale.com.br\/portal\/#\/schema\/person\/7d2f26d1483f8a63de73da1ee0754d35"},"breadcrumb":{"@id":"https:\/\/aconteceunovale.com.br\/portal\/?p=72075#breadcrumb"},"inLanguage":"pt-BR","potentialAction":[{"@type":"ReadAction","target":["https:\/\/aconteceunovale.com.br\/portal\/?p=72075"]}]},{"@type":"ImageObject","inLanguage":"pt-BR","@id":"https:\/\/aconteceunovale.com.br\/portal\/?p=72075#primaryimage","url":"https:\/\/aconteceunovale.com.br\/portal\/wp-content\/uploads\/2013\/11\/estagio.jpg","contentUrl":"https:\/\/aconteceunovale.com.br\/portal\/wp-content\/uploads\/2013\/11\/estagio.jpg","width":640,"height":427},{"@type":"BreadcrumbList","@id":"https:\/\/aconteceunovale.com.br\/portal\/?p=72075#breadcrumb","itemListElement":[{"@type":"ListItem","position":1,"name":"In\u00edcio","item":"https:\/\/aconteceunovale.com.br\/portal\/"},{"@type":"ListItem","position":2,"name":"Vale abre inscri\u00e7\u00f5es para Programa de Est\u00e1gio"}]},{"@type":"WebSite","@id":"https:\/\/aconteceunovale.com.br\/portal\/#website","url":"https:\/\/aconteceunovale.com.br\/portal\/","name":"Aconteceu no Vale","description":"Portal de Not\u00edcias","potentialAction":[{"@type":"SearchAction","target":{"@type":"EntryPoint","urlTemplate":"https:\/\/aconteceunovale.com.br\/portal\/?s={search_term_string}"},"query-input":{"@type":"PropertyValueSpecification","valueRequired":true,"valueName":"search_term_string"}}],"inLanguage":"pt-BR"},{"@type":"Person","@id":"https:\/\/aconteceunovale.com.br\/portal\/#\/schema\/person\/7d2f26d1483f8a63de73da1ee0754d35","name":"Reda\u00e7\u00e3o Aconteceu no Vale","description":"Equipe de reportagem do Aconteceu no Vale, portal de not\u00edcias do Vale do Jequitinhonha, em Minas Gerais. Cobrimos as 51 cidades do Vale desde 2013. Sugest\u00f5es de pauta e pedidos de corre\u00e7\u00e3o: contato@aconteceunovale.com.br","url":"https:\/\/aconteceunovale.com.br\/portal\/?author=4"}]}},"_links":{"self":[{"href":"https:\/\/aconteceunovale.com.br\/portal\/index.php?rest_route=\/wp\/v2\/posts\/72075","targetHints":{"allow":["GET"]}}],"collection":[{"href":"https:\/\/aconteceunovale.com.br\/portal\/index.php?rest_route=\/wp\/v2\/posts"}],"about":[{"href":"https:\/\/aconteceunovale.com.br\/portal\/index.php?rest_route=\/wp\/v2\/types\/post"}],"author":[{"embeddable":true,"href":"https:\/\/aconteceunovale.com.br\/portal\/index.php?rest_route=\/wp\/v2\/users\/4"}],"replies":[{"embeddable":true,"href":"https:\/\/aconteceunovale.com.br\/portal\/index.php?rest_route=%2Fwp%2Fv2%2Fcomments&post=72075"}],"version-history":[{"count":0,"href":"https:\/\/aconteceunovale.com.br\/portal\/index.php?rest_route=\/wp\/v2\/posts\/72075\/revisions"}],"wp:featuredmedia":[{"embeddable":true,"href":"https:\/\/aconteceunovale.com.br\/portal\/index.php?rest_route=\/wp\/v2\/media\/13948"}],"wp:attachment":[{"href":"https:\/\/aconteceunovale.com.br\/portal\/index.php?rest_route=%2Fwp%2Fv2%2Fmedia&parent=72075"}],"wp:term":[{"taxonomy":"category","embeddable":true,"href":"https:\/\/aconteceunovale.com.br\/portal\/index.php?rest_route=%2Fwp%2Fv2%2Fcategories&post=72075"},{"taxonomy":"post_tag","embeddable":true,"href":"https:\/\/aconteceunovale.com.br\/portal\/index.php?rest_route=%2Fwp%2Fv2%2Ftags&post=72075"}],"curies":[{"name":"wp","href":"https:\/\/api.w.org\/{rel}","templated":true}]}}