{"id":72064,"date":"2015-11-03T16:00:58","date_gmt":"2015-11-03T19:00:58","guid":{"rendered":"http:\/\/aconteceunovale.com.br\/portal\/?p=72064"},"modified":"2015-11-03T16:00:58","modified_gmt":"2015-11-03T19:00:58","slug":"minas-e-rio-criam-o-primeiro-trem-turistico-interestadual-do-brasil","status":"publish","type":"post","link":"https:\/\/aconteceunovale.com.br\/portal\/?p=72064","title":{"rendered":"Minas e Rio criam o primeiro trem tur\u00edstico interestadual do Brasil"},"content":{"rendered":"<p>Representantes pol\u00edticos, empres\u00e1rios, volunt\u00e1rios e autoridades de diversos setores dos estados do Rio de Janeiro e Minas Gerais se uniram para criar o primeiro trem tur\u00edstico interestadual do Brasil. Prevista para come\u00e7ar a circular no primeiro semestre do ano que vem (2016) e j\u00e1 batizada de Expresso Trem da Terra, a composi\u00e7\u00e3o ter\u00e1 duas locomotivas, quatro vag\u00f5es e dois carros-restaurantes.<\/p>\n<p>Os equipamentos, da d\u00e9cada de 1970, oriundos da F\u00e1brica Santa Matilde, est\u00e3o sem utilidade e foram cedidos pelo Departamento Nacional de Infraestrutura de Transportes (DNIT). Eles ser\u00e3o recuperados em parceria com a iniciativa privada.<\/p>\n<p><img decoding=\"async\" src=\"http:\/\/aconteceunovale.com.br\/portal\/wp-content\/uploads\/2015\/11\/trem_minas_rio_1.jpg\" alt=\"\" \/><em>Um dos vag\u00f5es do famoso Trem de Prata que passa por reforma, gra\u00e7as \u00e0 parceria entre a Oscip Trem Amigo e empres\u00e1rios. Vag\u00f5es de luxo estavam inoperantes desde 1998 &#8211; Foto: Divulga\u00e7\u00e3o \/ ONG Amigos do Trem<\/em><br \/>\n<\/br><\/p>\n<p>\u201cJ\u00e1 protocolamos o projeto t\u00e9cnico operacional no Minist\u00e9rio dos Transportes e na Ferrovia Centro-Atl\u00e2ntica (operada pelo VLI &#8211; Valor de Log\u00edstica Integrada, do Grupo Vale)\u201d, diz o presidente da Organiza\u00e7\u00e3o da Sociedade Civil de Interesse P\u00fablico (Oscip) Amigos do Trem, Paulo Henrique Nascimento, idealizador do projeto.<\/p>\n<p>Reuni\u00f5es est\u00e3o ocorrendo entre os prefeitos de oito cidades dos dois estados, empres\u00e1rios, a Inventarian\u00e7a da Rede Ferrovi\u00e1ria Federal, l\u00edderes dos governos estaduais, Associa\u00e7\u00e3o Brasileira de Preserva\u00e7\u00e3o Ferrovi\u00e1ria\\Porto Novo, Ag\u00eancia Nacional de Transportes Terrestres (ANTT) e DNIT, para agilizar o processo.<\/p>\n<p><img decoding=\"async\" src=\"http:\/\/aconteceunovale.com.br\/portal\/wp-content\/uploads\/2015\/11\/trem_minas_rio_2.jpg\" alt=\"\" \/><em>Paulo Henrique, Weder Silva e Carlos Guimar\u00e3es , da Amigos do Trem, na locomotiva a ser reformada &#8211; Foto: Divulga\u00e7\u00e3o \/ ONG Amigos do Trem<\/em><br \/>\n<\/br><\/p>\n<p>De acordo com Paulo Henrique, o Trem da Terra dever\u00e1 circular entre as cidades de Sapucaia e Tr\u00eas Rios, no Centro Sul Fluminense, Cataguases, Recreio, Leopoldina, Chiador, Al\u00e9m Para\u00edba e Volta Grande, em Minas. O trecho tem 187 quil\u00f4metros de malha ferrovi\u00e1ria explorada pela VLI, que, por\u00e9m, desde 31 de julho est\u00e1 inoperante, com o fim dos carregamentos de bauxita (um tipo de pedra) que eram feitos pela concession\u00e1ria.<\/p>\n<p>Estudos apontam que por viagem ser\u00e3o transportados at\u00e9 240 passageiros (60 em cada vag\u00e3o). O pre\u00e7o do passeio, que vai durar cinco horas, inicialmente s\u00f3 nos finais de semana, custar\u00e1 entre R$ 40 e R$ 50 por pessoa. \u201cNegocia\u00e7\u00f5es com empresas v\u00e3o propiciar a recupera\u00e7\u00e3o de cada vag\u00e3o por cerca de R$ 50 mil\u201d, adianta Paulo Henrique. Em n\u00edvel governamental, cada vag\u00e3o reformado sairia entre R$ 800 mil e R$ 1 milh\u00e3o.<\/p>\n<p>\u201cEstamos consolidando, juntos, sem vaidades, um grande projeto, que, al\u00e9m de interligar cidades dos dois estados, contribuir\u00e1 para alavancar o turismo, o desenvolvimento econ\u00f4mico e social, e a preserva\u00e7\u00e3o do patrim\u00f4nio p\u00fablico ferrovi\u00e1rio\u201d, resume o prefeito de Tr\u00eas Rios, Vinicius Farah.<\/p>\n<p><img decoding=\"async\" src=\"http:\/\/aconteceunovale.com.br\/portal\/wp-content\/uploads\/2015\/11\/trem_minas_rio_3.jpg\" alt=\"\" \/><em>Vag\u00f5es-restaurantes e de passageiros do luxuoso Trem de Prata, que est\u00e1 sendo reformado numa oficina em Juiz de Fora, Minas Gerais &#8211; Foto: Divulga\u00e7\u00e3o \/ ONG Amigos do Trem<\/em><br \/>\n<\/br><\/p>\n<p><strong>\u00d3rg\u00e3os reguladores ter\u00e3o que autorizar transporte de turistas<\/strong><\/p>\n<p>Em nota, a Ferrovia Centro-Atl\u00e2ntica informou, atrav\u00e9s do gerente de Rela\u00e7\u00f5es Institucionais da VLI, Jos\u00e9 Osvaldo Cruz, que est\u00e1 acompanhando os estudos para as cria\u00e7\u00e3o do Trem da Terra.<\/p>\n<p>A concession\u00e1ria, entretanto, alegou que possui concess\u00e3o \u201cexclusivamente para o transporte ferrovi\u00e1rio de cargas no ramal\u201d. O documento, por\u00e9m, destaca os esfor\u00e7os da empresa.<\/p>\n<p>\u201cVisando auxiliar os autores da iniciativa, a concession\u00e1ria repassou orienta\u00e7\u00f5es sobre projeto especifico para tal transporte (de passageiros) e obten\u00e7\u00e3o das autoriza\u00e7\u00f5es legais junto aos \u00f3rg\u00e3os reguladores do sistema\u201d, diz um trecho da nota.<\/p>\n<p>Durante as cinco horas de passeio, os turistas poder\u00e3o curtir paisagens, cachoeiras, fazendas, casarios hist\u00f3ricos, hidrel\u00e9tricas, lagos e a tranquilidade caracter\u00edstica das regi\u00f5es Centro Sul fluminense e Zona da Mata mineira.<\/p>\n<p><strong>Trem ter\u00e1 feira m\u00f3vel e vai gerar uns 500 empregos<\/strong><\/p>\n<p>O Expresso Trem da Terra, segundo a Oscip Amigos do Trem, vai gerar 500 empregos diretos e indiretos. \u201cS\u00e3o pessoas que v\u00e3o trabalhar no trem, na sua manuten\u00e7\u00e3o, nas esta\u00e7\u00f5es de embarque e desembarque, e nas lojas de artesanatos.<\/p>\n<p>O projeto fortalecer\u00e1 tamb\u00e9m a agricultura familiar e chamada Economia Solid\u00e1ria. Homens e mulheres do campo ter\u00e3o nos restaurantes do trem, uma feira m\u00f3vel, com artesanatos e produtos da culin\u00e1ria dos dois estados em estandes\u201d, adianta Paulo Henrique Nascimento.<\/p>\n<p>\u201cConsiderando o contexto de decl\u00ednio social e econ\u00f4mico das \u00faltimas d\u00e9cadas na regi\u00e3o, o Trem da Terra ajudar\u00e1 a recompor o cen\u00e1rio econ\u00f4mico\u201d, diz, otimista, o prefeito Fernando Donzeles, de Al\u00e9m Para\u00edba (MG), lembrando que as esta\u00e7\u00f5es ser\u00e3o transformadas em pontos de com\u00e9rcio e atra\u00e7\u00f5es culturais.<\/p>\n<p><strong>Mais dois ramais para turismo ser\u00e3o reativados no Estado do Rio<\/strong><\/p>\n<p>Trens necessitando de reformas para entrar em opera\u00e7\u00e3o n\u00e3o faltam. Segundo a Oscip Amigos do Trem, h\u00e1 centenas espalhados no Pa\u00eds. \u201cA Uni\u00e3o nunca esteve t\u00e3o intereressada na reativa\u00e7\u00e3o deles, por isso temos insistido em parcerias\u201d, ressalta Paulo Henrique.<\/p>\n<p>Gra\u00e7as \u00e0 parcerias, uma luxuosa Litorina (vag\u00e3o com motor pr\u00f3prio), fabricada nos Estados Unidos h\u00e1 57 anos, foi reformada e entrar\u00e1 em opera\u00e7\u00e3o no final do ano em Miguel Pereira, no Sul fluminense.<\/p>\n<p>Outra composi\u00e7\u00e3o, o famoso Trem de Prata, que, por 40 anos ligou S\u00e3o Paulo ao Rio e parou em 1998, tamb\u00e9m est\u00e1 sendo reformada. Os vag\u00f5e t\u00eam poltronas individuais e cabines-dormit\u00f3rios, como um hotel.<\/p>\n<p>O governador Luiz Fern do Pez\u00e3o autorizou estudos para a utiliza\u00e7\u00e3o do Trem de Prata na poss\u00edvel reativa\u00e7\u00e3o de mais dois circuitos para lazer lazer, ligando Miguel Pereira, Vassouras, Paty do Alferes e Para\u00edba do Sul, e entre L\u00eddice (Rio Claro) e Angra dos Reis.<\/p>\n<p><em>(Fonte: O Dia Rio \/ IG)<\/em><\/p>\n","protected":false},"excerpt":{"rendered":"<p>Representantes pol\u00edticos, empres\u00e1rios, volunt\u00e1rios e autoridades de diversos setores dos estados do Rio de Janeiro e Minas Gerais se uniram para criar o primeiro trem tur\u00edstico interestadual do Brasil. Prevista para come\u00e7ar a circular no primeiro semestre do ano que vem (2016) e j\u00e1 batizada de Expresso Trem da Terra, a composi\u00e7\u00e3o ter\u00e1 duas locomotivas, [&hellip;]<\/p>\n","protected":false},"author":4,"featured_media":72066,"comment_status":"open","ping_status":"closed","sticky":false,"template":"","format":"standard","meta":{"amp_status":"","footnotes":""},"categories":[123],"tags":[3677,1503,1578,1018,64954,208,64963,64958,64953,1605,64960,64957,64959,64956,64955,64961,64962],"class_list":["post-72064","post","type-post","status-publish","format-standard","has-post-thumbnail","hentry","category-gerais","tag-alem-paraiba","tag-cataguases","tag-chiador","tag-destaque","tag-expresso-trem-da-terra","tag-leopoldina","tag-minas-e-rio-criam-o-primeiro-trem-turistico-interestadual-do-brasil","tag-oscip-trem-amigo","tag-primeiro-trem-turistico-interestadual-do-brasil","tag-recreio","tag-sapucaia","tag-trem-de-passageiros-entre-minas-e-rio","tag-trem-de-prata","tag-trem-entre-minas-e-rio","tag-trem-entre-rio-e-minas","tag-tres-rios","tag-volta-grande"],"yoast_head":"<!-- This site is optimized with the Yoast SEO plugin v28.3 - https:\/\/yoast.com\/product\/yoast-seo-wordpress\/ -->\n<title>Minas e Rio criam o primeiro trem tur\u00edstico interestadual do Brasil - Aconteceu no Vale<\/title>\n<meta name=\"robots\" content=\"index, follow, max-snippet:-1, max-image-preview:large, max-video-preview:-1\" \/>\n<link rel=\"canonical\" href=\"https:\/\/aconteceunovale.com.br\/portal\/?p=72064\" \/>\n<meta property=\"og:locale\" content=\"pt_BR\" \/>\n<meta property=\"og:type\" content=\"article\" \/>\n<meta property=\"og:title\" content=\"Minas e Rio criam o primeiro trem tur\u00edstico interestadual do Brasil - Aconteceu no Vale\" \/>\n<meta property=\"og:description\" content=\"Representantes pol\u00edticos, empres\u00e1rios, volunt\u00e1rios e autoridades de diversos setores dos estados do Rio de Janeiro e Minas Gerais se uniram para criar o primeiro trem tur\u00edstico interestadual do Brasil. Prevista para come\u00e7ar a circular no primeiro semestre do ano que vem (2016) e j\u00e1 batizada de Expresso Trem da Terra, a composi\u00e7\u00e3o ter\u00e1 duas locomotivas, [&hellip;]\" \/>\n<meta property=\"og:url\" content=\"https:\/\/aconteceunovale.com.br\/portal\/?p=72064\" \/>\n<meta property=\"og:site_name\" content=\"Aconteceu no Vale\" \/>\n<meta property=\"article:publisher\" content=\"https:\/\/www.facebook.com\/aconteceunovale\/\" \/>\n<meta property=\"article:published_time\" content=\"2015-11-03T19:00:58+00:00\" \/>\n<meta property=\"og:image\" content=\"https:\/\/aconteceunovale.com.br\/portal\/wp-content\/uploads\/2015\/11\/trem_minas_rio_2.jpg\" \/>\n\t<meta property=\"og:image:width\" content=\"620\" \/>\n\t<meta property=\"og:image:height\" content=\"415\" \/>\n\t<meta property=\"og:image:type\" content=\"image\/jpeg\" \/>\n<meta name=\"author\" content=\"Reda\u00e7\u00e3o Aconteceu no Vale\" \/>\n<meta name=\"twitter:card\" content=\"summary_large_image\" \/>\n<meta name=\"twitter:creator\" content=\"@noticiadosvales\" \/>\n<meta name=\"twitter:site\" content=\"@noticiadosvales\" \/>\n<meta name=\"twitter:label1\" content=\"Escrito por\" \/>\n\t<meta name=\"twitter:data1\" content=\"Reda\u00e7\u00e3o Aconteceu no Vale\" \/>\n\t<meta name=\"twitter:label2\" content=\"Est. tempo de leitura\" \/>\n\t<meta name=\"twitter:data2\" content=\"5 minutos\" \/>\n<script type=\"application\/ld+json\" class=\"yoast-schema-graph\">{\"@context\":\"https:\\\/\\\/schema.org\",\"@graph\":[{\"@type\":\"Article\",\"@id\":\"https:\\\/\\\/aconteceunovale.com.br\\\/portal\\\/?p=72064#article\",\"isPartOf\":{\"@id\":\"https:\\\/\\\/aconteceunovale.com.br\\\/portal\\\/?p=72064\"},\"author\":{\"name\":\"Reda\u00e7\u00e3o Aconteceu no Vale\",\"@id\":\"https:\\\/\\\/aconteceunovale.com.br\\\/portal\\\/#\\\/schema\\\/person\\\/7d2f26d1483f8a63de73da1ee0754d35\"},\"headline\":\"Minas e Rio criam o primeiro trem tur\u00edstico interestadual do Brasil\",\"datePublished\":\"2015-11-03T19:00:58+00:00\",\"mainEntityOfPage\":{\"@id\":\"https:\\\/\\\/aconteceunovale.com.br\\\/portal\\\/?p=72064\"},\"wordCount\":997,\"commentCount\":0,\"image\":{\"@id\":\"https:\\\/\\\/aconteceunovale.com.br\\\/portal\\\/?p=72064#primaryimage\"},\"thumbnailUrl\":\"https:\\\/\\\/aconteceunovale.com.br\\\/portal\\\/wp-content\\\/uploads\\\/2015\\\/11\\\/trem_minas_rio_2.jpg\",\"keywords\":[\"Al\u00e9m Para\u00edba\",\"Cataguases\",\"Chiador\",\"destaque\",\"Expresso Trem da Terra\",\"Leopoldina\",\"Minas e Rio criam o primeiro trem tur\u00edstico interestadual do Brasil\",\"Oscip Trem Amigo\",\"primeiro trem tur\u00edstico interestadual do Brasil\",\"Recreio\",\"Sapucaia\",\"trem de passageiros entre minas e rio\",\"Trem de Prata\",\"trem entre minas e rio\",\"Trem entre rio e minas\",\"Tr\u00eas Rios\",\"Volta Grande\"],\"articleSection\":[\"Minas Gerais\"],\"inLanguage\":\"pt-BR\",\"potentialAction\":[{\"@type\":\"CommentAction\",\"name\":\"Comment\",\"target\":[\"https:\\\/\\\/aconteceunovale.com.br\\\/portal\\\/?p=72064#respond\"]}]},{\"@type\":\"WebPage\",\"@id\":\"https:\\\/\\\/aconteceunovale.com.br\\\/portal\\\/?p=72064\",\"url\":\"https:\\\/\\\/aconteceunovale.com.br\\\/portal\\\/?p=72064\",\"name\":\"Minas e Rio criam o primeiro trem tur\u00edstico interestadual do Brasil - Aconteceu no Vale\",\"isPartOf\":{\"@id\":\"https:\\\/\\\/aconteceunovale.com.br\\\/portal\\\/#website\"},\"primaryImageOfPage\":{\"@id\":\"https:\\\/\\\/aconteceunovale.com.br\\\/portal\\\/?p=72064#primaryimage\"},\"image\":{\"@id\":\"https:\\\/\\\/aconteceunovale.com.br\\\/portal\\\/?p=72064#primaryimage\"},\"thumbnailUrl\":\"https:\\\/\\\/aconteceunovale.com.br\\\/portal\\\/wp-content\\\/uploads\\\/2015\\\/11\\\/trem_minas_rio_2.jpg\",\"datePublished\":\"2015-11-03T19:00:58+00:00\",\"author\":{\"@id\":\"https:\\\/\\\/aconteceunovale.com.br\\\/portal\\\/#\\\/schema\\\/person\\\/7d2f26d1483f8a63de73da1ee0754d35\"},\"breadcrumb\":{\"@id\":\"https:\\\/\\\/aconteceunovale.com.br\\\/portal\\\/?p=72064#breadcrumb\"},\"inLanguage\":\"pt-BR\",\"potentialAction\":[{\"@type\":\"ReadAction\",\"target\":[\"https:\\\/\\\/aconteceunovale.com.br\\\/portal\\\/?p=72064\"]}]},{\"@type\":\"ImageObject\",\"inLanguage\":\"pt-BR\",\"@id\":\"https:\\\/\\\/aconteceunovale.com.br\\\/portal\\\/?p=72064#primaryimage\",\"url\":\"https:\\\/\\\/aconteceunovale.com.br\\\/portal\\\/wp-content\\\/uploads\\\/2015\\\/11\\\/trem_minas_rio_2.jpg\",\"contentUrl\":\"https:\\\/\\\/aconteceunovale.com.br\\\/portal\\\/wp-content\\\/uploads\\\/2015\\\/11\\\/trem_minas_rio_2.jpg\",\"width\":620,\"height\":415},{\"@type\":\"BreadcrumbList\",\"@id\":\"https:\\\/\\\/aconteceunovale.com.br\\\/portal\\\/?p=72064#breadcrumb\",\"itemListElement\":[{\"@type\":\"ListItem\",\"position\":1,\"name\":\"In\u00edcio\",\"item\":\"https:\\\/\\\/aconteceunovale.com.br\\\/portal\\\/\"},{\"@type\":\"ListItem\",\"position\":2,\"name\":\"Minas e Rio criam o primeiro trem tur\u00edstico interestadual do Brasil\"}]},{\"@type\":\"WebSite\",\"@id\":\"https:\\\/\\\/aconteceunovale.com.br\\\/portal\\\/#website\",\"url\":\"https:\\\/\\\/aconteceunovale.com.br\\\/portal\\\/\",\"name\":\"Aconteceu no Vale\",\"description\":\"Portal de Not\u00edcias\",\"potentialAction\":[{\"@type\":\"SearchAction\",\"target\":{\"@type\":\"EntryPoint\",\"urlTemplate\":\"https:\\\/\\\/aconteceunovale.com.br\\\/portal\\\/?s={search_term_string}\"},\"query-input\":{\"@type\":\"PropertyValueSpecification\",\"valueRequired\":true,\"valueName\":\"search_term_string\"}}],\"inLanguage\":\"pt-BR\"},{\"@type\":\"Person\",\"@id\":\"https:\\\/\\\/aconteceunovale.com.br\\\/portal\\\/#\\\/schema\\\/person\\\/7d2f26d1483f8a63de73da1ee0754d35\",\"name\":\"Reda\u00e7\u00e3o Aconteceu no Vale\",\"description\":\"Equipe de reportagem do Aconteceu no Vale, portal de not\u00edcias do Vale do Jequitinhonha, em Minas Gerais. Cobrimos as 51 cidades do Vale desde 2013. Sugest\u00f5es de pauta e pedidos de corre\u00e7\u00e3o: contato@aconteceunovale.com.br\",\"url\":\"https:\\\/\\\/aconteceunovale.com.br\\\/portal\\\/?author=4\"}]}<\/script>\n<!-- \/ Yoast SEO plugin. -->","yoast_head_json":{"title":"Minas e Rio criam o primeiro trem tur\u00edstico interestadual do Brasil - Aconteceu no Vale","robots":{"index":"index","follow":"follow","max-snippet":"max-snippet:-1","max-image-preview":"max-image-preview:large","max-video-preview":"max-video-preview:-1"},"canonical":"https:\/\/aconteceunovale.com.br\/portal\/?p=72064","og_locale":"pt_BR","og_type":"article","og_title":"Minas e Rio criam o primeiro trem tur\u00edstico interestadual do Brasil - Aconteceu no Vale","og_description":"Representantes pol\u00edticos, empres\u00e1rios, volunt\u00e1rios e autoridades de diversos setores dos estados do Rio de Janeiro e Minas Gerais se uniram para criar o primeiro trem tur\u00edstico interestadual do Brasil. Prevista para come\u00e7ar a circular no primeiro semestre do ano que vem (2016) e j\u00e1 batizada de Expresso Trem da Terra, a composi\u00e7\u00e3o ter\u00e1 duas locomotivas, [&hellip;]","og_url":"https:\/\/aconteceunovale.com.br\/portal\/?p=72064","og_site_name":"Aconteceu no Vale","article_publisher":"https:\/\/www.facebook.com\/aconteceunovale\/","article_published_time":"2015-11-03T19:00:58+00:00","og_image":[{"width":620,"height":415,"url":"https:\/\/aconteceunovale.com.br\/portal\/wp-content\/uploads\/2015\/11\/trem_minas_rio_2.jpg","type":"image\/jpeg"}],"author":"Reda\u00e7\u00e3o Aconteceu no Vale","twitter_card":"summary_large_image","twitter_creator":"@noticiadosvales","twitter_site":"@noticiadosvales","twitter_misc":{"Escrito por":"Reda\u00e7\u00e3o Aconteceu no Vale","Est. tempo de leitura":"5 minutos"},"schema":{"@context":"https:\/\/schema.org","@graph":[{"@type":"Article","@id":"https:\/\/aconteceunovale.com.br\/portal\/?p=72064#article","isPartOf":{"@id":"https:\/\/aconteceunovale.com.br\/portal\/?p=72064"},"author":{"name":"Reda\u00e7\u00e3o Aconteceu no Vale","@id":"https:\/\/aconteceunovale.com.br\/portal\/#\/schema\/person\/7d2f26d1483f8a63de73da1ee0754d35"},"headline":"Minas e Rio criam o primeiro trem tur\u00edstico interestadual do Brasil","datePublished":"2015-11-03T19:00:58+00:00","mainEntityOfPage":{"@id":"https:\/\/aconteceunovale.com.br\/portal\/?p=72064"},"wordCount":997,"commentCount":0,"image":{"@id":"https:\/\/aconteceunovale.com.br\/portal\/?p=72064#primaryimage"},"thumbnailUrl":"https:\/\/aconteceunovale.com.br\/portal\/wp-content\/uploads\/2015\/11\/trem_minas_rio_2.jpg","keywords":["Al\u00e9m Para\u00edba","Cataguases","Chiador","destaque","Expresso Trem da Terra","Leopoldina","Minas e Rio criam o primeiro trem tur\u00edstico interestadual do Brasil","Oscip Trem Amigo","primeiro trem tur\u00edstico interestadual do Brasil","Recreio","Sapucaia","trem de passageiros entre minas e rio","Trem de Prata","trem entre minas e rio","Trem entre rio e minas","Tr\u00eas Rios","Volta Grande"],"articleSection":["Minas Gerais"],"inLanguage":"pt-BR","potentialAction":[{"@type":"CommentAction","name":"Comment","target":["https:\/\/aconteceunovale.com.br\/portal\/?p=72064#respond"]}]},{"@type":"WebPage","@id":"https:\/\/aconteceunovale.com.br\/portal\/?p=72064","url":"https:\/\/aconteceunovale.com.br\/portal\/?p=72064","name":"Minas e Rio criam o primeiro trem tur\u00edstico interestadual do Brasil - Aconteceu no Vale","isPartOf":{"@id":"https:\/\/aconteceunovale.com.br\/portal\/#website"},"primaryImageOfPage":{"@id":"https:\/\/aconteceunovale.com.br\/portal\/?p=72064#primaryimage"},"image":{"@id":"https:\/\/aconteceunovale.com.br\/portal\/?p=72064#primaryimage"},"thumbnailUrl":"https:\/\/aconteceunovale.com.br\/portal\/wp-content\/uploads\/2015\/11\/trem_minas_rio_2.jpg","datePublished":"2015-11-03T19:00:58+00:00","author":{"@id":"https:\/\/aconteceunovale.com.br\/portal\/#\/schema\/person\/7d2f26d1483f8a63de73da1ee0754d35"},"breadcrumb":{"@id":"https:\/\/aconteceunovale.com.br\/portal\/?p=72064#breadcrumb"},"inLanguage":"pt-BR","potentialAction":[{"@type":"ReadAction","target":["https:\/\/aconteceunovale.com.br\/portal\/?p=72064"]}]},{"@type":"ImageObject","inLanguage":"pt-BR","@id":"https:\/\/aconteceunovale.com.br\/portal\/?p=72064#primaryimage","url":"https:\/\/aconteceunovale.com.br\/portal\/wp-content\/uploads\/2015\/11\/trem_minas_rio_2.jpg","contentUrl":"https:\/\/aconteceunovale.com.br\/portal\/wp-content\/uploads\/2015\/11\/trem_minas_rio_2.jpg","width":620,"height":415},{"@type":"BreadcrumbList","@id":"https:\/\/aconteceunovale.com.br\/portal\/?p=72064#breadcrumb","itemListElement":[{"@type":"ListItem","position":1,"name":"In\u00edcio","item":"https:\/\/aconteceunovale.com.br\/portal\/"},{"@type":"ListItem","position":2,"name":"Minas e Rio criam o primeiro trem tur\u00edstico interestadual do Brasil"}]},{"@type":"WebSite","@id":"https:\/\/aconteceunovale.com.br\/portal\/#website","url":"https:\/\/aconteceunovale.com.br\/portal\/","name":"Aconteceu no Vale","description":"Portal de Not\u00edcias","potentialAction":[{"@type":"SearchAction","target":{"@type":"EntryPoint","urlTemplate":"https:\/\/aconteceunovale.com.br\/portal\/?s={search_term_string}"},"query-input":{"@type":"PropertyValueSpecification","valueRequired":true,"valueName":"search_term_string"}}],"inLanguage":"pt-BR"},{"@type":"Person","@id":"https:\/\/aconteceunovale.com.br\/portal\/#\/schema\/person\/7d2f26d1483f8a63de73da1ee0754d35","name":"Reda\u00e7\u00e3o Aconteceu no Vale","description":"Equipe de reportagem do Aconteceu no Vale, portal de not\u00edcias do Vale do Jequitinhonha, em Minas Gerais. Cobrimos as 51 cidades do Vale desde 2013. Sugest\u00f5es de pauta e pedidos de corre\u00e7\u00e3o: contato@aconteceunovale.com.br","url":"https:\/\/aconteceunovale.com.br\/portal\/?author=4"}]}},"_links":{"self":[{"href":"https:\/\/aconteceunovale.com.br\/portal\/index.php?rest_route=\/wp\/v2\/posts\/72064","targetHints":{"allow":["GET"]}}],"collection":[{"href":"https:\/\/aconteceunovale.com.br\/portal\/index.php?rest_route=\/wp\/v2\/posts"}],"about":[{"href":"https:\/\/aconteceunovale.com.br\/portal\/index.php?rest_route=\/wp\/v2\/types\/post"}],"author":[{"embeddable":true,"href":"https:\/\/aconteceunovale.com.br\/portal\/index.php?rest_route=\/wp\/v2\/users\/4"}],"replies":[{"embeddable":true,"href":"https:\/\/aconteceunovale.com.br\/portal\/index.php?rest_route=%2Fwp%2Fv2%2Fcomments&post=72064"}],"version-history":[{"count":0,"href":"https:\/\/aconteceunovale.com.br\/portal\/index.php?rest_route=\/wp\/v2\/posts\/72064\/revisions"}],"wp:featuredmedia":[{"embeddable":true,"href":"https:\/\/aconteceunovale.com.br\/portal\/index.php?rest_route=\/wp\/v2\/media\/72066"}],"wp:attachment":[{"href":"https:\/\/aconteceunovale.com.br\/portal\/index.php?rest_route=%2Fwp%2Fv2%2Fmedia&parent=72064"}],"wp:term":[{"taxonomy":"category","embeddable":true,"href":"https:\/\/aconteceunovale.com.br\/portal\/index.php?rest_route=%2Fwp%2Fv2%2Fcategories&post=72064"},{"taxonomy":"post_tag","embeddable":true,"href":"https:\/\/aconteceunovale.com.br\/portal\/index.php?rest_route=%2Fwp%2Fv2%2Ftags&post=72064"}],"curies":[{"name":"wp","href":"https:\/\/api.w.org\/{rel}","templated":true}]}}