{"id":72062,"date":"2015-11-03T15:44:43","date_gmt":"2015-11-03T18:44:43","guid":{"rendered":"http:\/\/aconteceunovale.com.br\/portal\/?p=72062"},"modified":"2026-09-02T11:45:48","modified_gmt":"2026-09-02T14:45:48","slug":"quatro-ruas-de-capelinha-terao-desligamento-programado-de-energia-no-dia-5-de-novembro","status":"publish","type":"post","link":"https:\/\/aconteceunovale.com.br\/portal\/?p=72062","title":{"rendered":"Quatro ruas de Capelinha ter\u00e3o desligamento programado de energia no dia 5 de novembro"},"content":{"rendered":"<p>A Companhia Energ\u00e9tica de Minas Gerais (CEMIG) informa que na pr\u00f3xima quinta-feira (05\/11\/2015), vai instalar um novo  transformador na Rede de Distribui\u00e7\u00e3o Urbana (RDU) de Capelinha. Esta obra vai tornar a rede mais segura, garantindo uma maior confiabilidade no fornecimento de energia para a popula\u00e7\u00e3o, a ind\u00fastria e o com\u00e9rcio local, al\u00e9m de possibilitar o acr\u00e9scimo de novas cargas.<\/p>\n<p>Para executar esse trabalho com seguran\u00e7a, ser\u00e1 necess\u00e1rio interromper o fornecimento de energia de 7h30min \u00e0s 11h30min, nos seguintes endere\u00e7os:<\/p>\n<p>&#8211; Anel Rodovi\u00e1rio, entre os n\u00fameros 46 e 1200, Centro<\/p>\n<p>&#8211; Rua Rio Branco, n\u00famero 1255<\/p>\n<p>&#8211; Rua Jos\u00e9 Pr\u00edncipe, entre os n\u00fameros 2 e 100, Centro<\/p>\n<p>&#8211; Rua Jos\u00e9 Prisco, entre os n\u00fameros 30 e 111, Planalto<\/p>\n<p>Durante esse per\u00edodo, caso precise executar algum servi\u00e7o na instala\u00e7\u00e3o el\u00e9trica interna, o consumidor dever\u00e1 desligar antes a chave geral (disjuntor) para sua seguran\u00e7a.<\/p>\n<p>A empresa esclarece que em fun\u00e7\u00e3o da complexidade dos servi\u00e7os a serem executados poder\u00e1 ocorrer atraso no hor\u00e1rio previsto ou cancelamento deste desligamento sem aviso pr\u00e9vio. Por medida de seguran\u00e7a todos os equipamentos devem ser considerados energizados durante o per\u00edodo mencionado. Caso os servi\u00e7os de melhoria sejam conclu\u00eddos antes do hor\u00e1rio indicado o fornecimento de energia el\u00e9trica ser\u00e1 restabelecido.<\/p>\n","protected":false},"excerpt":{"rendered":"<p>A Companhia Energ\u00e9tica de Minas Gerais (CEMIG) informa que na pr\u00f3xima quinta-feira (05\/11\/2015), vai instalar um novo transformador na Rede de Distribui\u00e7\u00e3o Urbana (RDU) de Capelinha. Esta obra vai tornar a rede mais segura, garantindo uma maior confiabilidade no fornecimento de energia para a popula\u00e7\u00e3o, a ind\u00fastria e o com\u00e9rcio local, al\u00e9m de possibilitar o [&hellip;]<\/p>\n","protected":false},"author":4,"featured_media":63386,"comment_status":"open","ping_status":"closed","sticky":false,"template":"","format":"standard","meta":{"amp_status":"","footnotes":""},"categories":[272535,120],"tags":[64952,51323,132,62221,7440,54296,64950,64951,26910,51324,27740,64949,48241],"class_list":["post-72062","post","type-post","status-publish","format-standard","has-post-thumbnail","hentry","category-capelinha","category-jequi","tag-apagao-em-capelinha","tag-aviso-cemig-capelinha","tag-capelinha","tag-capelinha-aviso-cemig","tag-cemig-realiza-obras-de-melhoria-na-rede-eletrica-de-capelinha","tag-desligamento-de-energia-em-capelinha","tag-desligamento-programado","tag-desligamento-programado-em-capelinha","tag-falta-de-energia-em-capelinha","tag-obras-de-melhoria-na-rede-eletrica-de-capelinha","tag-obras-na-rede-eletrica-de-capelinha","tag-quatro-ruas-de-capelinha-terao-desligamento-programado-de-energia-no-dia-5-de-novembro","tag-queda-de-energia-em-capelinha"],"yoast_head":"<!-- This site is optimized with the Yoast SEO plugin v28.3 - https:\/\/yoast.com\/product\/yoast-seo-wordpress\/ -->\n<title>Quatro ruas de Capelinha ter\u00e3o desligamento programado de energia no dia 5 de novembro - Aconteceu no Vale<\/title>\n<meta name=\"robots\" content=\"index, follow, max-snippet:-1, max-image-preview:large, max-video-preview:-1\" \/>\n<link rel=\"canonical\" href=\"https:\/\/aconteceunovale.com.br\/portal\/?p=72062\" \/>\n<meta property=\"og:locale\" content=\"pt_BR\" \/>\n<meta property=\"og:type\" content=\"article\" \/>\n<meta property=\"og:title\" content=\"Quatro ruas de Capelinha ter\u00e3o desligamento programado de energia no dia 5 de novembro - Aconteceu no Vale\" \/>\n<meta property=\"og:description\" content=\"A Companhia Energ\u00e9tica de Minas Gerais (CEMIG) informa que na pr\u00f3xima quinta-feira (05\/11\/2015), vai instalar um novo transformador na Rede de Distribui\u00e7\u00e3o Urbana (RDU) de Capelinha. Esta obra vai tornar a rede mais segura, garantindo uma maior confiabilidade no fornecimento de energia para a popula\u00e7\u00e3o, a ind\u00fastria e o com\u00e9rcio local, al\u00e9m de possibilitar o [&hellip;]\" \/>\n<meta property=\"og:url\" content=\"https:\/\/aconteceunovale.com.br\/portal\/?p=72062\" \/>\n<meta property=\"og:site_name\" content=\"Aconteceu no Vale\" \/>\n<meta property=\"article:publisher\" content=\"https:\/\/www.facebook.com\/aconteceunovale\/\" \/>\n<meta property=\"article:published_time\" content=\"2015-11-03T18:44:43+00:00\" \/>\n<meta property=\"article:modified_time\" content=\"2026-09-02T14:45:48+00:00\" \/>\n<meta property=\"og:image\" content=\"https:\/\/aconteceunovale.com.br\/portal\/wp-content\/uploads\/2015\/07\/capelinha_mg.jpg\" \/>\n\t<meta property=\"og:image:width\" content=\"600\" \/>\n\t<meta property=\"og:image:height\" content=\"450\" \/>\n\t<meta property=\"og:image:type\" content=\"image\/jpeg\" \/>\n<meta name=\"author\" content=\"Reda\u00e7\u00e3o Aconteceu no Vale\" \/>\n<meta name=\"twitter:card\" content=\"summary_large_image\" \/>\n<meta name=\"twitter:creator\" content=\"@noticiadosvales\" \/>\n<meta name=\"twitter:site\" content=\"@noticiadosvales\" \/>\n<meta name=\"twitter:label1\" content=\"Escrito por\" \/>\n\t<meta name=\"twitter:data1\" content=\"Reda\u00e7\u00e3o Aconteceu no Vale\" \/>\n\t<meta name=\"twitter:label2\" content=\"Est. tempo de leitura\" \/>\n\t<meta name=\"twitter:data2\" content=\"1 minuto\" \/>\n<script type=\"application\/ld+json\" class=\"yoast-schema-graph\">{\"@context\":\"https:\\\/\\\/schema.org\",\"@graph\":[{\"@type\":\"Article\",\"@id\":\"https:\\\/\\\/aconteceunovale.com.br\\\/portal\\\/?p=72062#article\",\"isPartOf\":{\"@id\":\"https:\\\/\\\/aconteceunovale.com.br\\\/portal\\\/?p=72062\"},\"author\":{\"name\":\"Reda\u00e7\u00e3o Aconteceu no Vale\",\"@id\":\"https:\\\/\\\/aconteceunovale.com.br\\\/portal\\\/#\\\/schema\\\/person\\\/7d2f26d1483f8a63de73da1ee0754d35\"},\"headline\":\"Quatro ruas de Capelinha ter\u00e3o desligamento programado de energia no dia 5 de novembro\",\"datePublished\":\"2015-11-03T18:44:43+00:00\",\"dateModified\":\"2026-09-02T14:45:48+00:00\",\"mainEntityOfPage\":{\"@id\":\"https:\\\/\\\/aconteceunovale.com.br\\\/portal\\\/?p=72062\"},\"wordCount\":240,\"commentCount\":0,\"image\":{\"@id\":\"https:\\\/\\\/aconteceunovale.com.br\\\/portal\\\/?p=72062#primaryimage\"},\"thumbnailUrl\":\"https:\\\/\\\/aconteceunovale.com.br\\\/portal\\\/wp-content\\\/uploads\\\/2015\\\/07\\\/capelinha_mg.jpg\",\"keywords\":[\"apag\u00e3o em capelinha\",\"aviso cemig capelinha\",\"Capelinha\",\"Capelinha Aviso Cemig\",\"Cemig realiza obras de melhoria na rede el\u00e9trica de Capelinha\",\"desligamento de energia em capelinha\",\"desligamento programado\",\"desligamento programado em capelinha\",\"falta de energia em capelinha\",\"obras de melhoria na rede el\u00e9trica de Capelinha\",\"obras na rede el\u00e9trica de capelinha\",\"Quatro ruas de Capelinha ter\u00e3o desligamento programado de energia no dia 5 de novembro\",\"queda de energia em capelinha\"],\"articleSection\":[\"Capelinha\",\"Vale do Jequitinhonha\"],\"inLanguage\":\"pt-BR\",\"potentialAction\":[{\"@type\":\"CommentAction\",\"name\":\"Comment\",\"target\":[\"https:\\\/\\\/aconteceunovale.com.br\\\/portal\\\/?p=72062#respond\"]}]},{\"@type\":\"WebPage\",\"@id\":\"https:\\\/\\\/aconteceunovale.com.br\\\/portal\\\/?p=72062\",\"url\":\"https:\\\/\\\/aconteceunovale.com.br\\\/portal\\\/?p=72062\",\"name\":\"Quatro ruas de Capelinha ter\u00e3o desligamento programado de energia no dia 5 de novembro - Aconteceu no Vale\",\"isPartOf\":{\"@id\":\"https:\\\/\\\/aconteceunovale.com.br\\\/portal\\\/#website\"},\"primaryImageOfPage\":{\"@id\":\"https:\\\/\\\/aconteceunovale.com.br\\\/portal\\\/?p=72062#primaryimage\"},\"image\":{\"@id\":\"https:\\\/\\\/aconteceunovale.com.br\\\/portal\\\/?p=72062#primaryimage\"},\"thumbnailUrl\":\"https:\\\/\\\/aconteceunovale.com.br\\\/portal\\\/wp-content\\\/uploads\\\/2015\\\/07\\\/capelinha_mg.jpg\",\"datePublished\":\"2015-11-03T18:44:43+00:00\",\"dateModified\":\"2026-09-02T14:45:48+00:00\",\"author\":{\"@id\":\"https:\\\/\\\/aconteceunovale.com.br\\\/portal\\\/#\\\/schema\\\/person\\\/7d2f26d1483f8a63de73da1ee0754d35\"},\"breadcrumb\":{\"@id\":\"https:\\\/\\\/aconteceunovale.com.br\\\/portal\\\/?p=72062#breadcrumb\"},\"inLanguage\":\"pt-BR\",\"potentialAction\":[{\"@type\":\"ReadAction\",\"target\":[\"https:\\\/\\\/aconteceunovale.com.br\\\/portal\\\/?p=72062\"]}]},{\"@type\":\"ImageObject\",\"inLanguage\":\"pt-BR\",\"@id\":\"https:\\\/\\\/aconteceunovale.com.br\\\/portal\\\/?p=72062#primaryimage\",\"url\":\"https:\\\/\\\/aconteceunovale.com.br\\\/portal\\\/wp-content\\\/uploads\\\/2015\\\/07\\\/capelinha_mg.jpg\",\"contentUrl\":\"https:\\\/\\\/aconteceunovale.com.br\\\/portal\\\/wp-content\\\/uploads\\\/2015\\\/07\\\/capelinha_mg.jpg\",\"width\":600,\"height\":450},{\"@type\":\"BreadcrumbList\",\"@id\":\"https:\\\/\\\/aconteceunovale.com.br\\\/portal\\\/?p=72062#breadcrumb\",\"itemListElement\":[{\"@type\":\"ListItem\",\"position\":1,\"name\":\"In\u00edcio\",\"item\":\"https:\\\/\\\/aconteceunovale.com.br\\\/portal\\\/\"},{\"@type\":\"ListItem\",\"position\":2,\"name\":\"Quatro ruas de Capelinha ter\u00e3o desligamento programado de energia no dia 5 de novembro\"}]},{\"@type\":\"WebSite\",\"@id\":\"https:\\\/\\\/aconteceunovale.com.br\\\/portal\\\/#website\",\"url\":\"https:\\\/\\\/aconteceunovale.com.br\\\/portal\\\/\",\"name\":\"Aconteceu no Vale\",\"description\":\"Portal de Not\u00edcias\",\"potentialAction\":[{\"@type\":\"SearchAction\",\"target\":{\"@type\":\"EntryPoint\",\"urlTemplate\":\"https:\\\/\\\/aconteceunovale.com.br\\\/portal\\\/?s={search_term_string}\"},\"query-input\":{\"@type\":\"PropertyValueSpecification\",\"valueRequired\":true,\"valueName\":\"search_term_string\"}}],\"inLanguage\":\"pt-BR\"},{\"@type\":\"Person\",\"@id\":\"https:\\\/\\\/aconteceunovale.com.br\\\/portal\\\/#\\\/schema\\\/person\\\/7d2f26d1483f8a63de73da1ee0754d35\",\"name\":\"Reda\u00e7\u00e3o Aconteceu no Vale\",\"description\":\"Equipe de reportagem do Aconteceu no Vale, portal de not\u00edcias do Vale do Jequitinhonha, em Minas Gerais. Cobrimos as 51 cidades do Vale desde 2013. Sugest\u00f5es de pauta e pedidos de corre\u00e7\u00e3o: contato@aconteceunovale.com.br\",\"url\":\"https:\\\/\\\/aconteceunovale.com.br\\\/portal\\\/?author=4\"}]}<\/script>\n<!-- \/ Yoast SEO plugin. -->","yoast_head_json":{"title":"Quatro ruas de Capelinha ter\u00e3o desligamento programado de energia no dia 5 de novembro - Aconteceu no Vale","robots":{"index":"index","follow":"follow","max-snippet":"max-snippet:-1","max-image-preview":"max-image-preview:large","max-video-preview":"max-video-preview:-1"},"canonical":"https:\/\/aconteceunovale.com.br\/portal\/?p=72062","og_locale":"pt_BR","og_type":"article","og_title":"Quatro ruas de Capelinha ter\u00e3o desligamento programado de energia no dia 5 de novembro - Aconteceu no Vale","og_description":"A Companhia Energ\u00e9tica de Minas Gerais (CEMIG) informa que na pr\u00f3xima quinta-feira (05\/11\/2015), vai instalar um novo transformador na Rede de Distribui\u00e7\u00e3o Urbana (RDU) de Capelinha. Esta obra vai tornar a rede mais segura, garantindo uma maior confiabilidade no fornecimento de energia para a popula\u00e7\u00e3o, a ind\u00fastria e o com\u00e9rcio local, al\u00e9m de possibilitar o [&hellip;]","og_url":"https:\/\/aconteceunovale.com.br\/portal\/?p=72062","og_site_name":"Aconteceu no Vale","article_publisher":"https:\/\/www.facebook.com\/aconteceunovale\/","article_published_time":"2015-11-03T18:44:43+00:00","article_modified_time":"2026-09-02T14:45:48+00:00","og_image":[{"width":600,"height":450,"url":"https:\/\/aconteceunovale.com.br\/portal\/wp-content\/uploads\/2015\/07\/capelinha_mg.jpg","type":"image\/jpeg"}],"author":"Reda\u00e7\u00e3o Aconteceu no Vale","twitter_card":"summary_large_image","twitter_creator":"@noticiadosvales","twitter_site":"@noticiadosvales","twitter_misc":{"Escrito por":"Reda\u00e7\u00e3o Aconteceu no Vale","Est. tempo de leitura":"1 minuto"},"schema":{"@context":"https:\/\/schema.org","@graph":[{"@type":"Article","@id":"https:\/\/aconteceunovale.com.br\/portal\/?p=72062#article","isPartOf":{"@id":"https:\/\/aconteceunovale.com.br\/portal\/?p=72062"},"author":{"name":"Reda\u00e7\u00e3o Aconteceu no Vale","@id":"https:\/\/aconteceunovale.com.br\/portal\/#\/schema\/person\/7d2f26d1483f8a63de73da1ee0754d35"},"headline":"Quatro ruas de Capelinha ter\u00e3o desligamento programado de energia no dia 5 de novembro","datePublished":"2015-11-03T18:44:43+00:00","dateModified":"2026-09-02T14:45:48+00:00","mainEntityOfPage":{"@id":"https:\/\/aconteceunovale.com.br\/portal\/?p=72062"},"wordCount":240,"commentCount":0,"image":{"@id":"https:\/\/aconteceunovale.com.br\/portal\/?p=72062#primaryimage"},"thumbnailUrl":"https:\/\/aconteceunovale.com.br\/portal\/wp-content\/uploads\/2015\/07\/capelinha_mg.jpg","keywords":["apag\u00e3o em capelinha","aviso cemig capelinha","Capelinha","Capelinha Aviso Cemig","Cemig realiza obras de melhoria na rede el\u00e9trica de Capelinha","desligamento de energia em capelinha","desligamento programado","desligamento programado em capelinha","falta de energia em capelinha","obras de melhoria na rede el\u00e9trica de Capelinha","obras na rede el\u00e9trica de capelinha","Quatro ruas de Capelinha ter\u00e3o desligamento programado de energia no dia 5 de novembro","queda de energia em capelinha"],"articleSection":["Capelinha","Vale do Jequitinhonha"],"inLanguage":"pt-BR","potentialAction":[{"@type":"CommentAction","name":"Comment","target":["https:\/\/aconteceunovale.com.br\/portal\/?p=72062#respond"]}]},{"@type":"WebPage","@id":"https:\/\/aconteceunovale.com.br\/portal\/?p=72062","url":"https:\/\/aconteceunovale.com.br\/portal\/?p=72062","name":"Quatro ruas de Capelinha ter\u00e3o desligamento programado de energia no dia 5 de novembro - Aconteceu no Vale","isPartOf":{"@id":"https:\/\/aconteceunovale.com.br\/portal\/#website"},"primaryImageOfPage":{"@id":"https:\/\/aconteceunovale.com.br\/portal\/?p=72062#primaryimage"},"image":{"@id":"https:\/\/aconteceunovale.com.br\/portal\/?p=72062#primaryimage"},"thumbnailUrl":"https:\/\/aconteceunovale.com.br\/portal\/wp-content\/uploads\/2015\/07\/capelinha_mg.jpg","datePublished":"2015-11-03T18:44:43+00:00","dateModified":"2026-09-02T14:45:48+00:00","author":{"@id":"https:\/\/aconteceunovale.com.br\/portal\/#\/schema\/person\/7d2f26d1483f8a63de73da1ee0754d35"},"breadcrumb":{"@id":"https:\/\/aconteceunovale.com.br\/portal\/?p=72062#breadcrumb"},"inLanguage":"pt-BR","potentialAction":[{"@type":"ReadAction","target":["https:\/\/aconteceunovale.com.br\/portal\/?p=72062"]}]},{"@type":"ImageObject","inLanguage":"pt-BR","@id":"https:\/\/aconteceunovale.com.br\/portal\/?p=72062#primaryimage","url":"https:\/\/aconteceunovale.com.br\/portal\/wp-content\/uploads\/2015\/07\/capelinha_mg.jpg","contentUrl":"https:\/\/aconteceunovale.com.br\/portal\/wp-content\/uploads\/2015\/07\/capelinha_mg.jpg","width":600,"height":450},{"@type":"BreadcrumbList","@id":"https:\/\/aconteceunovale.com.br\/portal\/?p=72062#breadcrumb","itemListElement":[{"@type":"ListItem","position":1,"name":"In\u00edcio","item":"https:\/\/aconteceunovale.com.br\/portal\/"},{"@type":"ListItem","position":2,"name":"Quatro ruas de Capelinha ter\u00e3o desligamento programado de energia no dia 5 de novembro"}]},{"@type":"WebSite","@id":"https:\/\/aconteceunovale.com.br\/portal\/#website","url":"https:\/\/aconteceunovale.com.br\/portal\/","name":"Aconteceu no Vale","description":"Portal de Not\u00edcias","potentialAction":[{"@type":"SearchAction","target":{"@type":"EntryPoint","urlTemplate":"https:\/\/aconteceunovale.com.br\/portal\/?s={search_term_string}"},"query-input":{"@type":"PropertyValueSpecification","valueRequired":true,"valueName":"search_term_string"}}],"inLanguage":"pt-BR"},{"@type":"Person","@id":"https:\/\/aconteceunovale.com.br\/portal\/#\/schema\/person\/7d2f26d1483f8a63de73da1ee0754d35","name":"Reda\u00e7\u00e3o Aconteceu no Vale","description":"Equipe de reportagem do Aconteceu no Vale, portal de not\u00edcias do Vale do Jequitinhonha, em Minas Gerais. Cobrimos as 51 cidades do Vale desde 2013. Sugest\u00f5es de pauta e pedidos de corre\u00e7\u00e3o: contato@aconteceunovale.com.br","url":"https:\/\/aconteceunovale.com.br\/portal\/?author=4"}]}},"_links":{"self":[{"href":"https:\/\/aconteceunovale.com.br\/portal\/index.php?rest_route=\/wp\/v2\/posts\/72062","targetHints":{"allow":["GET"]}}],"collection":[{"href":"https:\/\/aconteceunovale.com.br\/portal\/index.php?rest_route=\/wp\/v2\/posts"}],"about":[{"href":"https:\/\/aconteceunovale.com.br\/portal\/index.php?rest_route=\/wp\/v2\/types\/post"}],"author":[{"embeddable":true,"href":"https:\/\/aconteceunovale.com.br\/portal\/index.php?rest_route=\/wp\/v2\/users\/4"}],"replies":[{"embeddable":true,"href":"https:\/\/aconteceunovale.com.br\/portal\/index.php?rest_route=%2Fwp%2Fv2%2Fcomments&post=72062"}],"version-history":[{"count":1,"href":"https:\/\/aconteceunovale.com.br\/portal\/index.php?rest_route=\/wp\/v2\/posts\/72062\/revisions"}],"predecessor-version":[{"id":198554,"href":"https:\/\/aconteceunovale.com.br\/portal\/index.php?rest_route=\/wp\/v2\/posts\/72062\/revisions\/198554"}],"wp:featuredmedia":[{"embeddable":true,"href":"https:\/\/aconteceunovale.com.br\/portal\/index.php?rest_route=\/wp\/v2\/media\/63386"}],"wp:attachment":[{"href":"https:\/\/aconteceunovale.com.br\/portal\/index.php?rest_route=%2Fwp%2Fv2%2Fmedia&parent=72062"}],"wp:term":[{"taxonomy":"category","embeddable":true,"href":"https:\/\/aconteceunovale.com.br\/portal\/index.php?rest_route=%2Fwp%2Fv2%2Fcategories&post=72062"},{"taxonomy":"post_tag","embeddable":true,"href":"https:\/\/aconteceunovale.com.br\/portal\/index.php?rest_route=%2Fwp%2Fv2%2Ftags&post=72062"}],"curies":[{"name":"wp","href":"https:\/\/api.w.org\/{rel}","templated":true}]}}