{"id":72048,"date":"2015-11-03T09:20:26","date_gmt":"2015-11-03T12:20:26","guid":{"rendered":"http:\/\/aconteceunovale.com.br\/portal\/?p=72048"},"modified":"2015-11-03T09:20:26","modified_gmt":"2015-11-03T12:20:26","slug":"adolescente-morre-afogado-em-lagoa-na-zona-rural-de-itaipe","status":"publish","type":"post","link":"https:\/\/aconteceunovale.com.br\/portal\/?p=72048","title":{"rendered":"Adolescente morre afogado em lagoa na zona rural de Itaip\u00e9"},"content":{"rendered":"<p>Um adolescente de 17 anos morreu afogado na tarde dessa segunda-feira, 2 de novembro, na comunidade do C\u00f3rrego Breja\u00faba, no munic\u00edpio de Itaip\u00e9, no Vale do Mucuri. J\u00falio Henrique Ferreira dos Santos Viana estava no S\u00edtio C\u00e9spedes, quando entrou em uma lagoa e se afogou.<\/p>\n<p>De acordo com a Pol\u00edcia Militar (PM), testemunhas relataram que outros banhistas retiraram o jovem da \u00e1gua e tentaram reanim\u00e1-lo fazendo massagens e respira\u00e7\u00e3o boca a boca, por\u00e9m sem sucesso. A Per\u00edcia T\u00e9cnica da Pol\u00edcia Civil foi acionada e orientou que o corpo fosse liberado para que uma funer\u00e1ria fizesse a remo\u00e7\u00e3o at\u00e9 o Instituto M\u00e9dico Legal (IML) de Te\u00f3filo Otoni.<\/p>\n<p>J\u00falio Henrique era natural de Novo Cruzeiro e residia no bairro Funcion\u00e1rios, em Itaip\u00e9.<\/p>\n<p><img decoding=\"async\" src=\"http:\/\/aconteceunovale.com.br\/portal\/wp-content\/uploads\/2015\/11\/afogamento_itaipe.jpg\" alt=\"\" \/><em>J\u00falio Henrique Ferreira dos Santos Viana tinha 17 anos &#8211; Foto: Reprodu\u00e7\u00e3o \/ Facebook<\/em><\/p>\n","protected":false},"excerpt":{"rendered":"<p>Um adolescente de 17 anos morreu afogado na tarde dessa segunda-feira, 2 de novembro, na comunidade do C\u00f3rrego Breja\u00faba, no munic\u00edpio de Itaip\u00e9, no Vale do Mucuri. J\u00falio Henrique Ferreira dos Santos Viana estava no S\u00edtio C\u00e9spedes, quando entrou em uma lagoa e se afogou. De acordo com a Pol\u00edcia Militar (PM), testemunhas relataram que [&hellip;]<\/p>\n","protected":false},"author":4,"featured_media":72049,"comment_status":"open","ping_status":"closed","sticky":false,"template":"","format":"standard","meta":{"amp_status":"","footnotes":""},"categories":[122],"tags":[64926,64922,64923,64928,191,64925,64927,64924,64929],"class_list":["post-72048","post","type-post","status-publish","format-standard","has-post-thumbnail","hentry","category-mucuri","tag-adolescente-morre-afogado-em-itaipe","tag-adolescente-morre-afogado-em-lagoa-na-zona-rural-de-itaipe","tag-afogamento-em-itaipe","tag-afogamento-julio-coimbra","tag-itaipe","tag-jovem-morre-afogado-em-itaipe","tag-julio-coimbra","tag-julio-henrique-ferreira-dos-santos-viana","tag-morte-de-julio-coimbra"],"yoast_head":"<!-- This site is optimized with the Yoast SEO plugin v28.3 - https:\/\/yoast.com\/product\/yoast-seo-wordpress\/ -->\n<title>Adolescente morre afogado em lagoa na zona rural de Itaip\u00e9 - Aconteceu no Vale<\/title>\n<meta name=\"robots\" content=\"index, follow, max-snippet:-1, max-image-preview:large, max-video-preview:-1\" \/>\n<link rel=\"canonical\" href=\"https:\/\/aconteceunovale.com.br\/portal\/?p=72048\" \/>\n<meta property=\"og:locale\" content=\"pt_BR\" \/>\n<meta property=\"og:type\" content=\"article\" \/>\n<meta property=\"og:title\" content=\"Adolescente morre afogado em lagoa na zona rural de Itaip\u00e9 - Aconteceu no Vale\" \/>\n<meta property=\"og:description\" content=\"Um adolescente de 17 anos morreu afogado na tarde dessa segunda-feira, 2 de novembro, na comunidade do C\u00f3rrego Breja\u00faba, no munic\u00edpio de Itaip\u00e9, no Vale do Mucuri. J\u00falio Henrique Ferreira dos Santos Viana estava no S\u00edtio C\u00e9spedes, quando entrou em uma lagoa e se afogou. De acordo com a Pol\u00edcia Militar (PM), testemunhas relataram que [&hellip;]\" \/>\n<meta property=\"og:url\" content=\"https:\/\/aconteceunovale.com.br\/portal\/?p=72048\" \/>\n<meta property=\"og:site_name\" content=\"Aconteceu no Vale\" \/>\n<meta property=\"article:publisher\" content=\"https:\/\/www.facebook.com\/aconteceunovale\/\" \/>\n<meta property=\"article:published_time\" content=\"2015-11-03T12:20:26+00:00\" \/>\n<meta property=\"og:image\" content=\"https:\/\/aconteceunovale.com.br\/portal\/wp-content\/uploads\/2015\/11\/afogamento_itaipe.jpg\" \/>\n\t<meta property=\"og:image:width\" content=\"632\" \/>\n\t<meta property=\"og:image:height\" content=\"450\" \/>\n\t<meta property=\"og:image:type\" content=\"image\/jpeg\" \/>\n<meta name=\"author\" content=\"Reda\u00e7\u00e3o Aconteceu no Vale\" \/>\n<meta name=\"twitter:card\" content=\"summary_large_image\" \/>\n<meta name=\"twitter:creator\" content=\"@noticiadosvales\" \/>\n<meta name=\"twitter:site\" content=\"@noticiadosvales\" \/>\n<meta name=\"twitter:label1\" content=\"Escrito por\" \/>\n\t<meta name=\"twitter:data1\" content=\"Reda\u00e7\u00e3o Aconteceu no Vale\" \/>\n\t<meta name=\"twitter:label2\" content=\"Est. tempo de leitura\" \/>\n\t<meta name=\"twitter:data2\" content=\"1 minuto\" \/>\n<script type=\"application\/ld+json\" class=\"yoast-schema-graph\">{\"@context\":\"https:\\\/\\\/schema.org\",\"@graph\":[{\"@type\":\"Article\",\"@id\":\"https:\\\/\\\/aconteceunovale.com.br\\\/portal\\\/?p=72048#article\",\"isPartOf\":{\"@id\":\"https:\\\/\\\/aconteceunovale.com.br\\\/portal\\\/?p=72048\"},\"author\":{\"name\":\"Reda\u00e7\u00e3o Aconteceu no Vale\",\"@id\":\"https:\\\/\\\/aconteceunovale.com.br\\\/portal\\\/#\\\/schema\\\/person\\\/7d2f26d1483f8a63de73da1ee0754d35\"},\"headline\":\"Adolescente morre afogado em lagoa na zona rural de Itaip\u00e9\",\"datePublished\":\"2015-11-03T12:20:26+00:00\",\"mainEntityOfPage\":{\"@id\":\"https:\\\/\\\/aconteceunovale.com.br\\\/portal\\\/?p=72048\"},\"wordCount\":161,\"commentCount\":1,\"image\":{\"@id\":\"https:\\\/\\\/aconteceunovale.com.br\\\/portal\\\/?p=72048#primaryimage\"},\"thumbnailUrl\":\"https:\\\/\\\/aconteceunovale.com.br\\\/portal\\\/wp-content\\\/uploads\\\/2015\\\/11\\\/afogamento_itaipe.jpg\",\"keywords\":[\"adolescente morre afogado em itaip\u00e9\",\"Adolescente morre afogado em lagoa na zona rural de Itaip\u00e9\",\"afogamento em Itaip\u00e9\",\"afogamento Julio Coimbra\",\"Itaip\u00e9\",\"jovem morre afogado em itaip\u00e9\",\"Julio Coimbra\",\"J\u00falio Henrique Ferreira dos Santos Viana\",\"morte de Julio Coimbra\"],\"articleSection\":[\"Vale do Mucuri\"],\"inLanguage\":\"pt-BR\",\"potentialAction\":[{\"@type\":\"CommentAction\",\"name\":\"Comment\",\"target\":[\"https:\\\/\\\/aconteceunovale.com.br\\\/portal\\\/?p=72048#respond\"]}]},{\"@type\":\"WebPage\",\"@id\":\"https:\\\/\\\/aconteceunovale.com.br\\\/portal\\\/?p=72048\",\"url\":\"https:\\\/\\\/aconteceunovale.com.br\\\/portal\\\/?p=72048\",\"name\":\"Adolescente morre afogado em lagoa na zona rural de Itaip\u00e9 - Aconteceu no Vale\",\"isPartOf\":{\"@id\":\"https:\\\/\\\/aconteceunovale.com.br\\\/portal\\\/#website\"},\"primaryImageOfPage\":{\"@id\":\"https:\\\/\\\/aconteceunovale.com.br\\\/portal\\\/?p=72048#primaryimage\"},\"image\":{\"@id\":\"https:\\\/\\\/aconteceunovale.com.br\\\/portal\\\/?p=72048#primaryimage\"},\"thumbnailUrl\":\"https:\\\/\\\/aconteceunovale.com.br\\\/portal\\\/wp-content\\\/uploads\\\/2015\\\/11\\\/afogamento_itaipe.jpg\",\"datePublished\":\"2015-11-03T12:20:26+00:00\",\"author\":{\"@id\":\"https:\\\/\\\/aconteceunovale.com.br\\\/portal\\\/#\\\/schema\\\/person\\\/7d2f26d1483f8a63de73da1ee0754d35\"},\"breadcrumb\":{\"@id\":\"https:\\\/\\\/aconteceunovale.com.br\\\/portal\\\/?p=72048#breadcrumb\"},\"inLanguage\":\"pt-BR\",\"potentialAction\":[{\"@type\":\"ReadAction\",\"target\":[\"https:\\\/\\\/aconteceunovale.com.br\\\/portal\\\/?p=72048\"]}]},{\"@type\":\"ImageObject\",\"inLanguage\":\"pt-BR\",\"@id\":\"https:\\\/\\\/aconteceunovale.com.br\\\/portal\\\/?p=72048#primaryimage\",\"url\":\"https:\\\/\\\/aconteceunovale.com.br\\\/portal\\\/wp-content\\\/uploads\\\/2015\\\/11\\\/afogamento_itaipe.jpg\",\"contentUrl\":\"https:\\\/\\\/aconteceunovale.com.br\\\/portal\\\/wp-content\\\/uploads\\\/2015\\\/11\\\/afogamento_itaipe.jpg\",\"width\":632,\"height\":450},{\"@type\":\"BreadcrumbList\",\"@id\":\"https:\\\/\\\/aconteceunovale.com.br\\\/portal\\\/?p=72048#breadcrumb\",\"itemListElement\":[{\"@type\":\"ListItem\",\"position\":1,\"name\":\"In\u00edcio\",\"item\":\"https:\\\/\\\/aconteceunovale.com.br\\\/portal\\\/\"},{\"@type\":\"ListItem\",\"position\":2,\"name\":\"Adolescente morre afogado em lagoa na zona rural de Itaip\u00e9\"}]},{\"@type\":\"WebSite\",\"@id\":\"https:\\\/\\\/aconteceunovale.com.br\\\/portal\\\/#website\",\"url\":\"https:\\\/\\\/aconteceunovale.com.br\\\/portal\\\/\",\"name\":\"Aconteceu no Vale\",\"description\":\"Portal de Not\u00edcias\",\"potentialAction\":[{\"@type\":\"SearchAction\",\"target\":{\"@type\":\"EntryPoint\",\"urlTemplate\":\"https:\\\/\\\/aconteceunovale.com.br\\\/portal\\\/?s={search_term_string}\"},\"query-input\":{\"@type\":\"PropertyValueSpecification\",\"valueRequired\":true,\"valueName\":\"search_term_string\"}}],\"inLanguage\":\"pt-BR\"},{\"@type\":\"Person\",\"@id\":\"https:\\\/\\\/aconteceunovale.com.br\\\/portal\\\/#\\\/schema\\\/person\\\/7d2f26d1483f8a63de73da1ee0754d35\",\"name\":\"Reda\u00e7\u00e3o Aconteceu no Vale\",\"description\":\"Equipe de reportagem do Aconteceu no Vale, portal de not\u00edcias do Vale do Jequitinhonha, em Minas Gerais. Cobrimos as 51 cidades do Vale desde 2013. Sugest\u00f5es de pauta e pedidos de corre\u00e7\u00e3o: contato@aconteceunovale.com.br\",\"url\":\"https:\\\/\\\/aconteceunovale.com.br\\\/portal\\\/?author=4\"}]}<\/script>\n<!-- \/ Yoast SEO plugin. -->","yoast_head_json":{"title":"Adolescente morre afogado em lagoa na zona rural de Itaip\u00e9 - Aconteceu no Vale","robots":{"index":"index","follow":"follow","max-snippet":"max-snippet:-1","max-image-preview":"max-image-preview:large","max-video-preview":"max-video-preview:-1"},"canonical":"https:\/\/aconteceunovale.com.br\/portal\/?p=72048","og_locale":"pt_BR","og_type":"article","og_title":"Adolescente morre afogado em lagoa na zona rural de Itaip\u00e9 - Aconteceu no Vale","og_description":"Um adolescente de 17 anos morreu afogado na tarde dessa segunda-feira, 2 de novembro, na comunidade do C\u00f3rrego Breja\u00faba, no munic\u00edpio de Itaip\u00e9, no Vale do Mucuri. J\u00falio Henrique Ferreira dos Santos Viana estava no S\u00edtio C\u00e9spedes, quando entrou em uma lagoa e se afogou. De acordo com a Pol\u00edcia Militar (PM), testemunhas relataram que [&hellip;]","og_url":"https:\/\/aconteceunovale.com.br\/portal\/?p=72048","og_site_name":"Aconteceu no Vale","article_publisher":"https:\/\/www.facebook.com\/aconteceunovale\/","article_published_time":"2015-11-03T12:20:26+00:00","og_image":[{"width":632,"height":450,"url":"https:\/\/aconteceunovale.com.br\/portal\/wp-content\/uploads\/2015\/11\/afogamento_itaipe.jpg","type":"image\/jpeg"}],"author":"Reda\u00e7\u00e3o Aconteceu no Vale","twitter_card":"summary_large_image","twitter_creator":"@noticiadosvales","twitter_site":"@noticiadosvales","twitter_misc":{"Escrito por":"Reda\u00e7\u00e3o Aconteceu no Vale","Est. tempo de leitura":"1 minuto"},"schema":{"@context":"https:\/\/schema.org","@graph":[{"@type":"Article","@id":"https:\/\/aconteceunovale.com.br\/portal\/?p=72048#article","isPartOf":{"@id":"https:\/\/aconteceunovale.com.br\/portal\/?p=72048"},"author":{"name":"Reda\u00e7\u00e3o Aconteceu no Vale","@id":"https:\/\/aconteceunovale.com.br\/portal\/#\/schema\/person\/7d2f26d1483f8a63de73da1ee0754d35"},"headline":"Adolescente morre afogado em lagoa na zona rural de Itaip\u00e9","datePublished":"2015-11-03T12:20:26+00:00","mainEntityOfPage":{"@id":"https:\/\/aconteceunovale.com.br\/portal\/?p=72048"},"wordCount":161,"commentCount":1,"image":{"@id":"https:\/\/aconteceunovale.com.br\/portal\/?p=72048#primaryimage"},"thumbnailUrl":"https:\/\/aconteceunovale.com.br\/portal\/wp-content\/uploads\/2015\/11\/afogamento_itaipe.jpg","keywords":["adolescente morre afogado em itaip\u00e9","Adolescente morre afogado em lagoa na zona rural de Itaip\u00e9","afogamento em Itaip\u00e9","afogamento Julio Coimbra","Itaip\u00e9","jovem morre afogado em itaip\u00e9","Julio Coimbra","J\u00falio Henrique Ferreira dos Santos Viana","morte de Julio Coimbra"],"articleSection":["Vale do Mucuri"],"inLanguage":"pt-BR","potentialAction":[{"@type":"CommentAction","name":"Comment","target":["https:\/\/aconteceunovale.com.br\/portal\/?p=72048#respond"]}]},{"@type":"WebPage","@id":"https:\/\/aconteceunovale.com.br\/portal\/?p=72048","url":"https:\/\/aconteceunovale.com.br\/portal\/?p=72048","name":"Adolescente morre afogado em lagoa na zona rural de Itaip\u00e9 - Aconteceu no Vale","isPartOf":{"@id":"https:\/\/aconteceunovale.com.br\/portal\/#website"},"primaryImageOfPage":{"@id":"https:\/\/aconteceunovale.com.br\/portal\/?p=72048#primaryimage"},"image":{"@id":"https:\/\/aconteceunovale.com.br\/portal\/?p=72048#primaryimage"},"thumbnailUrl":"https:\/\/aconteceunovale.com.br\/portal\/wp-content\/uploads\/2015\/11\/afogamento_itaipe.jpg","datePublished":"2015-11-03T12:20:26+00:00","author":{"@id":"https:\/\/aconteceunovale.com.br\/portal\/#\/schema\/person\/7d2f26d1483f8a63de73da1ee0754d35"},"breadcrumb":{"@id":"https:\/\/aconteceunovale.com.br\/portal\/?p=72048#breadcrumb"},"inLanguage":"pt-BR","potentialAction":[{"@type":"ReadAction","target":["https:\/\/aconteceunovale.com.br\/portal\/?p=72048"]}]},{"@type":"ImageObject","inLanguage":"pt-BR","@id":"https:\/\/aconteceunovale.com.br\/portal\/?p=72048#primaryimage","url":"https:\/\/aconteceunovale.com.br\/portal\/wp-content\/uploads\/2015\/11\/afogamento_itaipe.jpg","contentUrl":"https:\/\/aconteceunovale.com.br\/portal\/wp-content\/uploads\/2015\/11\/afogamento_itaipe.jpg","width":632,"height":450},{"@type":"BreadcrumbList","@id":"https:\/\/aconteceunovale.com.br\/portal\/?p=72048#breadcrumb","itemListElement":[{"@type":"ListItem","position":1,"name":"In\u00edcio","item":"https:\/\/aconteceunovale.com.br\/portal\/"},{"@type":"ListItem","position":2,"name":"Adolescente morre afogado em lagoa na zona rural de Itaip\u00e9"}]},{"@type":"WebSite","@id":"https:\/\/aconteceunovale.com.br\/portal\/#website","url":"https:\/\/aconteceunovale.com.br\/portal\/","name":"Aconteceu no Vale","description":"Portal de Not\u00edcias","potentialAction":[{"@type":"SearchAction","target":{"@type":"EntryPoint","urlTemplate":"https:\/\/aconteceunovale.com.br\/portal\/?s={search_term_string}"},"query-input":{"@type":"PropertyValueSpecification","valueRequired":true,"valueName":"search_term_string"}}],"inLanguage":"pt-BR"},{"@type":"Person","@id":"https:\/\/aconteceunovale.com.br\/portal\/#\/schema\/person\/7d2f26d1483f8a63de73da1ee0754d35","name":"Reda\u00e7\u00e3o Aconteceu no Vale","description":"Equipe de reportagem do Aconteceu no Vale, portal de not\u00edcias do Vale do Jequitinhonha, em Minas Gerais. Cobrimos as 51 cidades do Vale desde 2013. Sugest\u00f5es de pauta e pedidos de corre\u00e7\u00e3o: contato@aconteceunovale.com.br","url":"https:\/\/aconteceunovale.com.br\/portal\/?author=4"}]}},"_links":{"self":[{"href":"https:\/\/aconteceunovale.com.br\/portal\/index.php?rest_route=\/wp\/v2\/posts\/72048","targetHints":{"allow":["GET"]}}],"collection":[{"href":"https:\/\/aconteceunovale.com.br\/portal\/index.php?rest_route=\/wp\/v2\/posts"}],"about":[{"href":"https:\/\/aconteceunovale.com.br\/portal\/index.php?rest_route=\/wp\/v2\/types\/post"}],"author":[{"embeddable":true,"href":"https:\/\/aconteceunovale.com.br\/portal\/index.php?rest_route=\/wp\/v2\/users\/4"}],"replies":[{"embeddable":true,"href":"https:\/\/aconteceunovale.com.br\/portal\/index.php?rest_route=%2Fwp%2Fv2%2Fcomments&post=72048"}],"version-history":[{"count":0,"href":"https:\/\/aconteceunovale.com.br\/portal\/index.php?rest_route=\/wp\/v2\/posts\/72048\/revisions"}],"wp:featuredmedia":[{"embeddable":true,"href":"https:\/\/aconteceunovale.com.br\/portal\/index.php?rest_route=\/wp\/v2\/media\/72049"}],"wp:attachment":[{"href":"https:\/\/aconteceunovale.com.br\/portal\/index.php?rest_route=%2Fwp%2Fv2%2Fmedia&parent=72048"}],"wp:term":[{"taxonomy":"category","embeddable":true,"href":"https:\/\/aconteceunovale.com.br\/portal\/index.php?rest_route=%2Fwp%2Fv2%2Fcategories&post=72048"},{"taxonomy":"post_tag","embeddable":true,"href":"https:\/\/aconteceunovale.com.br\/portal\/index.php?rest_route=%2Fwp%2Fv2%2Ftags&post=72048"}],"curies":[{"name":"wp","href":"https:\/\/api.w.org\/{rel}","templated":true}]}}