{"id":72042,"date":"2015-11-03T08:29:12","date_gmt":"2015-11-03T11:29:12","guid":{"rendered":"http:\/\/aconteceunovale.com.br\/portal\/?p=72042"},"modified":"2015-11-03T08:29:12","modified_gmt":"2015-11-03T11:29:12","slug":"plantao-do-samu-no-norte-de-minas-gerais-02-de-novembro-de-2015","status":"publish","type":"post","link":"https:\/\/aconteceunovale.com.br\/portal\/?p=72042","title":{"rendered":"Plant\u00e3o do Samu no Norte de Minas Gerais, 02 de novembro de 2015"},"content":{"rendered":"<h4><strong><em>Segunda-feira, 02 de novembro de 2015<\/em><\/strong><\/h4>\n<p>As unidades do SAMU realizaram na segunda-feira, 02\/11, em Montes Claros, 66 atendimentos, sendo 50 casos cl\u00ednicos; 11 pessoas feridas em acidentes de tr\u00e2nsito, 01 gestante em trabalho de parto; 01 v\u00edtima de afogamento; 02 v\u00edtimas de agress\u00e3o f\u00edsica e um acidente de trabalho ocorrido.<\/p>\n<p>Na madrugada desta ter\u00e7a-feira, por volta das 5h, a unidade do Samu foi acionada para atendimento a um homem de 29 anos, v\u00edtima de acidente de trabalho em uma f\u00e1brica no Distrito Industrial. Segundo relatos, um objeto ficou preso na m\u00e1quina e ele tentou retirar com ela em funcionamento e foi puxado, sendo prensado. Ele sofreu politrauma e recebeu os primeiros atendimentos no local, sendo encaminhado para o hospital.<\/p>\n<p>A unidade do Samu foi acionada \u00e0s 22h10 para atendimento a um homem  de 25 anos, v\u00edtima de queda de moto, no bairro Sumar\u00e9.  \u00c0s 19h45, um homem de 31 anos caiu de moto no bairro de Lourdes. \u00c0s 18h30, uma mulher de 27 anos foi atropelada por um carro no bairro Santa Rita I.<\/p>\n<p>Por volta das 17h15, uma mulher de 19 anos sofreu afogamento em um clube, na BR-135, sa\u00edda de Montes Claros. Ela recebeu os primeiros atendimentos no local e foi encaminhada ao hospital.<\/p>\n<p>\u00c0s 16h15, uma mulher de 21 anos sofreu agress\u00e3o f\u00edsica no bairro Dr. Jo\u00e3o Alves. Ela foi encontrada pelos socorristas ca\u00edda ao solo, agressiva, com ferimentos na cabe\u00e7a e relata ter perdido a consci\u00eancia.<\/p>\n<p>Quatro pessoas ficaram feridas em um acidente envolvendo um carro e uma moto, ocorrido \u00e0s 16h, no Jardim Palmeiras. O condutor da moto, de 22 anos, e uma mulher de 29 anos que estava na garupa, sofreram ferimentos nas pernas e bra\u00e7os. Um homem de 60 anos, que estava no banco dianteiro do carro, e uma crian\u00e7a de 8 anos tamb\u00e9m sofreram ferimentos leves.<\/p>\n<p>\u00c0s 14h50, um homem de 54 anos sofreu agress\u00e3o f\u00edsica no bairro Carmelo. Segundo relato de testemunhas, ele teria sido atingido por populares com barras de ferro, ap\u00f3s tentar assaltar duas mulheres. Ele apresentava ferimentos na cabe\u00e7a, com corte pass\u00edvel de sutura,<\/p>\n<p>Por volta das 11h, um homem de 34 anos ficou ferido ao colidir de moto contra um \u00f4nibus no bairro Morada do Parque. Ele relata dor na perna e no bra\u00e7o esquerdo, com escoria\u00e7\u00f5es no local.<\/p>\n<p>Em todas as ocorr\u00eancias os feridos receberam os primeiros atendimentos no local e foram encaminhados ao hospital para avalia\u00e7\u00e3o. (Jer\u00fasia Arruda)<\/p>\n","protected":false},"excerpt":{"rendered":"<p>Segunda-feira, 02 de novembro de 2015 As unidades do SAMU realizaram na segunda-feira, 02\/11, em Montes Claros, 66 atendimentos, sendo 50 casos cl\u00ednicos; 11 pessoas feridas em acidentes de tr\u00e2nsito, 01 gestante em trabalho de parto; 01 v\u00edtima de afogamento; 02 v\u00edtimas de agress\u00e3o f\u00edsica e um acidente de trabalho ocorrido. Na madrugada desta ter\u00e7a-feira, [&hellip;]<\/p>\n","protected":false},"author":4,"featured_media":58741,"comment_status":"open","ping_status":"closed","sticky":false,"template":"","format":"standard","meta":{"amp_status":"","footnotes":""},"categories":[1236],"tags":[64913,206036,210,24659,24089,18898,18108,64914,18629,21139,4040],"class_list":["post-72042","post","type-post","status-publish","format-standard","has-post-thumbnail","hentry","category-norte_de_minas","tag-02-de-novembro-de-2015","tag-jerusia-arruda","tag-montes-claros","tag-plantao-do-samu-de-montes-claros","tag-plantao-do-samu-do-norte-de-minas","tag-plantao-do-samu-macro-norte","tag-plantao-do-samu-no-norte-de-minas-gerais","tag-plantao-do-samu-no-norte-de-minas-gerais-02-de-novembro-de-2015","tag-samu-de-montes-claros","tag-samu-do-norte-de-minas","tag-samu-macro-norte"],"yoast_head":"<!-- This site is optimized with the Yoast SEO plugin v28.3 - https:\/\/yoast.com\/product\/yoast-seo-wordpress\/ -->\n<title>Plant\u00e3o do Samu no Norte de Minas Gerais, 02 de novembro de 2015 - Aconteceu no Vale<\/title>\n<meta name=\"robots\" content=\"index, follow, max-snippet:-1, max-image-preview:large, max-video-preview:-1\" \/>\n<link rel=\"canonical\" href=\"https:\/\/aconteceunovale.com.br\/portal\/?p=72042\" \/>\n<meta property=\"og:locale\" content=\"pt_BR\" \/>\n<meta property=\"og:type\" content=\"article\" \/>\n<meta property=\"og:title\" content=\"Plant\u00e3o do Samu no Norte de Minas Gerais, 02 de novembro de 2015 - Aconteceu no Vale\" \/>\n<meta property=\"og:description\" content=\"Segunda-feira, 02 de novembro de 2015 As unidades do SAMU realizaram na segunda-feira, 02\/11, em Montes Claros, 66 atendimentos, sendo 50 casos cl\u00ednicos; 11 pessoas feridas em acidentes de tr\u00e2nsito, 01 gestante em trabalho de parto; 01 v\u00edtima de afogamento; 02 v\u00edtimas de agress\u00e3o f\u00edsica e um acidente de trabalho ocorrido. Na madrugada desta ter\u00e7a-feira, [&hellip;]\" \/>\n<meta property=\"og:url\" content=\"https:\/\/aconteceunovale.com.br\/portal\/?p=72042\" \/>\n<meta property=\"og:site_name\" content=\"Aconteceu no Vale\" \/>\n<meta property=\"article:publisher\" content=\"https:\/\/www.facebook.com\/aconteceunovale\/\" \/>\n<meta property=\"article:published_time\" content=\"2015-11-03T11:29:12+00:00\" \/>\n<meta property=\"og:image\" content=\"https:\/\/aconteceunovale.com.br\/portal\/wp-content\/uploads\/2015\/05\/samu_2.jpg\" \/>\n\t<meta property=\"og:image:width\" content=\"678\" \/>\n\t<meta property=\"og:image:height\" content=\"322\" \/>\n\t<meta property=\"og:image:type\" content=\"image\/jpeg\" \/>\n<meta name=\"author\" content=\"Reda\u00e7\u00e3o Aconteceu no Vale\" \/>\n<meta name=\"twitter:card\" content=\"summary_large_image\" \/>\n<meta name=\"twitter:creator\" content=\"@noticiadosvales\" \/>\n<meta name=\"twitter:site\" content=\"@noticiadosvales\" \/>\n<meta name=\"twitter:label1\" content=\"Escrito por\" \/>\n\t<meta name=\"twitter:data1\" content=\"Reda\u00e7\u00e3o Aconteceu no Vale\" \/>\n\t<meta name=\"twitter:label2\" content=\"Est. tempo de leitura\" \/>\n\t<meta name=\"twitter:data2\" content=\"2 minutos\" \/>\n<script type=\"application\/ld+json\" class=\"yoast-schema-graph\">{\"@context\":\"https:\\\/\\\/schema.org\",\"@graph\":[{\"@type\":\"Article\",\"@id\":\"https:\\\/\\\/aconteceunovale.com.br\\\/portal\\\/?p=72042#article\",\"isPartOf\":{\"@id\":\"https:\\\/\\\/aconteceunovale.com.br\\\/portal\\\/?p=72042\"},\"author\":{\"name\":\"Reda\u00e7\u00e3o Aconteceu no Vale\",\"@id\":\"https:\\\/\\\/aconteceunovale.com.br\\\/portal\\\/#\\\/schema\\\/person\\\/7d2f26d1483f8a63de73da1ee0754d35\"},\"headline\":\"Plant\u00e3o do Samu no Norte de Minas Gerais, 02 de novembro de 2015\",\"datePublished\":\"2015-11-03T11:29:12+00:00\",\"mainEntityOfPage\":{\"@id\":\"https:\\\/\\\/aconteceunovale.com.br\\\/portal\\\/?p=72042\"},\"wordCount\":426,\"commentCount\":0,\"image\":{\"@id\":\"https:\\\/\\\/aconteceunovale.com.br\\\/portal\\\/?p=72042#primaryimage\"},\"thumbnailUrl\":\"https:\\\/\\\/aconteceunovale.com.br\\\/portal\\\/wp-content\\\/uploads\\\/2015\\\/05\\\/samu_2.jpg\",\"keywords\":[\"02 de novembro de 2015\",\"Jer\u00fasia Arruda\",\"Montes Claros\",\"plant\u00e3o do samu de montes claros\",\"plant\u00e3o do samu do norte de minas\",\"plant\u00e3o do samu macro norte\",\"Plant\u00e3o do Samu no Norte de Minas Gerais\",\"Plant\u00e3o do Samu no Norte de Minas Gerais 02 de novembro de 2015\",\"SAMU de Montes Claros\",\"samu do norte de minas\",\"Samu Macro Norte\"],\"articleSection\":[\"Norte de Minas\"],\"inLanguage\":\"pt-BR\",\"potentialAction\":[{\"@type\":\"CommentAction\",\"name\":\"Comment\",\"target\":[\"https:\\\/\\\/aconteceunovale.com.br\\\/portal\\\/?p=72042#respond\"]}]},{\"@type\":\"WebPage\",\"@id\":\"https:\\\/\\\/aconteceunovale.com.br\\\/portal\\\/?p=72042\",\"url\":\"https:\\\/\\\/aconteceunovale.com.br\\\/portal\\\/?p=72042\",\"name\":\"Plant\u00e3o do Samu no Norte de Minas Gerais, 02 de novembro de 2015 - Aconteceu no Vale\",\"isPartOf\":{\"@id\":\"https:\\\/\\\/aconteceunovale.com.br\\\/portal\\\/#website\"},\"primaryImageOfPage\":{\"@id\":\"https:\\\/\\\/aconteceunovale.com.br\\\/portal\\\/?p=72042#primaryimage\"},\"image\":{\"@id\":\"https:\\\/\\\/aconteceunovale.com.br\\\/portal\\\/?p=72042#primaryimage\"},\"thumbnailUrl\":\"https:\\\/\\\/aconteceunovale.com.br\\\/portal\\\/wp-content\\\/uploads\\\/2015\\\/05\\\/samu_2.jpg\",\"datePublished\":\"2015-11-03T11:29:12+00:00\",\"author\":{\"@id\":\"https:\\\/\\\/aconteceunovale.com.br\\\/portal\\\/#\\\/schema\\\/person\\\/7d2f26d1483f8a63de73da1ee0754d35\"},\"breadcrumb\":{\"@id\":\"https:\\\/\\\/aconteceunovale.com.br\\\/portal\\\/?p=72042#breadcrumb\"},\"inLanguage\":\"pt-BR\",\"potentialAction\":[{\"@type\":\"ReadAction\",\"target\":[\"https:\\\/\\\/aconteceunovale.com.br\\\/portal\\\/?p=72042\"]}]},{\"@type\":\"ImageObject\",\"inLanguage\":\"pt-BR\",\"@id\":\"https:\\\/\\\/aconteceunovale.com.br\\\/portal\\\/?p=72042#primaryimage\",\"url\":\"https:\\\/\\\/aconteceunovale.com.br\\\/portal\\\/wp-content\\\/uploads\\\/2015\\\/05\\\/samu_2.jpg\",\"contentUrl\":\"https:\\\/\\\/aconteceunovale.com.br\\\/portal\\\/wp-content\\\/uploads\\\/2015\\\/05\\\/samu_2.jpg\",\"width\":678,\"height\":322},{\"@type\":\"BreadcrumbList\",\"@id\":\"https:\\\/\\\/aconteceunovale.com.br\\\/portal\\\/?p=72042#breadcrumb\",\"itemListElement\":[{\"@type\":\"ListItem\",\"position\":1,\"name\":\"In\u00edcio\",\"item\":\"https:\\\/\\\/aconteceunovale.com.br\\\/portal\\\/\"},{\"@type\":\"ListItem\",\"position\":2,\"name\":\"Plant\u00e3o do Samu no Norte de Minas Gerais, 02 de novembro de 2015\"}]},{\"@type\":\"WebSite\",\"@id\":\"https:\\\/\\\/aconteceunovale.com.br\\\/portal\\\/#website\",\"url\":\"https:\\\/\\\/aconteceunovale.com.br\\\/portal\\\/\",\"name\":\"Aconteceu no Vale\",\"description\":\"Portal de Not\u00edcias\",\"potentialAction\":[{\"@type\":\"SearchAction\",\"target\":{\"@type\":\"EntryPoint\",\"urlTemplate\":\"https:\\\/\\\/aconteceunovale.com.br\\\/portal\\\/?s={search_term_string}\"},\"query-input\":{\"@type\":\"PropertyValueSpecification\",\"valueRequired\":true,\"valueName\":\"search_term_string\"}}],\"inLanguage\":\"pt-BR\"},{\"@type\":\"Person\",\"@id\":\"https:\\\/\\\/aconteceunovale.com.br\\\/portal\\\/#\\\/schema\\\/person\\\/7d2f26d1483f8a63de73da1ee0754d35\",\"name\":\"Reda\u00e7\u00e3o Aconteceu no Vale\",\"description\":\"Equipe de reportagem do Aconteceu no Vale, portal de not\u00edcias do Vale do Jequitinhonha, em Minas Gerais. Cobrimos as 51 cidades do Vale desde 2013. Sugest\u00f5es de pauta e pedidos de corre\u00e7\u00e3o: contato@aconteceunovale.com.br\",\"url\":\"https:\\\/\\\/aconteceunovale.com.br\\\/portal\\\/?author=4\"}]}<\/script>\n<!-- \/ Yoast SEO plugin. -->","yoast_head_json":{"title":"Plant\u00e3o do Samu no Norte de Minas Gerais, 02 de novembro de 2015 - Aconteceu no Vale","robots":{"index":"index","follow":"follow","max-snippet":"max-snippet:-1","max-image-preview":"max-image-preview:large","max-video-preview":"max-video-preview:-1"},"canonical":"https:\/\/aconteceunovale.com.br\/portal\/?p=72042","og_locale":"pt_BR","og_type":"article","og_title":"Plant\u00e3o do Samu no Norte de Minas Gerais, 02 de novembro de 2015 - Aconteceu no Vale","og_description":"Segunda-feira, 02 de novembro de 2015 As unidades do SAMU realizaram na segunda-feira, 02\/11, em Montes Claros, 66 atendimentos, sendo 50 casos cl\u00ednicos; 11 pessoas feridas em acidentes de tr\u00e2nsito, 01 gestante em trabalho de parto; 01 v\u00edtima de afogamento; 02 v\u00edtimas de agress\u00e3o f\u00edsica e um acidente de trabalho ocorrido. Na madrugada desta ter\u00e7a-feira, [&hellip;]","og_url":"https:\/\/aconteceunovale.com.br\/portal\/?p=72042","og_site_name":"Aconteceu no Vale","article_publisher":"https:\/\/www.facebook.com\/aconteceunovale\/","article_published_time":"2015-11-03T11:29:12+00:00","og_image":[{"width":678,"height":322,"url":"https:\/\/aconteceunovale.com.br\/portal\/wp-content\/uploads\/2015\/05\/samu_2.jpg","type":"image\/jpeg"}],"author":"Reda\u00e7\u00e3o Aconteceu no Vale","twitter_card":"summary_large_image","twitter_creator":"@noticiadosvales","twitter_site":"@noticiadosvales","twitter_misc":{"Escrito por":"Reda\u00e7\u00e3o Aconteceu no Vale","Est. tempo de leitura":"2 minutos"},"schema":{"@context":"https:\/\/schema.org","@graph":[{"@type":"Article","@id":"https:\/\/aconteceunovale.com.br\/portal\/?p=72042#article","isPartOf":{"@id":"https:\/\/aconteceunovale.com.br\/portal\/?p=72042"},"author":{"name":"Reda\u00e7\u00e3o Aconteceu no Vale","@id":"https:\/\/aconteceunovale.com.br\/portal\/#\/schema\/person\/7d2f26d1483f8a63de73da1ee0754d35"},"headline":"Plant\u00e3o do Samu no Norte de Minas Gerais, 02 de novembro de 2015","datePublished":"2015-11-03T11:29:12+00:00","mainEntityOfPage":{"@id":"https:\/\/aconteceunovale.com.br\/portal\/?p=72042"},"wordCount":426,"commentCount":0,"image":{"@id":"https:\/\/aconteceunovale.com.br\/portal\/?p=72042#primaryimage"},"thumbnailUrl":"https:\/\/aconteceunovale.com.br\/portal\/wp-content\/uploads\/2015\/05\/samu_2.jpg","keywords":["02 de novembro de 2015","Jer\u00fasia Arruda","Montes Claros","plant\u00e3o do samu de montes claros","plant\u00e3o do samu do norte de minas","plant\u00e3o do samu macro norte","Plant\u00e3o do Samu no Norte de Minas Gerais","Plant\u00e3o do Samu no Norte de Minas Gerais 02 de novembro de 2015","SAMU de Montes Claros","samu do norte de minas","Samu Macro Norte"],"articleSection":["Norte de Minas"],"inLanguage":"pt-BR","potentialAction":[{"@type":"CommentAction","name":"Comment","target":["https:\/\/aconteceunovale.com.br\/portal\/?p=72042#respond"]}]},{"@type":"WebPage","@id":"https:\/\/aconteceunovale.com.br\/portal\/?p=72042","url":"https:\/\/aconteceunovale.com.br\/portal\/?p=72042","name":"Plant\u00e3o do Samu no Norte de Minas Gerais, 02 de novembro de 2015 - Aconteceu no Vale","isPartOf":{"@id":"https:\/\/aconteceunovale.com.br\/portal\/#website"},"primaryImageOfPage":{"@id":"https:\/\/aconteceunovale.com.br\/portal\/?p=72042#primaryimage"},"image":{"@id":"https:\/\/aconteceunovale.com.br\/portal\/?p=72042#primaryimage"},"thumbnailUrl":"https:\/\/aconteceunovale.com.br\/portal\/wp-content\/uploads\/2015\/05\/samu_2.jpg","datePublished":"2015-11-03T11:29:12+00:00","author":{"@id":"https:\/\/aconteceunovale.com.br\/portal\/#\/schema\/person\/7d2f26d1483f8a63de73da1ee0754d35"},"breadcrumb":{"@id":"https:\/\/aconteceunovale.com.br\/portal\/?p=72042#breadcrumb"},"inLanguage":"pt-BR","potentialAction":[{"@type":"ReadAction","target":["https:\/\/aconteceunovale.com.br\/portal\/?p=72042"]}]},{"@type":"ImageObject","inLanguage":"pt-BR","@id":"https:\/\/aconteceunovale.com.br\/portal\/?p=72042#primaryimage","url":"https:\/\/aconteceunovale.com.br\/portal\/wp-content\/uploads\/2015\/05\/samu_2.jpg","contentUrl":"https:\/\/aconteceunovale.com.br\/portal\/wp-content\/uploads\/2015\/05\/samu_2.jpg","width":678,"height":322},{"@type":"BreadcrumbList","@id":"https:\/\/aconteceunovale.com.br\/portal\/?p=72042#breadcrumb","itemListElement":[{"@type":"ListItem","position":1,"name":"In\u00edcio","item":"https:\/\/aconteceunovale.com.br\/portal\/"},{"@type":"ListItem","position":2,"name":"Plant\u00e3o do Samu no Norte de Minas Gerais, 02 de novembro de 2015"}]},{"@type":"WebSite","@id":"https:\/\/aconteceunovale.com.br\/portal\/#website","url":"https:\/\/aconteceunovale.com.br\/portal\/","name":"Aconteceu no Vale","description":"Portal de Not\u00edcias","potentialAction":[{"@type":"SearchAction","target":{"@type":"EntryPoint","urlTemplate":"https:\/\/aconteceunovale.com.br\/portal\/?s={search_term_string}"},"query-input":{"@type":"PropertyValueSpecification","valueRequired":true,"valueName":"search_term_string"}}],"inLanguage":"pt-BR"},{"@type":"Person","@id":"https:\/\/aconteceunovale.com.br\/portal\/#\/schema\/person\/7d2f26d1483f8a63de73da1ee0754d35","name":"Reda\u00e7\u00e3o Aconteceu no Vale","description":"Equipe de reportagem do Aconteceu no Vale, portal de not\u00edcias do Vale do Jequitinhonha, em Minas Gerais. Cobrimos as 51 cidades do Vale desde 2013. Sugest\u00f5es de pauta e pedidos de corre\u00e7\u00e3o: contato@aconteceunovale.com.br","url":"https:\/\/aconteceunovale.com.br\/portal\/?author=4"}]}},"_links":{"self":[{"href":"https:\/\/aconteceunovale.com.br\/portal\/index.php?rest_route=\/wp\/v2\/posts\/72042","targetHints":{"allow":["GET"]}}],"collection":[{"href":"https:\/\/aconteceunovale.com.br\/portal\/index.php?rest_route=\/wp\/v2\/posts"}],"about":[{"href":"https:\/\/aconteceunovale.com.br\/portal\/index.php?rest_route=\/wp\/v2\/types\/post"}],"author":[{"embeddable":true,"href":"https:\/\/aconteceunovale.com.br\/portal\/index.php?rest_route=\/wp\/v2\/users\/4"}],"replies":[{"embeddable":true,"href":"https:\/\/aconteceunovale.com.br\/portal\/index.php?rest_route=%2Fwp%2Fv2%2Fcomments&post=72042"}],"version-history":[{"count":0,"href":"https:\/\/aconteceunovale.com.br\/portal\/index.php?rest_route=\/wp\/v2\/posts\/72042\/revisions"}],"wp:featuredmedia":[{"embeddable":true,"href":"https:\/\/aconteceunovale.com.br\/portal\/index.php?rest_route=\/wp\/v2\/media\/58741"}],"wp:attachment":[{"href":"https:\/\/aconteceunovale.com.br\/portal\/index.php?rest_route=%2Fwp%2Fv2%2Fmedia&parent=72042"}],"wp:term":[{"taxonomy":"category","embeddable":true,"href":"https:\/\/aconteceunovale.com.br\/portal\/index.php?rest_route=%2Fwp%2Fv2%2Fcategories&post=72042"},{"taxonomy":"post_tag","embeddable":true,"href":"https:\/\/aconteceunovale.com.br\/portal\/index.php?rest_route=%2Fwp%2Fv2%2Ftags&post=72042"}],"curies":[{"name":"wp","href":"https:\/\/api.w.org\/{rel}","templated":true}]}}