{"id":72034,"date":"2015-11-02T22:33:09","date_gmt":"2015-11-03T01:33:09","guid":{"rendered":"http:\/\/aconteceunovale.com.br\/portal\/?p=72034"},"modified":"2015-11-02T22:33:09","modified_gmt":"2015-11-03T01:33:09","slug":"prazo-para-uso-de-cadeirinha-em-transporte-escolar-deve-ser-adiado-diz-contran","status":"publish","type":"post","link":"https:\/\/aconteceunovale.com.br\/portal\/?p=72034","title":{"rendered":"Prazo para uso de cadeirinha em transporte escolar deve ser adiado, diz Contran"},"content":{"rendered":"<p>O presidente do Conselho Nacional de Tr\u00e2nsito (Contran), Alberto Angerami, disse na quinta-feira (28\/10) que o prazo que obriga os motoristas de transporte escolar a equiparem seus ve\u00edculos com cadeirinhas e assentos de eleva\u00e7\u00e3o para crian\u00e7as at\u00e9 dez anos deve ser adiado.<\/p>\n<p>\u201cOs transportadores n\u00e3o precisam tomar provid\u00eancias de forma a\u00e7odada\u201d, afirmou Angerami durante audi\u00eancia p\u00fablica conjunta das Comiss\u00f5es de Educa\u00e7\u00e3o e de Servi\u00e7os de Infraestrutura do Senado. Ele acrescentou que, na pr\u00f3xima reuni\u00e3o colegiada do Conselho, marcada para 17 de novembro vai propor o adiamento das medidas fixadas na resolu\u00e7\u00e3o.<\/p>\n<p>Na mesma audi\u00eancia p\u00fablica, representantes de motoristas de transporte escolar disseram que n\u00e3o t\u00eam como cumprir a exig\u00eancia do Contran. A senadora Marta Suplicy (PMDB-SP) protocolou Projeto de Decreto Legislativo (374\/2015) que susta as resolu\u00e7\u00f5es do Contran n\u00fameros 533 e 541, ambas de 2015, que obrigam os transportadores escolares a equiparem seus ve\u00edculos com cadeirinhas e assentos de eleva\u00e7\u00e3o.<\/p>\n<p>\u201cOuvimos aqui: zero em fatalidade, muito poucos acidentes e sem les\u00f5es graves [quando acontecem s\u00e3o, geralmente, em transporte irregular], ve\u00edculos seguros e vistoriados, velocidade reduzida \u2013 andam a 30 km\/hora. Os dados est\u00e3o a\u00ed, dispon\u00edveis. Me parece justo o que os transportadores pedem: serem ouvidos nos f\u00f3runs de discuss\u00e3o [do Contran, Denatran, Minist\u00e9rio da Educa\u00e7\u00e3o], antes de qualquer resolu\u00e7\u00e3o\u201d, observou Marta.<\/p>\n<p>A senadora avaliou ainda que, se os transportadores escolares tivessem sido ouvidos, talvez n\u00e3o tivessem sido adotadas medidas incompat\u00edveis com a realidade. Al\u00e9m de pedirem o fim da exig\u00eancia das cadeirinhas os motoristas escolares pediram apoio para que eles tenham incentivos fiscais como financiamentos para a renova\u00e7\u00e3o de frota, com juros baixos e condi\u00e7\u00f5es vantajosas, a exemplo do que acontece com os taxistas. (Ag\u00eancia Brasil)<\/p>\n","protected":false},"excerpt":{"rendered":"<p>O presidente do Conselho Nacional de Tr\u00e2nsito (Contran), Alberto Angerami, disse na quinta-feira (28\/10) que o prazo que obriga os motoristas de transporte escolar a equiparem seus ve\u00edculos com cadeirinhas e assentos de eleva\u00e7\u00e3o para crian\u00e7as at\u00e9 dez anos deve ser adiado. \u201cOs transportadores n\u00e3o precisam tomar provid\u00eancias de forma a\u00e7odada\u201d, afirmou Angerami durante audi\u00eancia [&hellip;]<\/p>\n","protected":false},"author":4,"featured_media":72035,"comment_status":"open","ping_status":"closed","sticky":false,"template":"","format":"standard","meta":{"amp_status":"","footnotes":""},"categories":[6],"tags":[52445,64900,64899,64903,25297,64898,64902,64901,42333,64904],"class_list":["post-72034","post","type-post","status-publish","format-standard","has-post-thumbnail","hentry","category-br","tag-alberto-angerami","tag-assento-de-elevacao","tag-cadeirinha","tag-cadeirinha-em-transporte-escolar","tag-contran","tag-contran-deve-adiar-prazo-para-uso-de-cadeirinha-em-transporte-escolar","tag-diz-contran","tag-prazo-para-uso-de-cadeirinha-em-transporte-escolar-deve-ser-adiado","tag-transporte-escolar","tag-uso-de-cadeirinha-em-transporte-escolar"],"yoast_head":"<!-- This site is optimized with the Yoast SEO plugin v28.3 - https:\/\/yoast.com\/product\/yoast-seo-wordpress\/ -->\n<title>Prazo para uso de cadeirinha em transporte escolar deve ser adiado, diz Contran - Aconteceu no Vale<\/title>\n<meta name=\"robots\" content=\"index, follow, max-snippet:-1, max-image-preview:large, max-video-preview:-1\" \/>\n<link rel=\"canonical\" href=\"https:\/\/aconteceunovale.com.br\/portal\/?p=72034\" \/>\n<meta property=\"og:locale\" content=\"pt_BR\" \/>\n<meta property=\"og:type\" content=\"article\" \/>\n<meta property=\"og:title\" content=\"Prazo para uso de cadeirinha em transporte escolar deve ser adiado, diz Contran - Aconteceu no Vale\" \/>\n<meta property=\"og:description\" content=\"O presidente do Conselho Nacional de Tr\u00e2nsito (Contran), Alberto Angerami, disse na quinta-feira (28\/10) que o prazo que obriga os motoristas de transporte escolar a equiparem seus ve\u00edculos com cadeirinhas e assentos de eleva\u00e7\u00e3o para crian\u00e7as at\u00e9 dez anos deve ser adiado. \u201cOs transportadores n\u00e3o precisam tomar provid\u00eancias de forma a\u00e7odada\u201d, afirmou Angerami durante audi\u00eancia [&hellip;]\" \/>\n<meta property=\"og:url\" content=\"https:\/\/aconteceunovale.com.br\/portal\/?p=72034\" \/>\n<meta property=\"og:site_name\" content=\"Aconteceu no Vale\" \/>\n<meta property=\"article:publisher\" content=\"https:\/\/www.facebook.com\/aconteceunovale\/\" \/>\n<meta property=\"article:published_time\" content=\"2015-11-03T01:33:09+00:00\" \/>\n<meta property=\"og:image\" content=\"https:\/\/aconteceunovale.com.br\/portal\/wp-content\/uploads\/2015\/11\/uso_cadeirinha.jpg\" \/>\n\t<meta property=\"og:image:width\" content=\"675\" \/>\n\t<meta property=\"og:image:height\" content=\"450\" \/>\n\t<meta property=\"og:image:type\" content=\"image\/jpeg\" \/>\n<meta name=\"author\" content=\"Reda\u00e7\u00e3o Aconteceu no Vale\" \/>\n<meta name=\"twitter:card\" content=\"summary_large_image\" \/>\n<meta name=\"twitter:creator\" content=\"@noticiadosvales\" \/>\n<meta name=\"twitter:site\" content=\"@noticiadosvales\" \/>\n<meta name=\"twitter:label1\" content=\"Escrito por\" \/>\n\t<meta name=\"twitter:data1\" content=\"Reda\u00e7\u00e3o Aconteceu no Vale\" \/>\n\t<meta name=\"twitter:label2\" content=\"Est. tempo de leitura\" \/>\n\t<meta name=\"twitter:data2\" content=\"2 minutos\" \/>\n<script type=\"application\/ld+json\" class=\"yoast-schema-graph\">{\"@context\":\"https:\\\/\\\/schema.org\",\"@graph\":[{\"@type\":\"Article\",\"@id\":\"https:\\\/\\\/aconteceunovale.com.br\\\/portal\\\/?p=72034#article\",\"isPartOf\":{\"@id\":\"https:\\\/\\\/aconteceunovale.com.br\\\/portal\\\/?p=72034\"},\"author\":{\"name\":\"Reda\u00e7\u00e3o Aconteceu no Vale\",\"@id\":\"https:\\\/\\\/aconteceunovale.com.br\\\/portal\\\/#\\\/schema\\\/person\\\/7d2f26d1483f8a63de73da1ee0754d35\"},\"headline\":\"Prazo para uso de cadeirinha em transporte escolar deve ser adiado, diz Contran\",\"datePublished\":\"2015-11-03T01:33:09+00:00\",\"mainEntityOfPage\":{\"@id\":\"https:\\\/\\\/aconteceunovale.com.br\\\/portal\\\/?p=72034\"},\"wordCount\":323,\"commentCount\":0,\"image\":{\"@id\":\"https:\\\/\\\/aconteceunovale.com.br\\\/portal\\\/?p=72034#primaryimage\"},\"thumbnailUrl\":\"https:\\\/\\\/aconteceunovale.com.br\\\/portal\\\/wp-content\\\/uploads\\\/2015\\\/11\\\/uso_cadeirinha.jpg\",\"keywords\":[\"Alberto Angerami\",\"ASSENTO DE ELEVA\u00c7\u00c3O\",\"CADEIRINHA\",\"cadeirinha em transporte escolar\",\"Contran\",\"Contran deve adiar prazo para uso de cadeirinha em transporte escolar\",\"diz Contran\",\"Prazo para uso de cadeirinha em transporte escolar deve ser adiado\",\"transporte escolar\",\"Uso de cadeirinha em transporte escolar\"],\"articleSection\":[\"Brasil\"],\"inLanguage\":\"pt-BR\",\"potentialAction\":[{\"@type\":\"CommentAction\",\"name\":\"Comment\",\"target\":[\"https:\\\/\\\/aconteceunovale.com.br\\\/portal\\\/?p=72034#respond\"]}]},{\"@type\":\"WebPage\",\"@id\":\"https:\\\/\\\/aconteceunovale.com.br\\\/portal\\\/?p=72034\",\"url\":\"https:\\\/\\\/aconteceunovale.com.br\\\/portal\\\/?p=72034\",\"name\":\"Prazo para uso de cadeirinha em transporte escolar deve ser adiado, diz Contran - Aconteceu no Vale\",\"isPartOf\":{\"@id\":\"https:\\\/\\\/aconteceunovale.com.br\\\/portal\\\/#website\"},\"primaryImageOfPage\":{\"@id\":\"https:\\\/\\\/aconteceunovale.com.br\\\/portal\\\/?p=72034#primaryimage\"},\"image\":{\"@id\":\"https:\\\/\\\/aconteceunovale.com.br\\\/portal\\\/?p=72034#primaryimage\"},\"thumbnailUrl\":\"https:\\\/\\\/aconteceunovale.com.br\\\/portal\\\/wp-content\\\/uploads\\\/2015\\\/11\\\/uso_cadeirinha.jpg\",\"datePublished\":\"2015-11-03T01:33:09+00:00\",\"author\":{\"@id\":\"https:\\\/\\\/aconteceunovale.com.br\\\/portal\\\/#\\\/schema\\\/person\\\/7d2f26d1483f8a63de73da1ee0754d35\"},\"breadcrumb\":{\"@id\":\"https:\\\/\\\/aconteceunovale.com.br\\\/portal\\\/?p=72034#breadcrumb\"},\"inLanguage\":\"pt-BR\",\"potentialAction\":[{\"@type\":\"ReadAction\",\"target\":[\"https:\\\/\\\/aconteceunovale.com.br\\\/portal\\\/?p=72034\"]}]},{\"@type\":\"ImageObject\",\"inLanguage\":\"pt-BR\",\"@id\":\"https:\\\/\\\/aconteceunovale.com.br\\\/portal\\\/?p=72034#primaryimage\",\"url\":\"https:\\\/\\\/aconteceunovale.com.br\\\/portal\\\/wp-content\\\/uploads\\\/2015\\\/11\\\/uso_cadeirinha.jpg\",\"contentUrl\":\"https:\\\/\\\/aconteceunovale.com.br\\\/portal\\\/wp-content\\\/uploads\\\/2015\\\/11\\\/uso_cadeirinha.jpg\",\"width\":675,\"height\":450},{\"@type\":\"BreadcrumbList\",\"@id\":\"https:\\\/\\\/aconteceunovale.com.br\\\/portal\\\/?p=72034#breadcrumb\",\"itemListElement\":[{\"@type\":\"ListItem\",\"position\":1,\"name\":\"In\u00edcio\",\"item\":\"https:\\\/\\\/aconteceunovale.com.br\\\/portal\\\/\"},{\"@type\":\"ListItem\",\"position\":2,\"name\":\"Prazo para uso de cadeirinha em transporte escolar deve ser adiado, diz Contran\"}]},{\"@type\":\"WebSite\",\"@id\":\"https:\\\/\\\/aconteceunovale.com.br\\\/portal\\\/#website\",\"url\":\"https:\\\/\\\/aconteceunovale.com.br\\\/portal\\\/\",\"name\":\"Aconteceu no Vale\",\"description\":\"Portal de Not\u00edcias\",\"potentialAction\":[{\"@type\":\"SearchAction\",\"target\":{\"@type\":\"EntryPoint\",\"urlTemplate\":\"https:\\\/\\\/aconteceunovale.com.br\\\/portal\\\/?s={search_term_string}\"},\"query-input\":{\"@type\":\"PropertyValueSpecification\",\"valueRequired\":true,\"valueName\":\"search_term_string\"}}],\"inLanguage\":\"pt-BR\"},{\"@type\":\"Person\",\"@id\":\"https:\\\/\\\/aconteceunovale.com.br\\\/portal\\\/#\\\/schema\\\/person\\\/7d2f26d1483f8a63de73da1ee0754d35\",\"name\":\"Reda\u00e7\u00e3o Aconteceu no Vale\",\"description\":\"Equipe de reportagem do Aconteceu no Vale, portal de not\u00edcias do Vale do Jequitinhonha, em Minas Gerais. Cobrimos as 51 cidades do Vale desde 2013. Sugest\u00f5es de pauta e pedidos de corre\u00e7\u00e3o: contato@aconteceunovale.com.br\",\"url\":\"https:\\\/\\\/aconteceunovale.com.br\\\/portal\\\/?author=4\"}]}<\/script>\n<!-- \/ Yoast SEO plugin. -->","yoast_head_json":{"title":"Prazo para uso de cadeirinha em transporte escolar deve ser adiado, diz Contran - Aconteceu no Vale","robots":{"index":"index","follow":"follow","max-snippet":"max-snippet:-1","max-image-preview":"max-image-preview:large","max-video-preview":"max-video-preview:-1"},"canonical":"https:\/\/aconteceunovale.com.br\/portal\/?p=72034","og_locale":"pt_BR","og_type":"article","og_title":"Prazo para uso de cadeirinha em transporte escolar deve ser adiado, diz Contran - Aconteceu no Vale","og_description":"O presidente do Conselho Nacional de Tr\u00e2nsito (Contran), Alberto Angerami, disse na quinta-feira (28\/10) que o prazo que obriga os motoristas de transporte escolar a equiparem seus ve\u00edculos com cadeirinhas e assentos de eleva\u00e7\u00e3o para crian\u00e7as at\u00e9 dez anos deve ser adiado. \u201cOs transportadores n\u00e3o precisam tomar provid\u00eancias de forma a\u00e7odada\u201d, afirmou Angerami durante audi\u00eancia [&hellip;]","og_url":"https:\/\/aconteceunovale.com.br\/portal\/?p=72034","og_site_name":"Aconteceu no Vale","article_publisher":"https:\/\/www.facebook.com\/aconteceunovale\/","article_published_time":"2015-11-03T01:33:09+00:00","og_image":[{"width":675,"height":450,"url":"https:\/\/aconteceunovale.com.br\/portal\/wp-content\/uploads\/2015\/11\/uso_cadeirinha.jpg","type":"image\/jpeg"}],"author":"Reda\u00e7\u00e3o Aconteceu no Vale","twitter_card":"summary_large_image","twitter_creator":"@noticiadosvales","twitter_site":"@noticiadosvales","twitter_misc":{"Escrito por":"Reda\u00e7\u00e3o Aconteceu no Vale","Est. tempo de leitura":"2 minutos"},"schema":{"@context":"https:\/\/schema.org","@graph":[{"@type":"Article","@id":"https:\/\/aconteceunovale.com.br\/portal\/?p=72034#article","isPartOf":{"@id":"https:\/\/aconteceunovale.com.br\/portal\/?p=72034"},"author":{"name":"Reda\u00e7\u00e3o Aconteceu no Vale","@id":"https:\/\/aconteceunovale.com.br\/portal\/#\/schema\/person\/7d2f26d1483f8a63de73da1ee0754d35"},"headline":"Prazo para uso de cadeirinha em transporte escolar deve ser adiado, diz Contran","datePublished":"2015-11-03T01:33:09+00:00","mainEntityOfPage":{"@id":"https:\/\/aconteceunovale.com.br\/portal\/?p=72034"},"wordCount":323,"commentCount":0,"image":{"@id":"https:\/\/aconteceunovale.com.br\/portal\/?p=72034#primaryimage"},"thumbnailUrl":"https:\/\/aconteceunovale.com.br\/portal\/wp-content\/uploads\/2015\/11\/uso_cadeirinha.jpg","keywords":["Alberto Angerami","ASSENTO DE ELEVA\u00c7\u00c3O","CADEIRINHA","cadeirinha em transporte escolar","Contran","Contran deve adiar prazo para uso de cadeirinha em transporte escolar","diz Contran","Prazo para uso de cadeirinha em transporte escolar deve ser adiado","transporte escolar","Uso de cadeirinha em transporte escolar"],"articleSection":["Brasil"],"inLanguage":"pt-BR","potentialAction":[{"@type":"CommentAction","name":"Comment","target":["https:\/\/aconteceunovale.com.br\/portal\/?p=72034#respond"]}]},{"@type":"WebPage","@id":"https:\/\/aconteceunovale.com.br\/portal\/?p=72034","url":"https:\/\/aconteceunovale.com.br\/portal\/?p=72034","name":"Prazo para uso de cadeirinha em transporte escolar deve ser adiado, diz Contran - Aconteceu no Vale","isPartOf":{"@id":"https:\/\/aconteceunovale.com.br\/portal\/#website"},"primaryImageOfPage":{"@id":"https:\/\/aconteceunovale.com.br\/portal\/?p=72034#primaryimage"},"image":{"@id":"https:\/\/aconteceunovale.com.br\/portal\/?p=72034#primaryimage"},"thumbnailUrl":"https:\/\/aconteceunovale.com.br\/portal\/wp-content\/uploads\/2015\/11\/uso_cadeirinha.jpg","datePublished":"2015-11-03T01:33:09+00:00","author":{"@id":"https:\/\/aconteceunovale.com.br\/portal\/#\/schema\/person\/7d2f26d1483f8a63de73da1ee0754d35"},"breadcrumb":{"@id":"https:\/\/aconteceunovale.com.br\/portal\/?p=72034#breadcrumb"},"inLanguage":"pt-BR","potentialAction":[{"@type":"ReadAction","target":["https:\/\/aconteceunovale.com.br\/portal\/?p=72034"]}]},{"@type":"ImageObject","inLanguage":"pt-BR","@id":"https:\/\/aconteceunovale.com.br\/portal\/?p=72034#primaryimage","url":"https:\/\/aconteceunovale.com.br\/portal\/wp-content\/uploads\/2015\/11\/uso_cadeirinha.jpg","contentUrl":"https:\/\/aconteceunovale.com.br\/portal\/wp-content\/uploads\/2015\/11\/uso_cadeirinha.jpg","width":675,"height":450},{"@type":"BreadcrumbList","@id":"https:\/\/aconteceunovale.com.br\/portal\/?p=72034#breadcrumb","itemListElement":[{"@type":"ListItem","position":1,"name":"In\u00edcio","item":"https:\/\/aconteceunovale.com.br\/portal\/"},{"@type":"ListItem","position":2,"name":"Prazo para uso de cadeirinha em transporte escolar deve ser adiado, diz Contran"}]},{"@type":"WebSite","@id":"https:\/\/aconteceunovale.com.br\/portal\/#website","url":"https:\/\/aconteceunovale.com.br\/portal\/","name":"Aconteceu no Vale","description":"Portal de Not\u00edcias","potentialAction":[{"@type":"SearchAction","target":{"@type":"EntryPoint","urlTemplate":"https:\/\/aconteceunovale.com.br\/portal\/?s={search_term_string}"},"query-input":{"@type":"PropertyValueSpecification","valueRequired":true,"valueName":"search_term_string"}}],"inLanguage":"pt-BR"},{"@type":"Person","@id":"https:\/\/aconteceunovale.com.br\/portal\/#\/schema\/person\/7d2f26d1483f8a63de73da1ee0754d35","name":"Reda\u00e7\u00e3o Aconteceu no Vale","description":"Equipe de reportagem do Aconteceu no Vale, portal de not\u00edcias do Vale do Jequitinhonha, em Minas Gerais. Cobrimos as 51 cidades do Vale desde 2013. Sugest\u00f5es de pauta e pedidos de corre\u00e7\u00e3o: contato@aconteceunovale.com.br","url":"https:\/\/aconteceunovale.com.br\/portal\/?author=4"}]}},"_links":{"self":[{"href":"https:\/\/aconteceunovale.com.br\/portal\/index.php?rest_route=\/wp\/v2\/posts\/72034","targetHints":{"allow":["GET"]}}],"collection":[{"href":"https:\/\/aconteceunovale.com.br\/portal\/index.php?rest_route=\/wp\/v2\/posts"}],"about":[{"href":"https:\/\/aconteceunovale.com.br\/portal\/index.php?rest_route=\/wp\/v2\/types\/post"}],"author":[{"embeddable":true,"href":"https:\/\/aconteceunovale.com.br\/portal\/index.php?rest_route=\/wp\/v2\/users\/4"}],"replies":[{"embeddable":true,"href":"https:\/\/aconteceunovale.com.br\/portal\/index.php?rest_route=%2Fwp%2Fv2%2Fcomments&post=72034"}],"version-history":[{"count":0,"href":"https:\/\/aconteceunovale.com.br\/portal\/index.php?rest_route=\/wp\/v2\/posts\/72034\/revisions"}],"wp:featuredmedia":[{"embeddable":true,"href":"https:\/\/aconteceunovale.com.br\/portal\/index.php?rest_route=\/wp\/v2\/media\/72035"}],"wp:attachment":[{"href":"https:\/\/aconteceunovale.com.br\/portal\/index.php?rest_route=%2Fwp%2Fv2%2Fmedia&parent=72034"}],"wp:term":[{"taxonomy":"category","embeddable":true,"href":"https:\/\/aconteceunovale.com.br\/portal\/index.php?rest_route=%2Fwp%2Fv2%2Fcategories&post=72034"},{"taxonomy":"post_tag","embeddable":true,"href":"https:\/\/aconteceunovale.com.br\/portal\/index.php?rest_route=%2Fwp%2Fv2%2Ftags&post=72034"}],"curies":[{"name":"wp","href":"https:\/\/api.w.org\/{rel}","templated":true}]}}