{"id":72031,"date":"2015-11-02T22:27:06","date_gmt":"2015-11-03T01:27:06","guid":{"rendered":"http:\/\/aconteceunovale.com.br\/portal\/?p=72031"},"modified":"2015-11-02T22:27:06","modified_gmt":"2015-11-03T01:27:06","slug":"defensoria-publica-da-uniao-reabre-concurso-publico-com-143-vagas","status":"publish","type":"post","link":"https:\/\/aconteceunovale.com.br\/portal\/?p=72031","title":{"rendered":"Defensoria P\u00fablica da Uni\u00e3o reabre concurso p\u00fablico com 143 vagas"},"content":{"rendered":"<p>A Defensoria P\u00fablica da Uni\u00e3o (DPU) est\u00e1 com o prazo de inscri\u00e7\u00e3o reaberto para o Concurso P\u00fablico com 143 vagas para cargos de n\u00edveis m\u00e9dio e superior, e forma\u00e7\u00e3o de cadastro reserva. Os profissionais devem acessar o site da organizadora, <a href=\"http:\/\/www.cespe.unb.br\/concursos\/dpu_15_administrativo\" target=\"_blank\">www.cespe.unb.br<\/a>, entre os dias 9 e 22 de novembro de 2015, preencher o formul\u00e1rio e efetuar, em qualquer ag\u00eancia banc\u00e1ria, o pagamento das taxas nos valores de R$ 70,00 ou R$ 100,00.<\/p>\n<p>O documento que trata da reabertura tamb\u00e9m orienta os candidatos que n\u00e3o desejam mais concorrer neste certame, a solicitarem a devolu\u00e7\u00e3o do valor j\u00e1 pago.<\/p>\n<p>H\u00e1 oportunidades distribu\u00eddas entre os cargos de Analista T\u00e9cnico-Administrativo (34), Arquivista, Assistente Social, Bibliotec\u00e1rio, Contador (1), Economista (1), Psic\u00f3logo (1), Soci\u00f3logo, T\u00e9cnico em Assuntos Educacionais, T\u00e9cnico em Comunica\u00e7\u00e3o Social &#8211; Jornalismo (1) e Agente Administrativo (105).<\/p>\n<p>As remunera\u00e7\u00f5es s\u00e3o de R$ 3.817,98 ou R$ 5.266,18, de acordo com a forma\u00e7\u00e3o educacional, j\u00e1 que em todas as fun\u00e7\u00f5es a jornada de trabalho \u00e9 constitu\u00edda por 40 horas semanais. Cada sal\u00e1rio \u00e9 composto por vencimento b\u00e1sico, Gratifica\u00e7\u00e3o de Desempenho do Plano Geral de Cargos do Poder Executivo (GDPGPE) e aux\u00edlio alimenta\u00e7\u00e3o.<\/p>\n<p>A etapa de avalia\u00e7\u00e3o dos participantes \u00e9 composta por Prova Objetiva, cuja data prevista de aplica\u00e7\u00e3o foi alterada para 24 de janeiro de 2016, por conta da reabertura das inscri\u00e7\u00f5es.<\/p>\n<p>O conte\u00fado program\u00e1tico sugerido para o teste est\u00e1 discriminado no edital de abertura, que pode ser conferido em nosso site, assim como os demais documentos j\u00e1 publicados.<\/p>\n<p>Os cargos ser\u00e3o preenchidos nos Estados do Acre, Alagoas, Amap\u00e1, Amazonas, Bahia, Cear\u00e1, Distrito Federal, Espirito Santo, Goi\u00e1s, Maranh\u00e3o, Mato Grosso, Mato Grosso do Sul, Minas Gerais, Par\u00e1, Para\u00edba, Paran\u00e1, Pernambuco, Piau\u00ed, Rio de Janeiro, Rio Grande do Norte, Rio Grande do Sul, Rond\u00f4nia, Roraima, Santa Catarina, S\u00e3o Paulo, Sergipe e Tocantins, de acordo com a disponibilidade de vaga e necessidade do \u00f3rg\u00e3o.<\/p>\n<p>A validade da classifica\u00e7\u00e3o final ser\u00e1 de um ano, podendo ser prorrogada, uma \u00fanica vez, por igual per\u00edodo. (PCI Concurso)<\/p>\n","protected":false},"excerpt":{"rendered":"<p>A Defensoria P\u00fablica da Uni\u00e3o (DPU) est\u00e1 com o prazo de inscri\u00e7\u00e3o reaberto para o Concurso P\u00fablico com 143 vagas para cargos de n\u00edveis m\u00e9dio e superior, e forma\u00e7\u00e3o de cadastro reserva. Os profissionais devem acessar o site da organizadora, www.cespe.unb.br, entre os dias 9 e 22 de novembro de 2015, preencher o formul\u00e1rio e [&hellip;]<\/p>\n","protected":false},"author":4,"featured_media":72032,"comment_status":"open","ping_status":"closed","sticky":false,"template":"","format":"standard","meta":{"amp_status":"","footnotes":""},"categories":[6,40237,40236],"tags":[64891,64893,64890,64889,64892,64894,64897,64896,64895],"class_list":["post-72031","post","type-post","status-publish","format-standard","has-post-thumbnail","hentry","category-br","category-concursos","category-empregos-2","tag-concurso-da-defensoria-publica-da-uniao","tag-concurso-dpu","tag-concurso-publico-da-defensoria-publica-da-uniao","tag-defensoria-publica-da-uniao-reabre-concurso-publico-com-143-vagas","tag-dpu","tag-edital-concurso-da-defensoria-publica-da-uniao","tag-inscrever-concurso-da-defensoria-publica-da-uniao","tag-inscrever-defensoria-publica-da-uniao","tag-inscricao-concurso-publico-da-defensoria-publica-da-uniao"],"yoast_head":"<!-- This site is optimized with the Yoast SEO plugin v28.3 - https:\/\/yoast.com\/product\/yoast-seo-wordpress\/ -->\n<title>Defensoria P\u00fablica da Uni\u00e3o reabre concurso p\u00fablico com 143 vagas - Aconteceu no Vale<\/title>\n<meta name=\"robots\" content=\"index, follow, max-snippet:-1, max-image-preview:large, max-video-preview:-1\" \/>\n<link rel=\"canonical\" href=\"https:\/\/aconteceunovale.com.br\/portal\/?p=72031\" \/>\n<meta property=\"og:locale\" content=\"pt_BR\" \/>\n<meta property=\"og:type\" content=\"article\" \/>\n<meta property=\"og:title\" content=\"Defensoria P\u00fablica da Uni\u00e3o reabre concurso p\u00fablico com 143 vagas - Aconteceu no Vale\" \/>\n<meta property=\"og:description\" content=\"A Defensoria P\u00fablica da Uni\u00e3o (DPU) est\u00e1 com o prazo de inscri\u00e7\u00e3o reaberto para o Concurso P\u00fablico com 143 vagas para cargos de n\u00edveis m\u00e9dio e superior, e forma\u00e7\u00e3o de cadastro reserva. Os profissionais devem acessar o site da organizadora, www.cespe.unb.br, entre os dias 9 e 22 de novembro de 2015, preencher o formul\u00e1rio e [&hellip;]\" \/>\n<meta property=\"og:url\" content=\"https:\/\/aconteceunovale.com.br\/portal\/?p=72031\" \/>\n<meta property=\"og:site_name\" content=\"Aconteceu no Vale\" \/>\n<meta property=\"article:publisher\" content=\"https:\/\/www.facebook.com\/aconteceunovale\/\" \/>\n<meta property=\"article:published_time\" content=\"2015-11-03T01:27:06+00:00\" \/>\n<meta property=\"og:image\" content=\"https:\/\/aconteceunovale.com.br\/portal\/wp-content\/uploads\/2015\/11\/dpu.jpg\" \/>\n\t<meta property=\"og:image:width\" content=\"640\" \/>\n\t<meta property=\"og:image:height\" content=\"360\" \/>\n\t<meta property=\"og:image:type\" content=\"image\/jpeg\" \/>\n<meta name=\"author\" content=\"Reda\u00e7\u00e3o Aconteceu no Vale\" \/>\n<meta name=\"twitter:card\" content=\"summary_large_image\" \/>\n<meta name=\"twitter:creator\" content=\"@noticiadosvales\" \/>\n<meta name=\"twitter:site\" content=\"@noticiadosvales\" \/>\n<meta name=\"twitter:label1\" content=\"Escrito por\" \/>\n\t<meta name=\"twitter:data1\" content=\"Reda\u00e7\u00e3o Aconteceu no Vale\" \/>\n\t<meta name=\"twitter:label2\" content=\"Est. tempo de leitura\" \/>\n\t<meta name=\"twitter:data2\" content=\"2 minutos\" \/>\n<script type=\"application\/ld+json\" class=\"yoast-schema-graph\">{\"@context\":\"https:\\\/\\\/schema.org\",\"@graph\":[{\"@type\":\"Article\",\"@id\":\"https:\\\/\\\/aconteceunovale.com.br\\\/portal\\\/?p=72031#article\",\"isPartOf\":{\"@id\":\"https:\\\/\\\/aconteceunovale.com.br\\\/portal\\\/?p=72031\"},\"author\":{\"name\":\"Reda\u00e7\u00e3o Aconteceu no Vale\",\"@id\":\"https:\\\/\\\/aconteceunovale.com.br\\\/portal\\\/#\\\/schema\\\/person\\\/7d2f26d1483f8a63de73da1ee0754d35\"},\"headline\":\"Defensoria P\u00fablica da Uni\u00e3o reabre concurso p\u00fablico com 143 vagas\",\"datePublished\":\"2015-11-03T01:27:06+00:00\",\"mainEntityOfPage\":{\"@id\":\"https:\\\/\\\/aconteceunovale.com.br\\\/portal\\\/?p=72031\"},\"wordCount\":366,\"commentCount\":0,\"image\":{\"@id\":\"https:\\\/\\\/aconteceunovale.com.br\\\/portal\\\/?p=72031#primaryimage\"},\"thumbnailUrl\":\"https:\\\/\\\/aconteceunovale.com.br\\\/portal\\\/wp-content\\\/uploads\\\/2015\\\/11\\\/dpu.jpg\",\"keywords\":[\"concurso da Defensoria P\u00fablica da Uni\u00e3o\",\"Concurso DPU\",\"concurso p\u00fablico da Defensoria P\u00fablica da Uni\u00e3o\",\"Defensoria P\u00fablica da Uni\u00e3o reabre concurso p\u00fablico com 143 vagas\",\"DPU\",\"Edital concurso da Defensoria P\u00fablica da Uni\u00e3o\",\"inscrever concurso da Defensoria P\u00fablica da Uni\u00e3o\",\"inscrever Defensoria P\u00fablica da Uni\u00e3o\",\"Inscri\u00e7\u00e3o concurso p\u00fablico da Defensoria P\u00fablica da Uni\u00e3o\"],\"articleSection\":[\"Brasil\",\"Concursos\",\"Empregos\"],\"inLanguage\":\"pt-BR\",\"potentialAction\":[{\"@type\":\"CommentAction\",\"name\":\"Comment\",\"target\":[\"https:\\\/\\\/aconteceunovale.com.br\\\/portal\\\/?p=72031#respond\"]}]},{\"@type\":\"WebPage\",\"@id\":\"https:\\\/\\\/aconteceunovale.com.br\\\/portal\\\/?p=72031\",\"url\":\"https:\\\/\\\/aconteceunovale.com.br\\\/portal\\\/?p=72031\",\"name\":\"Defensoria P\u00fablica da Uni\u00e3o reabre concurso p\u00fablico com 143 vagas - Aconteceu no Vale\",\"isPartOf\":{\"@id\":\"https:\\\/\\\/aconteceunovale.com.br\\\/portal\\\/#website\"},\"primaryImageOfPage\":{\"@id\":\"https:\\\/\\\/aconteceunovale.com.br\\\/portal\\\/?p=72031#primaryimage\"},\"image\":{\"@id\":\"https:\\\/\\\/aconteceunovale.com.br\\\/portal\\\/?p=72031#primaryimage\"},\"thumbnailUrl\":\"https:\\\/\\\/aconteceunovale.com.br\\\/portal\\\/wp-content\\\/uploads\\\/2015\\\/11\\\/dpu.jpg\",\"datePublished\":\"2015-11-03T01:27:06+00:00\",\"author\":{\"@id\":\"https:\\\/\\\/aconteceunovale.com.br\\\/portal\\\/#\\\/schema\\\/person\\\/7d2f26d1483f8a63de73da1ee0754d35\"},\"breadcrumb\":{\"@id\":\"https:\\\/\\\/aconteceunovale.com.br\\\/portal\\\/?p=72031#breadcrumb\"},\"inLanguage\":\"pt-BR\",\"potentialAction\":[{\"@type\":\"ReadAction\",\"target\":[\"https:\\\/\\\/aconteceunovale.com.br\\\/portal\\\/?p=72031\"]}]},{\"@type\":\"ImageObject\",\"inLanguage\":\"pt-BR\",\"@id\":\"https:\\\/\\\/aconteceunovale.com.br\\\/portal\\\/?p=72031#primaryimage\",\"url\":\"https:\\\/\\\/aconteceunovale.com.br\\\/portal\\\/wp-content\\\/uploads\\\/2015\\\/11\\\/dpu.jpg\",\"contentUrl\":\"https:\\\/\\\/aconteceunovale.com.br\\\/portal\\\/wp-content\\\/uploads\\\/2015\\\/11\\\/dpu.jpg\",\"width\":640,\"height\":360},{\"@type\":\"BreadcrumbList\",\"@id\":\"https:\\\/\\\/aconteceunovale.com.br\\\/portal\\\/?p=72031#breadcrumb\",\"itemListElement\":[{\"@type\":\"ListItem\",\"position\":1,\"name\":\"In\u00edcio\",\"item\":\"https:\\\/\\\/aconteceunovale.com.br\\\/portal\\\/\"},{\"@type\":\"ListItem\",\"position\":2,\"name\":\"Defensoria P\u00fablica da Uni\u00e3o reabre concurso p\u00fablico com 143 vagas\"}]},{\"@type\":\"WebSite\",\"@id\":\"https:\\\/\\\/aconteceunovale.com.br\\\/portal\\\/#website\",\"url\":\"https:\\\/\\\/aconteceunovale.com.br\\\/portal\\\/\",\"name\":\"Aconteceu no Vale\",\"description\":\"Portal de Not\u00edcias\",\"potentialAction\":[{\"@type\":\"SearchAction\",\"target\":{\"@type\":\"EntryPoint\",\"urlTemplate\":\"https:\\\/\\\/aconteceunovale.com.br\\\/portal\\\/?s={search_term_string}\"},\"query-input\":{\"@type\":\"PropertyValueSpecification\",\"valueRequired\":true,\"valueName\":\"search_term_string\"}}],\"inLanguage\":\"pt-BR\"},{\"@type\":\"Person\",\"@id\":\"https:\\\/\\\/aconteceunovale.com.br\\\/portal\\\/#\\\/schema\\\/person\\\/7d2f26d1483f8a63de73da1ee0754d35\",\"name\":\"Reda\u00e7\u00e3o Aconteceu no Vale\",\"description\":\"Equipe de reportagem do Aconteceu no Vale, portal de not\u00edcias do Vale do Jequitinhonha, em Minas Gerais. Cobrimos as 51 cidades do Vale desde 2013. Sugest\u00f5es de pauta e pedidos de corre\u00e7\u00e3o: contato@aconteceunovale.com.br\",\"url\":\"https:\\\/\\\/aconteceunovale.com.br\\\/portal\\\/?author=4\"}]}<\/script>\n<!-- \/ Yoast SEO plugin. -->","yoast_head_json":{"title":"Defensoria P\u00fablica da Uni\u00e3o reabre concurso p\u00fablico com 143 vagas - Aconteceu no Vale","robots":{"index":"index","follow":"follow","max-snippet":"max-snippet:-1","max-image-preview":"max-image-preview:large","max-video-preview":"max-video-preview:-1"},"canonical":"https:\/\/aconteceunovale.com.br\/portal\/?p=72031","og_locale":"pt_BR","og_type":"article","og_title":"Defensoria P\u00fablica da Uni\u00e3o reabre concurso p\u00fablico com 143 vagas - Aconteceu no Vale","og_description":"A Defensoria P\u00fablica da Uni\u00e3o (DPU) est\u00e1 com o prazo de inscri\u00e7\u00e3o reaberto para o Concurso P\u00fablico com 143 vagas para cargos de n\u00edveis m\u00e9dio e superior, e forma\u00e7\u00e3o de cadastro reserva. Os profissionais devem acessar o site da organizadora, www.cespe.unb.br, entre os dias 9 e 22 de novembro de 2015, preencher o formul\u00e1rio e [&hellip;]","og_url":"https:\/\/aconteceunovale.com.br\/portal\/?p=72031","og_site_name":"Aconteceu no Vale","article_publisher":"https:\/\/www.facebook.com\/aconteceunovale\/","article_published_time":"2015-11-03T01:27:06+00:00","og_image":[{"width":640,"height":360,"url":"https:\/\/aconteceunovale.com.br\/portal\/wp-content\/uploads\/2015\/11\/dpu.jpg","type":"image\/jpeg"}],"author":"Reda\u00e7\u00e3o Aconteceu no Vale","twitter_card":"summary_large_image","twitter_creator":"@noticiadosvales","twitter_site":"@noticiadosvales","twitter_misc":{"Escrito por":"Reda\u00e7\u00e3o Aconteceu no Vale","Est. tempo de leitura":"2 minutos"},"schema":{"@context":"https:\/\/schema.org","@graph":[{"@type":"Article","@id":"https:\/\/aconteceunovale.com.br\/portal\/?p=72031#article","isPartOf":{"@id":"https:\/\/aconteceunovale.com.br\/portal\/?p=72031"},"author":{"name":"Reda\u00e7\u00e3o Aconteceu no Vale","@id":"https:\/\/aconteceunovale.com.br\/portal\/#\/schema\/person\/7d2f26d1483f8a63de73da1ee0754d35"},"headline":"Defensoria P\u00fablica da Uni\u00e3o reabre concurso p\u00fablico com 143 vagas","datePublished":"2015-11-03T01:27:06+00:00","mainEntityOfPage":{"@id":"https:\/\/aconteceunovale.com.br\/portal\/?p=72031"},"wordCount":366,"commentCount":0,"image":{"@id":"https:\/\/aconteceunovale.com.br\/portal\/?p=72031#primaryimage"},"thumbnailUrl":"https:\/\/aconteceunovale.com.br\/portal\/wp-content\/uploads\/2015\/11\/dpu.jpg","keywords":["concurso da Defensoria P\u00fablica da Uni\u00e3o","Concurso DPU","concurso p\u00fablico da Defensoria P\u00fablica da Uni\u00e3o","Defensoria P\u00fablica da Uni\u00e3o reabre concurso p\u00fablico com 143 vagas","DPU","Edital concurso da Defensoria P\u00fablica da Uni\u00e3o","inscrever concurso da Defensoria P\u00fablica da Uni\u00e3o","inscrever Defensoria P\u00fablica da Uni\u00e3o","Inscri\u00e7\u00e3o concurso p\u00fablico da Defensoria P\u00fablica da Uni\u00e3o"],"articleSection":["Brasil","Concursos","Empregos"],"inLanguage":"pt-BR","potentialAction":[{"@type":"CommentAction","name":"Comment","target":["https:\/\/aconteceunovale.com.br\/portal\/?p=72031#respond"]}]},{"@type":"WebPage","@id":"https:\/\/aconteceunovale.com.br\/portal\/?p=72031","url":"https:\/\/aconteceunovale.com.br\/portal\/?p=72031","name":"Defensoria P\u00fablica da Uni\u00e3o reabre concurso p\u00fablico com 143 vagas - Aconteceu no Vale","isPartOf":{"@id":"https:\/\/aconteceunovale.com.br\/portal\/#website"},"primaryImageOfPage":{"@id":"https:\/\/aconteceunovale.com.br\/portal\/?p=72031#primaryimage"},"image":{"@id":"https:\/\/aconteceunovale.com.br\/portal\/?p=72031#primaryimage"},"thumbnailUrl":"https:\/\/aconteceunovale.com.br\/portal\/wp-content\/uploads\/2015\/11\/dpu.jpg","datePublished":"2015-11-03T01:27:06+00:00","author":{"@id":"https:\/\/aconteceunovale.com.br\/portal\/#\/schema\/person\/7d2f26d1483f8a63de73da1ee0754d35"},"breadcrumb":{"@id":"https:\/\/aconteceunovale.com.br\/portal\/?p=72031#breadcrumb"},"inLanguage":"pt-BR","potentialAction":[{"@type":"ReadAction","target":["https:\/\/aconteceunovale.com.br\/portal\/?p=72031"]}]},{"@type":"ImageObject","inLanguage":"pt-BR","@id":"https:\/\/aconteceunovale.com.br\/portal\/?p=72031#primaryimage","url":"https:\/\/aconteceunovale.com.br\/portal\/wp-content\/uploads\/2015\/11\/dpu.jpg","contentUrl":"https:\/\/aconteceunovale.com.br\/portal\/wp-content\/uploads\/2015\/11\/dpu.jpg","width":640,"height":360},{"@type":"BreadcrumbList","@id":"https:\/\/aconteceunovale.com.br\/portal\/?p=72031#breadcrumb","itemListElement":[{"@type":"ListItem","position":1,"name":"In\u00edcio","item":"https:\/\/aconteceunovale.com.br\/portal\/"},{"@type":"ListItem","position":2,"name":"Defensoria P\u00fablica da Uni\u00e3o reabre concurso p\u00fablico com 143 vagas"}]},{"@type":"WebSite","@id":"https:\/\/aconteceunovale.com.br\/portal\/#website","url":"https:\/\/aconteceunovale.com.br\/portal\/","name":"Aconteceu no Vale","description":"Portal de Not\u00edcias","potentialAction":[{"@type":"SearchAction","target":{"@type":"EntryPoint","urlTemplate":"https:\/\/aconteceunovale.com.br\/portal\/?s={search_term_string}"},"query-input":{"@type":"PropertyValueSpecification","valueRequired":true,"valueName":"search_term_string"}}],"inLanguage":"pt-BR"},{"@type":"Person","@id":"https:\/\/aconteceunovale.com.br\/portal\/#\/schema\/person\/7d2f26d1483f8a63de73da1ee0754d35","name":"Reda\u00e7\u00e3o Aconteceu no Vale","description":"Equipe de reportagem do Aconteceu no Vale, portal de not\u00edcias do Vale do Jequitinhonha, em Minas Gerais. Cobrimos as 51 cidades do Vale desde 2013. Sugest\u00f5es de pauta e pedidos de corre\u00e7\u00e3o: contato@aconteceunovale.com.br","url":"https:\/\/aconteceunovale.com.br\/portal\/?author=4"}]}},"_links":{"self":[{"href":"https:\/\/aconteceunovale.com.br\/portal\/index.php?rest_route=\/wp\/v2\/posts\/72031","targetHints":{"allow":["GET"]}}],"collection":[{"href":"https:\/\/aconteceunovale.com.br\/portal\/index.php?rest_route=\/wp\/v2\/posts"}],"about":[{"href":"https:\/\/aconteceunovale.com.br\/portal\/index.php?rest_route=\/wp\/v2\/types\/post"}],"author":[{"embeddable":true,"href":"https:\/\/aconteceunovale.com.br\/portal\/index.php?rest_route=\/wp\/v2\/users\/4"}],"replies":[{"embeddable":true,"href":"https:\/\/aconteceunovale.com.br\/portal\/index.php?rest_route=%2Fwp%2Fv2%2Fcomments&post=72031"}],"version-history":[{"count":0,"href":"https:\/\/aconteceunovale.com.br\/portal\/index.php?rest_route=\/wp\/v2\/posts\/72031\/revisions"}],"wp:featuredmedia":[{"embeddable":true,"href":"https:\/\/aconteceunovale.com.br\/portal\/index.php?rest_route=\/wp\/v2\/media\/72032"}],"wp:attachment":[{"href":"https:\/\/aconteceunovale.com.br\/portal\/index.php?rest_route=%2Fwp%2Fv2%2Fmedia&parent=72031"}],"wp:term":[{"taxonomy":"category","embeddable":true,"href":"https:\/\/aconteceunovale.com.br\/portal\/index.php?rest_route=%2Fwp%2Fv2%2Fcategories&post=72031"},{"taxonomy":"post_tag","embeddable":true,"href":"https:\/\/aconteceunovale.com.br\/portal\/index.php?rest_route=%2Fwp%2Fv2%2Ftags&post=72031"}],"curies":[{"name":"wp","href":"https:\/\/api.w.org\/{rel}","templated":true}]}}