{"id":72024,"date":"2015-11-02T21:59:05","date_gmt":"2015-11-03T00:59:05","guid":{"rendered":"http:\/\/aconteceunovale.com.br\/portal\/?p=72024"},"modified":"2015-11-02T21:59:05","modified_gmt":"2015-11-03T00:59:05","slug":"aperam-abre-inscricoes-para-programa-de-estagio-no-vale-do-aco","status":"publish","type":"post","link":"https:\/\/aconteceunovale.com.br\/portal\/?p=72024","title":{"rendered":"Aperam abre inscri\u00e7\u00f5es para programa de est\u00e1gio no Vale do A\u00e7o"},"content":{"rendered":"<p>A Aperam abriu as inscri\u00e7\u00f5es para o Programa de Est\u00e1gio 2016, em Tim\u00f3teo, no Vale do A\u00e7o. Est\u00e3o sendo oferecidas 60 vagas em v\u00e1rias \u00e1reas. A novidade \u00e9 a oportunidade para pessoas com defici\u00eancia. O per\u00edodo do est\u00e1gio vai de fevereiro a dezembro e poder\u00e1 ser renovado. As inscri\u00e7\u00f5es tiveram in\u00edcio em 28 de outubro e duram at\u00e9 11 de novembro.<\/p>\n<p>Podem participar alunos que cursam forma\u00e7\u00e3o superior nas Engenharias Mec\u00e2nica, Metal\u00fargica, Qu\u00edmica e de Produ\u00e7\u00e3o, Administra\u00e7\u00e3o de Empresas, Ci\u00eancias Cont\u00e1beis, Tecn\u00f3logo em Normatiza\u00e7\u00e3o e Qualidade e Psicologia.<\/p>\n<p>Para forma\u00e7\u00e3o t\u00e9cnica a empresa abriu vagas nas \u00e1reas de Metalurgia, Mec\u00e2nica, Meio Ambiente, Qu\u00edmica, Administra\u00e7\u00e3o, Inform\u00e1tica e Seguran\u00e7a do Trabalho. Os selecionados para o est\u00e1gio recebem bolsa de complementa\u00e7\u00e3o estudantil e benef\u00edcios como: Alimenta\u00e7\u00e3o, Vale Transporte, Uniforme, Equipamento de Prote\u00e7\u00e3o Individuar e Seguro de Vida.<\/p>\n<p>Os interessados em participar devem se inscrever no <a href=\"http:\/\/www3.fiemg.com.br\/web_iel\/loginestudante.asp\" target=\"_blank\">site (www.fiemg.com.br)<\/a> ou pelo telefone: (31) 3822-6536. (G1)<\/p>\n","protected":false},"excerpt":{"rendered":"<p>A Aperam abriu as inscri\u00e7\u00f5es para o Programa de Est\u00e1gio 2016, em Tim\u00f3teo, no Vale do A\u00e7o. Est\u00e3o sendo oferecidas 60 vagas em v\u00e1rias \u00e1reas. A novidade \u00e9 a oportunidade para pessoas com defici\u00eancia. O per\u00edodo do est\u00e1gio vai de fevereiro a dezembro e poder\u00e1 ser renovado. As inscri\u00e7\u00f5es tiveram in\u00edcio em 28 de outubro [&hellip;]<\/p>\n","protected":false},"author":4,"featured_media":13948,"comment_status":"open","ping_status":"closed","sticky":false,"template":"","format":"standard","meta":{"amp_status":"","footnotes":""},"categories":[40236,121],"tags":[24155,64880,64879,507,64878,64875,64877,64876,64872,64874,64873,1105],"class_list":["post-72024","post","type-post","status-publish","format-standard","has-post-thumbnail","hentry","category-empregos-2","category-leste","tag-aperam","tag-aperam-abre-inscricoes-para-programa-de-estagio-em-timoteo","tag-aperam-abre-inscricoes-para-programa-de-estagio-no-vale-do-aco","tag-aperam-bioenergia","tag-edital-estagio-aperam","tag-estagio-aperam","tag-inscrever-estagio-aperam","tag-inscricoes-estagio-aperam","tag-programa-de-estagio-2016-da-aperam-bioenergia","tag-programa-de-estagio-da-aperam","tag-programa-de-estagio-da-aperam-bioenergia","tag-timoteo"],"yoast_head":"<!-- This site is optimized with the Yoast SEO plugin v28.3 - https:\/\/yoast.com\/product\/yoast-seo-wordpress\/ -->\n<title>Aperam abre inscri\u00e7\u00f5es para programa de est\u00e1gio no Vale do A\u00e7o - Aconteceu no Vale<\/title>\n<meta name=\"robots\" content=\"index, follow, max-snippet:-1, max-image-preview:large, max-video-preview:-1\" \/>\n<link rel=\"canonical\" href=\"https:\/\/aconteceunovale.com.br\/portal\/?p=72024\" \/>\n<meta property=\"og:locale\" content=\"pt_BR\" \/>\n<meta property=\"og:type\" content=\"article\" \/>\n<meta property=\"og:title\" content=\"Aperam abre inscri\u00e7\u00f5es para programa de est\u00e1gio no Vale do A\u00e7o - Aconteceu no Vale\" \/>\n<meta property=\"og:description\" content=\"A Aperam abriu as inscri\u00e7\u00f5es para o Programa de Est\u00e1gio 2016, em Tim\u00f3teo, no Vale do A\u00e7o. Est\u00e3o sendo oferecidas 60 vagas em v\u00e1rias \u00e1reas. A novidade \u00e9 a oportunidade para pessoas com defici\u00eancia. O per\u00edodo do est\u00e1gio vai de fevereiro a dezembro e poder\u00e1 ser renovado. As inscri\u00e7\u00f5es tiveram in\u00edcio em 28 de outubro [&hellip;]\" \/>\n<meta property=\"og:url\" content=\"https:\/\/aconteceunovale.com.br\/portal\/?p=72024\" \/>\n<meta property=\"og:site_name\" content=\"Aconteceu no Vale\" \/>\n<meta property=\"article:publisher\" content=\"https:\/\/www.facebook.com\/aconteceunovale\/\" \/>\n<meta property=\"article:published_time\" content=\"2015-11-03T00:59:05+00:00\" \/>\n<meta property=\"og:image\" content=\"https:\/\/aconteceunovale.com.br\/portal\/wp-content\/uploads\/2013\/11\/estagio.jpg\" \/>\n\t<meta property=\"og:image:width\" content=\"640\" \/>\n\t<meta property=\"og:image:height\" content=\"427\" \/>\n\t<meta property=\"og:image:type\" content=\"image\/jpeg\" \/>\n<meta name=\"author\" content=\"Reda\u00e7\u00e3o Aconteceu no Vale\" \/>\n<meta name=\"twitter:card\" content=\"summary_large_image\" \/>\n<meta name=\"twitter:creator\" content=\"@noticiadosvales\" \/>\n<meta name=\"twitter:site\" content=\"@noticiadosvales\" \/>\n<meta name=\"twitter:label1\" content=\"Escrito por\" \/>\n\t<meta name=\"twitter:data1\" content=\"Reda\u00e7\u00e3o Aconteceu no Vale\" \/>\n\t<meta name=\"twitter:label2\" content=\"Est. tempo de leitura\" \/>\n\t<meta name=\"twitter:data2\" content=\"1 minuto\" \/>\n<script type=\"application\/ld+json\" class=\"yoast-schema-graph\">{\"@context\":\"https:\\\/\\\/schema.org\",\"@graph\":[{\"@type\":\"Article\",\"@id\":\"https:\\\/\\\/aconteceunovale.com.br\\\/portal\\\/?p=72024#article\",\"isPartOf\":{\"@id\":\"https:\\\/\\\/aconteceunovale.com.br\\\/portal\\\/?p=72024\"},\"author\":{\"name\":\"Reda\u00e7\u00e3o Aconteceu no Vale\",\"@id\":\"https:\\\/\\\/aconteceunovale.com.br\\\/portal\\\/#\\\/schema\\\/person\\\/7d2f26d1483f8a63de73da1ee0754d35\"},\"headline\":\"Aperam abre inscri\u00e7\u00f5es para programa de est\u00e1gio no Vale do A\u00e7o\",\"datePublished\":\"2015-11-03T00:59:05+00:00\",\"mainEntityOfPage\":{\"@id\":\"https:\\\/\\\/aconteceunovale.com.br\\\/portal\\\/?p=72024\"},\"wordCount\":194,\"commentCount\":0,\"image\":{\"@id\":\"https:\\\/\\\/aconteceunovale.com.br\\\/portal\\\/?p=72024#primaryimage\"},\"thumbnailUrl\":\"https:\\\/\\\/aconteceunovale.com.br\\\/portal\\\/wp-content\\\/uploads\\\/2013\\\/11\\\/estagio.jpg\",\"keywords\":[\"Aperam\",\"Aperam abre inscri\u00e7\u00f5es para programa de est\u00e1gio em Tim\u00f3teo\",\"Aperam abre inscri\u00e7\u00f5es para programa de est\u00e1gio no Vale do A\u00e7o\",\"Aperam Bioenergia\",\"edital est\u00e1gio aperam\",\"est\u00e1gio aperam\",\"inscrever est\u00e1gio aperam\",\"inscri\u00e7\u00f5es est\u00e1gio aperam\",\"Programa de Est\u00e1gio 2016 da Aperam Bioenergia\",\"Programa de Est\u00e1gio da Aperam\",\"Programa de Est\u00e1gio da Aperam Bioenergia\",\"Tim\u00f3teo\"],\"articleSection\":[\"Empregos\",\"Leste de Minas\"],\"inLanguage\":\"pt-BR\",\"potentialAction\":[{\"@type\":\"CommentAction\",\"name\":\"Comment\",\"target\":[\"https:\\\/\\\/aconteceunovale.com.br\\\/portal\\\/?p=72024#respond\"]}]},{\"@type\":\"WebPage\",\"@id\":\"https:\\\/\\\/aconteceunovale.com.br\\\/portal\\\/?p=72024\",\"url\":\"https:\\\/\\\/aconteceunovale.com.br\\\/portal\\\/?p=72024\",\"name\":\"Aperam abre inscri\u00e7\u00f5es para programa de est\u00e1gio no Vale do A\u00e7o - Aconteceu no Vale\",\"isPartOf\":{\"@id\":\"https:\\\/\\\/aconteceunovale.com.br\\\/portal\\\/#website\"},\"primaryImageOfPage\":{\"@id\":\"https:\\\/\\\/aconteceunovale.com.br\\\/portal\\\/?p=72024#primaryimage\"},\"image\":{\"@id\":\"https:\\\/\\\/aconteceunovale.com.br\\\/portal\\\/?p=72024#primaryimage\"},\"thumbnailUrl\":\"https:\\\/\\\/aconteceunovale.com.br\\\/portal\\\/wp-content\\\/uploads\\\/2013\\\/11\\\/estagio.jpg\",\"datePublished\":\"2015-11-03T00:59:05+00:00\",\"author\":{\"@id\":\"https:\\\/\\\/aconteceunovale.com.br\\\/portal\\\/#\\\/schema\\\/person\\\/7d2f26d1483f8a63de73da1ee0754d35\"},\"breadcrumb\":{\"@id\":\"https:\\\/\\\/aconteceunovale.com.br\\\/portal\\\/?p=72024#breadcrumb\"},\"inLanguage\":\"pt-BR\",\"potentialAction\":[{\"@type\":\"ReadAction\",\"target\":[\"https:\\\/\\\/aconteceunovale.com.br\\\/portal\\\/?p=72024\"]}]},{\"@type\":\"ImageObject\",\"inLanguage\":\"pt-BR\",\"@id\":\"https:\\\/\\\/aconteceunovale.com.br\\\/portal\\\/?p=72024#primaryimage\",\"url\":\"https:\\\/\\\/aconteceunovale.com.br\\\/portal\\\/wp-content\\\/uploads\\\/2013\\\/11\\\/estagio.jpg\",\"contentUrl\":\"https:\\\/\\\/aconteceunovale.com.br\\\/portal\\\/wp-content\\\/uploads\\\/2013\\\/11\\\/estagio.jpg\",\"width\":640,\"height\":427},{\"@type\":\"BreadcrumbList\",\"@id\":\"https:\\\/\\\/aconteceunovale.com.br\\\/portal\\\/?p=72024#breadcrumb\",\"itemListElement\":[{\"@type\":\"ListItem\",\"position\":1,\"name\":\"In\u00edcio\",\"item\":\"https:\\\/\\\/aconteceunovale.com.br\\\/portal\\\/\"},{\"@type\":\"ListItem\",\"position\":2,\"name\":\"Aperam abre inscri\u00e7\u00f5es para programa de est\u00e1gio no Vale do A\u00e7o\"}]},{\"@type\":\"WebSite\",\"@id\":\"https:\\\/\\\/aconteceunovale.com.br\\\/portal\\\/#website\",\"url\":\"https:\\\/\\\/aconteceunovale.com.br\\\/portal\\\/\",\"name\":\"Aconteceu no Vale\",\"description\":\"Portal de Not\u00edcias\",\"potentialAction\":[{\"@type\":\"SearchAction\",\"target\":{\"@type\":\"EntryPoint\",\"urlTemplate\":\"https:\\\/\\\/aconteceunovale.com.br\\\/portal\\\/?s={search_term_string}\"},\"query-input\":{\"@type\":\"PropertyValueSpecification\",\"valueRequired\":true,\"valueName\":\"search_term_string\"}}],\"inLanguage\":\"pt-BR\"},{\"@type\":\"Person\",\"@id\":\"https:\\\/\\\/aconteceunovale.com.br\\\/portal\\\/#\\\/schema\\\/person\\\/7d2f26d1483f8a63de73da1ee0754d35\",\"name\":\"Reda\u00e7\u00e3o Aconteceu no Vale\",\"description\":\"Equipe de reportagem do Aconteceu no Vale, portal de not\u00edcias do Vale do Jequitinhonha, em Minas Gerais. Cobrimos as 51 cidades do Vale desde 2013. Sugest\u00f5es de pauta e pedidos de corre\u00e7\u00e3o: contato@aconteceunovale.com.br\",\"url\":\"https:\\\/\\\/aconteceunovale.com.br\\\/portal\\\/?author=4\"}]}<\/script>\n<!-- \/ Yoast SEO plugin. -->","yoast_head_json":{"title":"Aperam abre inscri\u00e7\u00f5es para programa de est\u00e1gio no Vale do A\u00e7o - Aconteceu no Vale","robots":{"index":"index","follow":"follow","max-snippet":"max-snippet:-1","max-image-preview":"max-image-preview:large","max-video-preview":"max-video-preview:-1"},"canonical":"https:\/\/aconteceunovale.com.br\/portal\/?p=72024","og_locale":"pt_BR","og_type":"article","og_title":"Aperam abre inscri\u00e7\u00f5es para programa de est\u00e1gio no Vale do A\u00e7o - Aconteceu no Vale","og_description":"A Aperam abriu as inscri\u00e7\u00f5es para o Programa de Est\u00e1gio 2016, em Tim\u00f3teo, no Vale do A\u00e7o. Est\u00e3o sendo oferecidas 60 vagas em v\u00e1rias \u00e1reas. A novidade \u00e9 a oportunidade para pessoas com defici\u00eancia. O per\u00edodo do est\u00e1gio vai de fevereiro a dezembro e poder\u00e1 ser renovado. As inscri\u00e7\u00f5es tiveram in\u00edcio em 28 de outubro [&hellip;]","og_url":"https:\/\/aconteceunovale.com.br\/portal\/?p=72024","og_site_name":"Aconteceu no Vale","article_publisher":"https:\/\/www.facebook.com\/aconteceunovale\/","article_published_time":"2015-11-03T00:59:05+00:00","og_image":[{"width":640,"height":427,"url":"https:\/\/aconteceunovale.com.br\/portal\/wp-content\/uploads\/2013\/11\/estagio.jpg","type":"image\/jpeg"}],"author":"Reda\u00e7\u00e3o Aconteceu no Vale","twitter_card":"summary_large_image","twitter_creator":"@noticiadosvales","twitter_site":"@noticiadosvales","twitter_misc":{"Escrito por":"Reda\u00e7\u00e3o Aconteceu no Vale","Est. tempo de leitura":"1 minuto"},"schema":{"@context":"https:\/\/schema.org","@graph":[{"@type":"Article","@id":"https:\/\/aconteceunovale.com.br\/portal\/?p=72024#article","isPartOf":{"@id":"https:\/\/aconteceunovale.com.br\/portal\/?p=72024"},"author":{"name":"Reda\u00e7\u00e3o Aconteceu no Vale","@id":"https:\/\/aconteceunovale.com.br\/portal\/#\/schema\/person\/7d2f26d1483f8a63de73da1ee0754d35"},"headline":"Aperam abre inscri\u00e7\u00f5es para programa de est\u00e1gio no Vale do A\u00e7o","datePublished":"2015-11-03T00:59:05+00:00","mainEntityOfPage":{"@id":"https:\/\/aconteceunovale.com.br\/portal\/?p=72024"},"wordCount":194,"commentCount":0,"image":{"@id":"https:\/\/aconteceunovale.com.br\/portal\/?p=72024#primaryimage"},"thumbnailUrl":"https:\/\/aconteceunovale.com.br\/portal\/wp-content\/uploads\/2013\/11\/estagio.jpg","keywords":["Aperam","Aperam abre inscri\u00e7\u00f5es para programa de est\u00e1gio em Tim\u00f3teo","Aperam abre inscri\u00e7\u00f5es para programa de est\u00e1gio no Vale do A\u00e7o","Aperam Bioenergia","edital est\u00e1gio aperam","est\u00e1gio aperam","inscrever est\u00e1gio aperam","inscri\u00e7\u00f5es est\u00e1gio aperam","Programa de Est\u00e1gio 2016 da Aperam Bioenergia","Programa de Est\u00e1gio da Aperam","Programa de Est\u00e1gio da Aperam Bioenergia","Tim\u00f3teo"],"articleSection":["Empregos","Leste de Minas"],"inLanguage":"pt-BR","potentialAction":[{"@type":"CommentAction","name":"Comment","target":["https:\/\/aconteceunovale.com.br\/portal\/?p=72024#respond"]}]},{"@type":"WebPage","@id":"https:\/\/aconteceunovale.com.br\/portal\/?p=72024","url":"https:\/\/aconteceunovale.com.br\/portal\/?p=72024","name":"Aperam abre inscri\u00e7\u00f5es para programa de est\u00e1gio no Vale do A\u00e7o - Aconteceu no Vale","isPartOf":{"@id":"https:\/\/aconteceunovale.com.br\/portal\/#website"},"primaryImageOfPage":{"@id":"https:\/\/aconteceunovale.com.br\/portal\/?p=72024#primaryimage"},"image":{"@id":"https:\/\/aconteceunovale.com.br\/portal\/?p=72024#primaryimage"},"thumbnailUrl":"https:\/\/aconteceunovale.com.br\/portal\/wp-content\/uploads\/2013\/11\/estagio.jpg","datePublished":"2015-11-03T00:59:05+00:00","author":{"@id":"https:\/\/aconteceunovale.com.br\/portal\/#\/schema\/person\/7d2f26d1483f8a63de73da1ee0754d35"},"breadcrumb":{"@id":"https:\/\/aconteceunovale.com.br\/portal\/?p=72024#breadcrumb"},"inLanguage":"pt-BR","potentialAction":[{"@type":"ReadAction","target":["https:\/\/aconteceunovale.com.br\/portal\/?p=72024"]}]},{"@type":"ImageObject","inLanguage":"pt-BR","@id":"https:\/\/aconteceunovale.com.br\/portal\/?p=72024#primaryimage","url":"https:\/\/aconteceunovale.com.br\/portal\/wp-content\/uploads\/2013\/11\/estagio.jpg","contentUrl":"https:\/\/aconteceunovale.com.br\/portal\/wp-content\/uploads\/2013\/11\/estagio.jpg","width":640,"height":427},{"@type":"BreadcrumbList","@id":"https:\/\/aconteceunovale.com.br\/portal\/?p=72024#breadcrumb","itemListElement":[{"@type":"ListItem","position":1,"name":"In\u00edcio","item":"https:\/\/aconteceunovale.com.br\/portal\/"},{"@type":"ListItem","position":2,"name":"Aperam abre inscri\u00e7\u00f5es para programa de est\u00e1gio no Vale do A\u00e7o"}]},{"@type":"WebSite","@id":"https:\/\/aconteceunovale.com.br\/portal\/#website","url":"https:\/\/aconteceunovale.com.br\/portal\/","name":"Aconteceu no Vale","description":"Portal de Not\u00edcias","potentialAction":[{"@type":"SearchAction","target":{"@type":"EntryPoint","urlTemplate":"https:\/\/aconteceunovale.com.br\/portal\/?s={search_term_string}"},"query-input":{"@type":"PropertyValueSpecification","valueRequired":true,"valueName":"search_term_string"}}],"inLanguage":"pt-BR"},{"@type":"Person","@id":"https:\/\/aconteceunovale.com.br\/portal\/#\/schema\/person\/7d2f26d1483f8a63de73da1ee0754d35","name":"Reda\u00e7\u00e3o Aconteceu no Vale","description":"Equipe de reportagem do Aconteceu no Vale, portal de not\u00edcias do Vale do Jequitinhonha, em Minas Gerais. Cobrimos as 51 cidades do Vale desde 2013. Sugest\u00f5es de pauta e pedidos de corre\u00e7\u00e3o: contato@aconteceunovale.com.br","url":"https:\/\/aconteceunovale.com.br\/portal\/?author=4"}]}},"_links":{"self":[{"href":"https:\/\/aconteceunovale.com.br\/portal\/index.php?rest_route=\/wp\/v2\/posts\/72024","targetHints":{"allow":["GET"]}}],"collection":[{"href":"https:\/\/aconteceunovale.com.br\/portal\/index.php?rest_route=\/wp\/v2\/posts"}],"about":[{"href":"https:\/\/aconteceunovale.com.br\/portal\/index.php?rest_route=\/wp\/v2\/types\/post"}],"author":[{"embeddable":true,"href":"https:\/\/aconteceunovale.com.br\/portal\/index.php?rest_route=\/wp\/v2\/users\/4"}],"replies":[{"embeddable":true,"href":"https:\/\/aconteceunovale.com.br\/portal\/index.php?rest_route=%2Fwp%2Fv2%2Fcomments&post=72024"}],"version-history":[{"count":0,"href":"https:\/\/aconteceunovale.com.br\/portal\/index.php?rest_route=\/wp\/v2\/posts\/72024\/revisions"}],"wp:featuredmedia":[{"embeddable":true,"href":"https:\/\/aconteceunovale.com.br\/portal\/index.php?rest_route=\/wp\/v2\/media\/13948"}],"wp:attachment":[{"href":"https:\/\/aconteceunovale.com.br\/portal\/index.php?rest_route=%2Fwp%2Fv2%2Fmedia&parent=72024"}],"wp:term":[{"taxonomy":"category","embeddable":true,"href":"https:\/\/aconteceunovale.com.br\/portal\/index.php?rest_route=%2Fwp%2Fv2%2Fcategories&post=72024"},{"taxonomy":"post_tag","embeddable":true,"href":"https:\/\/aconteceunovale.com.br\/portal\/index.php?rest_route=%2Fwp%2Fv2%2Ftags&post=72024"}],"curies":[{"name":"wp","href":"https:\/\/api.w.org\/{rel}","templated":true}]}}