{"id":71895,"date":"2015-10-30T07:26:44","date_gmt":"2015-10-30T10:26:44","guid":{"rendered":"http:\/\/aconteceunovale.com.br\/portal\/?p=71895"},"modified":"2015-10-30T07:26:44","modified_gmt":"2015-10-30T10:26:44","slug":"salao-de-beleza-contribui-para-o-aumento-da-renda-de-agricultores-familiares-em-capelinha","status":"publish","type":"post","link":"https:\/\/aconteceunovale.com.br\/portal\/?p=71895","title":{"rendered":"Sal\u00e3o de beleza contribui para o aumento da renda de agricultores familiares em Capelinha"},"content":{"rendered":"<p>O funcionamento de um sal\u00e3o de beleza, na comunidade rural de Barra do Ip\u00ea, em Capelinha, no Vale do Jequitinhonha,  est\u00e1 contribuindo para o aumento de renda de uma fam\u00edlia de agricultores locais. O exemplo mostra que mesmo projetos que fogem das atividades habituais de uma comunidade rural podem dar certo.  Com o suporte t\u00e9cnico da Empresa de Assist\u00eancia T\u00e9cnica e Extens\u00e3o Rural do Estado de Minas Gerais (Emater-MG), o casal de agricultores Jos\u00e9 Valdenete da Silva Alves e Concei\u00e7\u00e3o Aparecida dos Santos Alves foi contemplado pelo programa federal Brasil Sem Mis\u00e9ria (BSM).<\/p>\n<p>O recurso possibilitou aos agricultores investirem na atividade sem comprometer os cuidados de rotina com as lavouras de caf\u00e9, milho e feij\u00e3o, na propriedade de quase cinco hectares. O novo trabalho \u00e9 realizado depois das 17 horas e nos finais de semana. \u201cSempre cortei cabelo, inclusive embaixo de uma \u00e1rvore, no meu quintal, depois em casa. Na \u00e9poca a minha esposa queria ir para a cidade, mas eu n\u00e3o queria, ent\u00e3o surgiu essa oportunidade (o projeto) e ela desistiu da ideia\u201d, revela Jos\u00e9 Valdenete.<\/p>\n<p>O agricultor que construiu um c\u00f4modo no centro da comunidade, especialmente para esse fim, planeja agora aumentar o espa\u00e7o de atendimento. \u201cEra um sonho que a gente tinha e agora queremos ampliar, fazendo uma salinha pra caf\u00e9 e um banheiro\u201d, afirma. A esposa Concei\u00e7\u00e3o Aparecida apoia. \u201cEstou adorando trabalhar aqui, n\u00e3o penso mais em ir pra cidade. Temos mais uma renda. Agora temos que conseguir mais clientes\u201d, diz.<\/p>\n<p>A t\u00e9cnica de bem-estar social Dulce Maria Silva Arantes conta que o casal j\u00e1 realizava cortes de cabelo em casa, numa garagem. \u201cMas tudo era muito improvisado, ent\u00e3o com o Brasil Sem Mis\u00e9ria, eles enxergaram a possibilidade de realizar um sonho e complementar a renda familiar\u201d, explica. Segundo Dulce, os agricultores constru\u00edram um c\u00f4modo para abrigar o sal\u00e3o e compraram novos equipamentos, oferecendo desde maio,  servi\u00e7os como escova, cortes de cabelo e mais recentemente, de manicure.<\/p>\n<p>A fam\u00edlia est\u00e1 tirando, em m\u00e9dia, R$ 200 por m\u00eas, e a agricultora j\u00e1 pensa em fazer um curso de aperfei\u00e7oamento, em tintura de cabelo, de acordo a t\u00e9cnica. \u201cPode parecer pouco, mas \u00e9 um incentivo importante e est\u00e1 fazendo grande diferen\u00e7a para eles, que n\u00e3o abandonaram as outras atividades da terra\u201d, argumenta a t\u00e9cnica. Ela explica que a clientela \u00e9 formada por pessoas da comunidade local, onde residem mais de 30 fam\u00edlias,  e tamb\u00e9m por moradores de regi\u00f5es pr\u00f3ximas.<\/p>\n<p>Ainda de acordo informa\u00e7\u00f5es da t\u00e9cnica da Emater-MG, o escrit\u00f3rio da empresa, em Capelinha, j\u00e1 elaborou projetos produtivos do BSM para 60 fam\u00edlias do munic\u00edpio. Foram contemplados projetos de avicultura, horticultura, fruticultura (pomar), agroind\u00fastria de queijo, artesanato e de abastecimento. Segundo Dulce, um outro projeto de sal\u00e3o de beleza est\u00e1 sendo implantado na comunidade Ponte Nova. No total, o escrit\u00f3rio local da Emater-MG trabalha para cumprir a meta de atender no munic\u00edpio 1.100 agricultores familiares, em diversas iniciativas, este ano de 2015. No munic\u00edpio de Capelinha, o principal produto no meio rural \u00e9 o caf\u00e9, seguido pelo plantio de eucalipto e a pecu\u00e1ria.<\/p>\n<p><strong>Brasil Sem Mis\u00e9ria<\/strong><\/p>\n<p>O Plano Brasil Sem Mis\u00e9ria (BSM) \u00e9 uma iniciativa do governo federal. Em Minas Gerais, ele \u00e9 executado pela Emater-MG que faz o diagn\u00f3stico, elabora o projeto, com base no que deseja a fam\u00edlia benefici\u00e1ria.<\/p>\n<p>A empresa tamb\u00e9m faz acompanhamento da implanta\u00e7\u00e3o, por meio de visitas determinadas, em metas estabelecidas. O trabalho envolve parceria entre o Governo de Minas, o Minist\u00e9rio do Desenvolvimento Social e Combate \u00e0 Fome (MDS) e o Minist\u00e9rio do Desenvolvimento Agr\u00e1rio (MDA). O programa \u00e9 direcionado aos brasileiros que vivem em lares cuja renda familiar \u00e9 de R$ 70 por pessoa.<\/p>\n<p>De acordo o Censo 2010 do IBGE, est\u00e3o nesta situa\u00e7\u00e3o 16,2 milh\u00f5es de brasileiros. O programa repassa o valor de R$ 2,4 mil para cada fam\u00edlia atendida,  por meio do cart\u00e3o Bolsa Fam\u00edlia, para execu\u00e7\u00e3o de pequenos projetos produtivos, como a implanta\u00e7\u00e3o de hortas e cria\u00e7\u00e3o de pequenos animais, entre outros.<\/p>\n<p><img decoding=\"async\" src=\"http:\/\/aconteceunovale.com.br\/portal\/wp-content\/uploads\/2015\/10\/salao_emater_capelinha_1.jpg\" alt=\"\" \/><em>Sal\u00e3o foi montado na comunidade de Barra do Ip\u00ea &#8211; Foto: Alexandre Soares\/Emater-MG<\/em><br \/>\n<\/br><\/p>\n<p><img decoding=\"async\" src=\"http:\/\/aconteceunovale.com.br\/portal\/wp-content\/uploads\/2015\/10\/salao_emater_capelinha_2.jpg\" alt=\"\" \/><em>Sal\u00e3o foi montado na comunidade de Barra do Ip\u00ea &#8211; Foto: Alexandre Soares\/Emater-MG<\/em><br \/>\n<\/br><\/p>\n<p><img decoding=\"async\" src=\"http:\/\/aconteceunovale.com.br\/portal\/wp-content\/uploads\/2015\/10\/salao_emater_capelinha_3.jpg\" alt=\"\" \/><em>Sal\u00e3o foi montado na comunidade de Barra do Ip\u00ea &#8211; Foto: Alexandre Soares\/Emater-MG<\/em><br \/>\n<\/br><\/p>\n<p><em>(Fonte: Emater-MG)<\/em><\/p>\n","protected":false},"excerpt":{"rendered":"<p>O funcionamento de um sal\u00e3o de beleza, na comunidade rural de Barra do Ip\u00ea, em Capelinha, no Vale do Jequitinhonha, est\u00e1 contribuindo para o aumento de renda de uma fam\u00edlia de agricultores locais. O exemplo mostra que mesmo projetos que fogem das atividades habituais de uma comunidade rural podem dar certo. Com o suporte t\u00e9cnico [&hellip;]<\/p>\n","protected":false},"author":4,"featured_media":71897,"comment_status":"open","ping_status":"closed","sticky":false,"template":"","format":"standard","meta":{"amp_status":"","footnotes":""},"categories":[120],"tags":[64624,25785,132,64627,64628,64630,25775,64629,64626,64631,64621,64622,64623,64625],"class_list":["post-71895","post","type-post","status-publish","format-standard","has-post-thumbnail","hentry","category-jequi","tag-barra-do-ipe","tag-brasil-sem-miseria","tag-capelinha","tag-conceicao-aparecida-dos-santos-alves","tag-dulce-maria-silva-arantes","tag-emater-capelinha","tag-emater-mg","tag-emater-mg-capelinha","tag-jose-valdenete-da-silva-alves","tag-salao-da-naty","tag-salao-de-beleza-contribui-para-o-aumento-da-renda-de-agricultores-familiares-em-capelinha","tag-salao-de-beleza-contribui-para-o-aumento-da-renda-de-familia-de-agricultores-capelinhense","tag-salao-de-beleza-contribui-para-o-aumento-da-renda-de-familia-de-agricultores-de-capelinha","tag-salao-de-beleza-de-barra-do-ipe"],"_links":{"self":[{"href":"https:\/\/aconteceunovale.com.br\/portal\/index.php?rest_route=\/wp\/v2\/posts\/71895","targetHints":{"allow":["GET"]}}],"collection":[{"href":"https:\/\/aconteceunovale.com.br\/portal\/index.php?rest_route=\/wp\/v2\/posts"}],"about":[{"href":"https:\/\/aconteceunovale.com.br\/portal\/index.php?rest_route=\/wp\/v2\/types\/post"}],"author":[{"embeddable":true,"href":"https:\/\/aconteceunovale.com.br\/portal\/index.php?rest_route=\/wp\/v2\/users\/4"}],"replies":[{"embeddable":true,"href":"https:\/\/aconteceunovale.com.br\/portal\/index.php?rest_route=%2Fwp%2Fv2%2Fcomments&post=71895"}],"version-history":[{"count":0,"href":"https:\/\/aconteceunovale.com.br\/portal\/index.php?rest_route=\/wp\/v2\/posts\/71895\/revisions"}],"wp:featuredmedia":[{"embeddable":true,"href":"https:\/\/aconteceunovale.com.br\/portal\/index.php?rest_route=\/wp\/v2\/media\/71897"}],"wp:attachment":[{"href":"https:\/\/aconteceunovale.com.br\/portal\/index.php?rest_route=%2Fwp%2Fv2%2Fmedia&parent=71895"}],"wp:term":[{"taxonomy":"category","embeddable":true,"href":"https:\/\/aconteceunovale.com.br\/portal\/index.php?rest_route=%2Fwp%2Fv2%2Fcategories&post=71895"},{"taxonomy":"post_tag","embeddable":true,"href":"https:\/\/aconteceunovale.com.br\/portal\/index.php?rest_route=%2Fwp%2Fv2%2Ftags&post=71895"}],"curies":[{"name":"wp","href":"https:\/\/api.w.org\/{rel}","templated":true}]}}