{"id":71866,"date":"2015-10-29T20:28:58","date_gmt":"2015-10-29T23:28:58","guid":{"rendered":"http:\/\/aconteceunovale.com.br\/portal\/?p=71866"},"modified":"2015-10-29T20:28:58","modified_gmt":"2015-10-29T23:28:58","slug":"carroceiro-e-preso-suspeito-de-espancar-mula-em-governador-valadares","status":"publish","type":"post","link":"https:\/\/aconteceunovale.com.br\/portal\/?p=71866","title":{"rendered":"Carroceiro \u00e9 preso suspeito de espancar mula em Governador Valadares"},"content":{"rendered":"<p>Um homem de 59 anos \u00e9 suspeito de espancar uma mula que est\u00e1 abandonada desde a tarde de quinta-feira (28) na Rua Dois do Bairro Vila do Sol 2, em Governador Valadares, no Vale do Rio Doce. Ele foi preso na manh\u00e3 desta quinta-feira (29) e levado para a delegacia da cidade. Ele vai responder pelo crime de maus tratos a animais.<\/p>\n<p>Segundo o sargento Jazon Ara\u00fajo da Cruz, a Pol\u00edcia Militar de Meio Ambiente foi acionada por um denunciante que informou sobre a presen\u00e7a do animal na rua, com muitos ferimentos e sem conseguir se locomover.<\/p>\n<p>\u201cAo chegar no bairro, os militares fizeram rastreamento e encontraram o dono do animal, que \u00e9 carroceiro. Segundo o suspeito, a mula teria se machucado na quarta-feira e, por n\u00e3o ter condi\u00e7\u00f5es de andar, foi deixada no local\u201d, informou o sargento.<\/p>\n<p>O suspeito negou que tenha espancado o animal, mas n\u00e3o soube explicar como a mula teria se ferido. Pessoas que moram pr\u00f3ximas ao local onde a mula est\u00e1 afirmaram que o animal teria sido agredido por duas pessoas na tarde de quarta-feira.<\/p>\n<p>A pol\u00edcia acionou o Centro de Controle de Zoonoses para sacrificar o animal, mas o medicamento utilizado para o procedimento est\u00e1 em falta, e o animal permanece na rua, agonizando.<\/p>\n<p><img decoding=\"async\" src=\"http:\/\/aconteceunovale.com.br\/portal\/wp-content\/uploads\/2015\/10\/mula_gv.jpg\" alt=\"\" \/><em>Animal estava com v\u00e1rios ferimentos e agoniza em via p\u00fablica, diz PMA (Foto: Diego Souza\/G1)<\/em><br \/>\n<\/br><\/p>\n<p><em>(Fonte: G1 dos Vales)<\/em><\/p>\n","protected":false},"excerpt":{"rendered":"<p>Um homem de 59 anos \u00e9 suspeito de espancar uma mula que est\u00e1 abandonada desde a tarde de quinta-feira (28) na Rua Dois do Bairro Vila do Sol 2, em Governador Valadares, no Vale do Rio Doce. Ele foi preso na manh\u00e3 desta quinta-feira (29) e levado para a delegacia da cidade. Ele vai responder [&hellip;]<\/p>\n","protected":false},"author":4,"featured_media":71867,"comment_status":"open","ping_status":"closed","sticky":false,"template":"","format":"standard","meta":{"amp_status":"","footnotes":""},"categories":[121],"tags":[64547,64550,247,64549,64548],"class_list":{"0":"post-71866","1":"post","2":"type-post","3":"status-publish","4":"format-standard","5":"has-post-thumbnail","6":"hentry","7":"category-leste","9":"tag-carroceiro-preso-em-governador-valadares","10":"tag-governador-valadares","11":"tag-maus-tratos-a-mula-em-governador-valadares"},"_links":{"self":[{"href":"https:\/\/aconteceunovale.com.br\/portal\/index.php?rest_route=\/wp\/v2\/posts\/71866","targetHints":{"allow":["GET"]}}],"collection":[{"href":"https:\/\/aconteceunovale.com.br\/portal\/index.php?rest_route=\/wp\/v2\/posts"}],"about":[{"href":"https:\/\/aconteceunovale.com.br\/portal\/index.php?rest_route=\/wp\/v2\/types\/post"}],"author":[{"embeddable":true,"href":"https:\/\/aconteceunovale.com.br\/portal\/index.php?rest_route=\/wp\/v2\/users\/4"}],"replies":[{"embeddable":true,"href":"https:\/\/aconteceunovale.com.br\/portal\/index.php?rest_route=%2Fwp%2Fv2%2Fcomments&post=71866"}],"version-history":[{"count":0,"href":"https:\/\/aconteceunovale.com.br\/portal\/index.php?rest_route=\/wp\/v2\/posts\/71866\/revisions"}],"wp:featuredmedia":[{"embeddable":true,"href":"https:\/\/aconteceunovale.com.br\/portal\/index.php?rest_route=\/wp\/v2\/media\/71867"}],"wp:attachment":[{"href":"https:\/\/aconteceunovale.com.br\/portal\/index.php?rest_route=%2Fwp%2Fv2%2Fmedia&parent=71866"}],"wp:term":[{"taxonomy":"category","embeddable":true,"href":"https:\/\/aconteceunovale.com.br\/portal\/index.php?rest_route=%2Fwp%2Fv2%2Fcategories&post=71866"},{"taxonomy":"post_tag","embeddable":true,"href":"https:\/\/aconteceunovale.com.br\/portal\/index.php?rest_route=%2Fwp%2Fv2%2Ftags&post=71866"}],"curies":[{"name":"wp","href":"https:\/\/api.w.org\/{rel}","templated":true}]}}