{"id":71821,"date":"2015-10-28T18:15:32","date_gmt":"2015-10-28T21:15:32","guid":{"rendered":"http:\/\/aconteceunovale.com.br\/portal\/?p=71821"},"modified":"2015-10-28T18:15:32","modified_gmt":"2015-10-28T21:15:32","slug":"governo-investe-na-divulgacao-e-na-comercializacao-do-artesanato-mineiro","status":"publish","type":"post","link":"https:\/\/aconteceunovale.com.br\/portal\/?p=71821","title":{"rendered":"Governo investe na divulga\u00e7\u00e3o e na comercializa\u00e7\u00e3o do artesanato mineiro"},"content":{"rendered":"<p>O\u00a0Instituto de Desenvolvimento do Norte e Nordeste de Minas Gerais (Idene)\u00a0assinou conv\u00eanio com o Centro de Artesanato Mineiro (Ceart-MG), no valor de R$ 245 mil, para incentivar o artesanato dos Vales do Jequitinhonha, Mucuri, Rio Doce, S\u00e3o Mateus, Norte e Nordeste\u00a0de Minas Gerais. Os recursos ser\u00e3o destinados \u00e0 promo\u00e7\u00e3o, divulga\u00e7\u00e3o e comercializa\u00e7\u00e3o dos trabalhos feitos nessas regi\u00f5es, beneficiando cerca de mil artes\u00e3os.<\/p>\n<p>Segundo a coordenadora do programa Artesanato em Movimento\u00a0do Idene, Marina Magalh\u00e3es,\u00a0o conv\u00eanio viabilizar\u00e1 a participa\u00e7\u00e3o dos artes\u00e3os em feiras e exposi\u00e7\u00f5es tradicionais e de grande proje\u00e7\u00e3o nacional.\u00a0\u201cAs feiras s\u00e3o os principais canais de divulga\u00e7\u00e3o e comercializa\u00e7\u00e3o do artesanato mineiro, onde s\u00e3o fechados neg\u00f3cios tanto no atacado quanto no varejo\u201d, afirma Marina Magalh\u00e3es.<\/p>\n<p>A coordenadora do programa Artesanato em Movimento ressalta que, al\u00e9m de gerar renda, a participa\u00e7\u00e3o dos artes\u00e3os em eventos locais e nacionais cria oportunidades para a divulga\u00e7\u00e3o da riqueza e da cultura regional.<\/p>\n<p>Destacando a parceria com o Idene, a gerente geral do Ceart-MG, Cl\u00e1udia Barbosa, salienta que essa coopera\u00e7\u00e3o t\u00e9cnica e financeira \u201cconsolida a\u00e7\u00f5es que promovem o desenvolvimento sustent\u00e1vel das cadeias produtivas do artesanato mineiro\u201d.<\/p>\n<p>O Ceart-MG \u00e9 um dos gerenciadores dos projetos de comercializa\u00e7\u00e3o dos trabalhos dos artes\u00e3os dos Vales do Jequitinhonha, Mucuri, S\u00e3o Mateus, Rio Doce, Norte e Nordeste do estado.<\/p>\n<p><img decoding=\"async\" src=\"http:\/\/aconteceunovale.com.br\/portal\/wp-content\/uploads\/2015\/10\/artesanato_mineiro.jpg\" alt=\"\" \/><em>Feiras s\u00e3o os principais canais de divulga\u00e7\u00e3o e comercializa\u00e7\u00e3o do artesanato &#8211; Foto: Setur<\/em><br \/>\n<\/br><\/p>\n<p><strong>Destaque econ\u00f4mico<\/strong><\/p>\n<p>Minas Gerais \u00e9 mundialmente reconhecida pela produ\u00e7\u00e3o de artesanato em diferentes regi\u00f5es. Al\u00e9m de rica, a atividade \u00e9 destaque no desenvolvimento da economia mineira e na gera\u00e7\u00e3o de renda.\u00a0Hoje existem cerca de\u00a0 250 mil artes\u00e3os em Minas Gerais. Segundo pesquisa do Instituto Centro de Capacita\u00e7\u00e3o e Apoio ao Empreendedor (Centrocape), uma ONG mineira, cada artes\u00e3o gera em m\u00e9dia cinco empregos.<\/p>\n<p>O setor movimenta, em Minas Gerais, aproximadamente R$ 2,3 bilh\u00f5es por ano. E a expectativa da\u00a0Secretaria de Estado de Desenvolvimento Econ\u00f4mico (Sede)\u00a0e do Idene \u00e9 que, neste ano, s\u00f3 nas feiras de artesanato que t\u00eam o apoio do Governo de Minas Gerais, ser\u00e3o comercializados cerca de R$ 2 milh\u00f5es, o mesmo resultado de 2014.<\/p>\n<p><strong>Feiras e exposi\u00e7\u00f5es<\/strong><\/p>\n<p>O acordo de coopera\u00e7\u00e3o t\u00e9cnica e financeira entre o Idene e o Ceart-MG\u00a0 vai viabilizar a realiza\u00e7\u00e3o dos seguintes eventos:<\/p>\n<p>&#8211; exposi\u00e7\u00e3o em comemora\u00e7\u00e3o ao dia do artes\u00e3o, em mar\u00e7o de 2016;<\/p>\n<p>&#8211; \u00a0a\u00a0tradicional\u00a0feira\u00a0Nossas M\u00e3os, que acontece\u00a0em Bras\u00edlia, em abril de 2016;<\/p>\n<p>&#8211; a mostra Minas em Minas, em Po\u00e7os de Caldas, tamb\u00e9m em abril de 2016;<\/p>\n<p>&#8211; 17\u00aa\u00a0 Fenearte (Feira Nacional de Neg\u00f3cios do Artesanato), a maior feira de artesanato da Am\u00e9rica Latina,\u00a0 a ser realizada em Recife, em julho de 2016.<\/p>\n<p>&#8211; a Feira Nacional de Artesanato, em dezembro deste ano;<\/p>\n<p>&#8211; a Feira Mineira de Tiradentes, que acontece neste fim de semana.<\/p>\n<p><strong>Valoriza\u00e7\u00e3o da cultura popular<\/strong><\/p>\n<p>A 12\u00aa edi\u00e7\u00e3o da Feira Mineira de Artesanato de Tiradentes, que come\u00e7a nesta sexta-feira (30\/10) e vai at\u00e9 a pr\u00f3xima segunda-feira (2\/11),\u00a0 receber\u00e1 trabalhos produzidos em diferentes regi\u00f5es de Minas Gerais. O evento tem o objetivo de preservar e valorizar a cultura popular e a diversifica\u00e7\u00e3o do artesanato.<\/p>\n<p>Neste ano, a feira acontece no Centro de Conven\u00e7\u00f5es Sant\u00edssimo Resort, em um espa\u00e7o destinado a cerca de 500 artes\u00e3os. A Secretaria de Estado de Desenvolvimento Econ\u00f4mico\u00a0de Minas Gerais montar\u00e1 um estande no local para prestar atendimento aos expositores e participantes.<\/p>\n<p>A expectativa \u00e9 de que cerca de 30 mil visitantes participem da mostra deste ano, conhecendo sobre os trabalhos desenvolvidos em cidades mineiras como Chapada do Norte, Minas Novas, Turmalina, Padre Para\u00edso, Senador Modestino, Presidente Kubitscheck e Diamantina.<\/p>\n<p><strong>Parceiros<\/strong><\/p>\n<p>Al\u00e9m da Sede, a feira conta com apoio da Secretaria de Estado de Desenvolvimento Integrado do Norte e Nordeste de Minas Gerais e do Instituto de Desenvolvimento do Norte e Nordeste do estado (Sedinor\/Idene), por meio do Programa Artesanato em Movimento.<\/p>\n<p>O evento \u00e9 realizado em parceria com o Servi\u00e7o de Apoio \u00e0s Micro e Pequenas Empresas de Minas Gerais (Sebrae-MG) e o Centro de Artesanato Mineiro (Ceart-MG).<\/p>\n<p><strong>Servi\u00e7o\/Feira Mineira de Artesanato de Tiradentes<\/strong><\/p>\n<p><strong>Local:<\/strong>\u00a0Centro de Conven\u00e7\u00f5es Sant\u00edssimo Resort &#8211; Rua dos Inconfidentes 140 \u2013 Centro de Tiradentes.<\/p>\n<p><strong>Hor\u00e1rios de funcionamento<\/strong>:<\/p>\n<p>30\/10 \u2013 Sexta-feira \u2013 16h \u00e0s 22h<\/p>\n<p>31\/10 \u2013 S\u00e1bado \u2013 10h \u00e0s 22h<\/p>\n<p>01\/11 \u2013 Domingo \u2013 10h \u00e0s 22h<\/p>\n<p>02\/11 \u2013 Segunda-feira \u2013 10h \u00e0s 19h<\/p>\n<p><strong>Entrada Gratuita<\/strong><\/p>\n","protected":false},"excerpt":{"rendered":"<p>O\u00a0Instituto de Desenvolvimento do Norte e Nordeste de Minas Gerais (Idene)\u00a0assinou conv\u00eanio com o Centro de Artesanato Mineiro (Ceart-MG), no valor de R$ 245 mil, para incentivar o artesanato dos Vales do Jequitinhonha, Mucuri, Rio Doce, S\u00e3o Mateus, Norte e Nordeste\u00a0de Minas Gerais. Os recursos ser\u00e3o destinados \u00e0 promo\u00e7\u00e3o, divulga\u00e7\u00e3o e comercializa\u00e7\u00e3o dos trabalhos feitos [&hellip;]<\/p>\n","protected":false},"author":4,"featured_media":71822,"comment_status":"open","ping_status":"closed","sticky":false,"template":"","format":"standard","meta":{"amp_status":"","footnotes":""},"categories":[123],"tags":[64491,64490,64489,64486,64487,64488,64485],"class_list":["post-71821","post","type-post","status-publish","format-standard","has-post-thumbnail","hentry","category-gerais","tag-ceart-mg","tag-centro-de-artesanato-mineiro","tag-governo-investe-na-divulgacao-e-na-comercializacao-do-artesanato-do-norte-de-minas","tag-governo-investe-na-divulgacao-e-na-comercializacao-do-artesanato-do-vale-do-jequitinhonha","tag-governo-investe-na-divulgacao-e-na-comercializacao-do-artesanato-do-vale-do-mucuri","tag-governo-investe-na-divulgacao-e-na-comercializacao-do-artesanato-do-vale-do-rio-doce","tag-governo-investe-na-divulgacao-e-na-comercializacao-do-artesanato-mineiro"],"_links":{"self":[{"href":"https:\/\/aconteceunovale.com.br\/portal\/index.php?rest_route=\/wp\/v2\/posts\/71821","targetHints":{"allow":["GET"]}}],"collection":[{"href":"https:\/\/aconteceunovale.com.br\/portal\/index.php?rest_route=\/wp\/v2\/posts"}],"about":[{"href":"https:\/\/aconteceunovale.com.br\/portal\/index.php?rest_route=\/wp\/v2\/types\/post"}],"author":[{"embeddable":true,"href":"https:\/\/aconteceunovale.com.br\/portal\/index.php?rest_route=\/wp\/v2\/users\/4"}],"replies":[{"embeddable":true,"href":"https:\/\/aconteceunovale.com.br\/portal\/index.php?rest_route=%2Fwp%2Fv2%2Fcomments&post=71821"}],"version-history":[{"count":0,"href":"https:\/\/aconteceunovale.com.br\/portal\/index.php?rest_route=\/wp\/v2\/posts\/71821\/revisions"}],"wp:featuredmedia":[{"embeddable":true,"href":"https:\/\/aconteceunovale.com.br\/portal\/index.php?rest_route=\/wp\/v2\/media\/71822"}],"wp:attachment":[{"href":"https:\/\/aconteceunovale.com.br\/portal\/index.php?rest_route=%2Fwp%2Fv2%2Fmedia&parent=71821"}],"wp:term":[{"taxonomy":"category","embeddable":true,"href":"https:\/\/aconteceunovale.com.br\/portal\/index.php?rest_route=%2Fwp%2Fv2%2Fcategories&post=71821"},{"taxonomy":"post_tag","embeddable":true,"href":"https:\/\/aconteceunovale.com.br\/portal\/index.php?rest_route=%2Fwp%2Fv2%2Ftags&post=71821"}],"curies":[{"name":"wp","href":"https:\/\/api.w.org\/{rel}","templated":true}]}}